{"id":803,"date":"2021-11-19T08:13:14","date_gmt":"2021-11-19T08:13:14","guid":{"rendered":"https:\/\/hodszolar.hu\/?p=803"},"modified":"2021-12-01T09:35:28","modified_gmt":"2021-12-01T09:35:28","slug":"100-os-tamogatas-emi-valaszai","status":"publish","type":"post","link":"https:\/\/dev.kompaktdesign.hu\/hodszolar.hu\/2021\/11\/19\/100-os-tamogatas-emi-valaszai\/","title":{"rendered":"100%-os t\u00e1mogat\u00e1s - \u00c9MI v\u00e1laszai - 1. r\u00e9sz"},"content":{"rendered":"\n<p><strong>1. A t\u00e1mogat\u00e1s m\u00e9rt\u00e9ke 100% is lehet. Ez azt jelenti, hogy lehet kevesebb is, ak\u00e1r a pontoz\u00e1s, ak\u00e1r m\u00e1s befoly\u00e1sol\u00f3 t\u00e9nyez\u0151 miatt vagy garant\u00e1lt a 100% a ki\u00edr\u00e1sban szerepl\u0151 \u00e9rt\u00e9khat\u00e1rokig?<\/strong><\/p>\n\n\n\n<p>\u201eA t\u00e1mogat\u00e1s maxim\u00e1lis m\u00e9rt\u00e9ke az elsz\u00e1molhat\u00f3 k\u00f6lts\u00e9g 100%-a.\u201d<\/p>\n\n\n\n<p>\u201eA Nemzeti Hat\u00f3s\u00e1g vezet\u0151je a p\u00e1ly\u00e1zat t\u00e1mogat\u00e1s\u00e1r\u00f3l vagy cs\u00f6kkentett \u00f6sszk\u00f6lts\u00e9ggel, cs\u00f6kkentett m\u00e9rt\u00e9kkel, illetve felt\u00e9tellel t\u00f6rt\u00e9n\u0151 t\u00e1mogat\u00e1s\u00e1r\u00f3l vagy a p\u00e1ly\u00e1zat elutas\u00edt\u00e1s\u00e1r\u00f3l d\u00f6nt.<\/p>\n\n\n\n<p>A Nemzeti Hat\u00f3s\u00e1g a p\u00e1ly\u00e1zatr\u00f3l szakaszos elb\u00edr\u00e1l\u00e1s keret\u00e9ben a felh\u00edv\u00e1sban r\u00f6gz\u00edtett szakasz z\u00e1r\u00e1s\u00e1t\u00f3l sz\u00e1m\u00edtott harminc napon bel\u00fcl d\u00f6nt.<\/p>\n\n\n\n<p>Ha a p\u00e1ly\u00e1zati elj\u00e1r\u00e1s sor\u00e1n, vagy a T\u00e1mogat\u00f3i Okirat kiad\u00e1s\u00e1t k\u00f6vet\u0151en meg\u00e1llap\u00edt\u00e1sra ker\u00fcl, hogy a P\u00e1ly\u00e1z\u00f3 jav\u00e1ra, a jogszab\u00e1lyok, vagy a P\u00e1ly\u00e1zati Felh\u00edv\u00e1s megs\u00e9rt\u00e9se ellen\u00e9re a Lebonyol\u00edt\u00f3 szerv pozit\u00edv Lebonyol\u00edt\u00f3i d\u00f6nt\u00e9st hozott, (ide\u00e9rtve a Lebonyol\u00edt\u00f3 szerv t\u00e9ved\u00e9s\u00e9t is), \u00fagy a T\u00e1mogat\u00f3 jogosult a t\u00e1mogat\u00e1si d\u00f6nt\u00e9s visszavon\u00e1s\u00e1ra, vagy a T\u00e1mogat\u00f3i Okiratt\u00f3l val\u00f3 el\u00e1ll\u00e1sra.\u201d<\/p>\n\n\n\n<p>\u201eAzon esetben, ha a beruh\u00e1z\u00e1s elsz\u00e1molhat\u00f3 tev\u00e9kenys\u00e9gekhez kapcsol\u00f3d\u00f3 k\u00f6lts\u00e9gh\u00e1nyada a T\u00e1mogat\u00f3i Okiratban r\u00f6gz\u00edtetthez k\u00e9pest cs\u00f6kken, abban az esetben a Kedvezm\u00e9nyezett kiz\u00e1r\u00f3lag az ar\u00e1nyosan cs\u00f6kkentett t\u00e1mogat\u00e1si \u00f6sszeg ig\u00e9nyl\u00e9s\u00e9re jogosult.\u201d<\/p>\n\n\n\n<p><strong>2. A napelem n\u00e9vleges teljes\u00edtm\u00e9nye maximum 20%-kal haladhatja meg az inverter teljes\u00edtm\u00e9ny\u00e9t, azonban ez igaz ford\u00edtva is? (P\u00e9ld\u00e1ul egy 3 KWp napelem teljes\u00edtm\u00e9nyhez van lehet\u0151s\u00e9g egy 3,6 KW-os invertert tervezni?)<\/strong><\/p>\n\n\n\n<p>Ezzel a k\u00e9rd\u00e9ssel kapcsolatban jelenleg nem \u00e1ll rendelkez\u00e9sre inform\u00e1ci\u00f3, a T\u00e1mogat\u00f3 szervt\u0151l m\u00e9g nem kaptunk \u00e1ll\u00e1sfoglal\u00e1st. K\u00e9rj\u00fck a t\u00fcrelm\u00e9t, \u00e9s k\u00f6vesse figyelemmel a <a href=\"http:\/\/www.palyazat.gov.hu\" target=\"_blank\" rel=\"noreferrer noopener\"><strong>napelem.palyazat.gov.hu<\/strong><\/a> honlapon megjelen\u0151 k\u00f6zlem\u00e9nyeket, friss\u00edt\u00e9seket.<\/p>\n\n\n\n<p><strong>3. Lehets\u00e9ges 5 KWp napelem mell\u00e9 p\u00e9ld\u00e1ul egy 6 KW-os inverter? Vagy az 5 KW-os hat\u00e1r \u00e9rv\u00e9nyes az inverterre is?<\/strong><\/p>\n\n\n\n<p>Ezzel a k\u00e9rd\u00e9ssel kapcsolatban jelenleg nem \u00e1ll rendelkez\u00e9sre inform\u00e1ci\u00f3, a T\u00e1mogat\u00f3 szervt\u0151l m\u00e9g nem kaptunk \u00e1ll\u00e1sfoglal\u00e1st. K\u00e9rj\u00fck a t\u00fcrelm\u00e9t, \u00e9s k\u00f6vesse figyelemmel a <a href=\"http:\/\/www.palyazat.gov.hu\" target=\"_blank\" rel=\"noreferrer noopener\"><strong>napelem.palyazat.gov.hu<\/strong><\/a> honlapon megjelen\u0151 k\u00f6zlem\u00e9nyeket, friss\u00edt\u00e9seket.<\/p>\n\n\n\n<p><strong>4. Sz\u00fcks\u00e9ges-e mindenk\u00e9pp m\u0171szaki ellen\u0151r mindk\u00e9t m\u0171szaki csomag eset\u00e9n?<\/strong><\/p>\n\n\n\n<p>Az \u201e32. alkalmazott m\u0171szaki ellen\u0151r k\u00f6lts\u00e9ge\u201d a \u201e3.9 NEM ELSZ\u00c1MOLHAT\u00d3 K\u00d6LTS\u00c9GEK K\u00d6RE\u201d-be tartozik.<\/p>\n\n\n\n<p>A P\u00e1ly\u00e1zati Ki\u00edr\u00e1s alapj\u00e1n m\u0171szaki ellen\u0151r vagy felel\u0151s m\u0171szaki vezet\u0151 alkalmaz\u00e1sa nem sz\u00fcks\u00e9ges.<\/p>\n\n\n\n<p><strong>5. Sz\u00fcks\u00e9ges-e mindenk\u00e9pp felel\u0151s<\/strong> <strong>m\u0171szaki vezet\u0151 mindk\u00e9t m\u0171szaki csomag eset\u00e9n?<\/strong><\/p>\n\n\n\n<p>Az \u201e32. alkalmazott m\u0171szaki ellen\u0151r k\u00f6lts\u00e9ge\u201d a \u201e3.9 NEM ELSZ\u00c1MOLHAT\u00d3 K\u00d6LTS\u00c9GEK K\u00d6RE\u201d-be tartozik.<\/p>\n\n\n\n<p>A P\u00e1ly\u00e1zati Ki\u00edr\u00e1s alapj\u00e1n m\u0171szaki ellen\u0151r vagy felel\u0151s m\u0171szaki vezet\u0151 alkalmaz\u00e1sa nem sz\u00fcks\u00e9ges.<\/p>\n\n\n\n<p><strong>6. A f\u0171t\u00e9skorszer\u0171s\u00edt\u00e9si csomag eset\u00e9n, az energetikus sz\u00e1molja ki a megval\u00f3s\u00edt\u00e1sra ker\u00fcl\u0151 f\u0171t\u00e9si rendszer energiaig\u00e9ny\u00e9t \u00e9s erre tervezhet a napelemes rendszer kivitelez\u0151je?<\/strong><\/p>\n\n\n\n<p>A regisztr\u00e1lt kivitelez\u0151ket terheli a felel\u0151ss\u00e9g, hogy a P\u00e1ly\u00e1zati felh\u00edv\u00e1sban meghat\u00e1rozott m\u0171szaki tartalmakat, a ki\u00edr\u00e1snak \u00e9s a ki\u00edr\u00e1sban foglalt tov\u00e1bbi jogszab\u00e1lyoknak megfelel\u0151en val\u00f3s\u00edtsa meg.<\/p>\n\n\n\n<p><strong>7. Mindk\u00e9t m\u0171szaki csomag eset\u00e9n elsz\u00e1molhat\u00f3 energetikai tervez\u00e9s brutt\u00f3 333&nbsp;375 Ft \u00e9rt\u00e9kben, azonban nincs r\u00e9szletezve, hogy ez pontosan mit takar. Itt milyen t\u00e9teleket lehet elsz\u00e1molni?<\/strong><\/p>\n\n\n\n<p>Energetikai tervez\u00e9s alatt a beruh\u00e1z\u00e1st t\u00e1mogat\u00f3, ahhoz szorosan kapcsol\u00f3d\u00f3 egy\u00e9b m\u00e9rn\u00f6ki tev\u00e9kenys\u00e9get \u00e9rtj\u00fck, melynek eredm\u00e9nye dokument\u00e1lhat\u00f3. Ha csup\u00e1n napelemre szeretne p\u00e1ly\u00e1zni, nem sz\u00fcks\u00e9ges energetikai tervez\u00e9s, sem energetikai tan\u00fas\u00edtv\u00e1ny. (Kiv\u00e9ve, ha nem tudja igazolni a fogyaszt\u00e1s\u00e1t). Akkor sz\u00fcks\u00e9ges energetikai tan\u00fas\u00edtv\u00e1ny, ha a f\u0171t\u00e9skorszer\u0171s\u00edt\u00e9st is meg k\u00edv\u00e1nja val\u00f3s\u00edtani.<\/p>\n\n\n\n<p><strong>8. Az energetikai tan\u00fas\u00edtv\u00e1ny k\u00e9sz\u00edt\u00e9se (1 db): 24.720 forint \u00e9rt\u00e9kben elsz\u00e1molhat\u00f3, azonban ha j\u00f3l \u00e9rtelmezz\u00fck, akkor sz\u00fcks\u00e9ges egy energetikai tan\u00fas\u00edtv\u00e1ny a beruh\u00e1z\u00e1s el\u0151tti \u00e9s a beruh\u00e1z\u00e1s ut\u00e1ni \u00e1llapotot bemutatva. A 24&nbsp;720 Ft a darab<\/strong> <strong>\u00e1r vagy \u00f6sszesen csak 1 tan\u00fas\u00edtv\u00e1nyt lehet elsz\u00e1molni a p\u00e1ly\u00e1zaton bel\u00fcl a sz\u00fcks\u00e9ges kett\u0151b\u0151l?<\/strong><\/p>\n\n\n\n<p>\u201eA tervezett beruh\u00e1z\u00e1s el\u0151tti \u00e9s ut\u00e1ni \u00e1llapotra vonatkoz\u00f3 k\u00e9t darab energetikai tan\u00fas\u00edtv\u00e1ny elk\u00e9sz\u00edt\u00e9si k\u00f6lts\u00e9ge kiz\u00e1r\u00f3lag a 2.1.2 pontban r\u00e9szletezett m\u0171szaki tartalom megval\u00f3s\u00edt\u00e1sa eset\u00e9n sz\u00e1molhat\u00f3 el.\u201d<\/p>\n\n\n\n<p><strong>9. A p\u00e1ly\u00e1zat beny\u00fajt\u00e1s\u00e1hoz sz\u00fcks\u00e9ges energetikai tan\u00fas\u00edtv\u00e1ny mikori lehet, hogy azt el lehessen sz\u00e1molni \u00e9s ne ker\u00fclj\u00f6n kiz\u00e1r\u00e1sra? (a beny\u00fajt\u00e1s el\u0151tti, ez\u00e1ltal \u201emegkezdett projektnek\u201d sz\u00e1m\u00edt?)<\/strong><\/p>\n\n\n\n<p>A p\u00e1ly\u00e1zat bead\u00e1s\u00e1hoz sz\u00fcks\u00e9ges energetikai tan\u00fas\u00edtv\u00e1nyt a p\u00e1ly\u00e1zat bead\u00e1s\u00e1t\u00f3l sz\u00e1molt 2 \u00e9vn\u00e9l nem r\u00e9gebbi fogadhat\u00f3 el. Ennek elk\u00e9sz\u00edt\u00e9se nem min\u0151s\u00fcl megkezd\u00e9snek.<\/p>\n\n\n\n<p><strong>10. \u00daj ingatlan eset\u00e9n k\u00e9sz\u00fclt energetikai tan\u00fas\u00edtv\u00e1ny, amely nincs egy \u00e9ves. Ebben az esetben van sz\u00fcks\u00e9g \u00fajra k\u00f6zvetlen a bead\u00e1st megel\u0151z\u0151en vagy elfogadhat\u00f3 a kor\u00e1bbi? (Term\u00e9szetesen akkor nem ker\u00fclne elsz\u00e1mol\u00e1sra)<\/strong><\/p>\n\n\n\n<p>A p\u00e1ly\u00e1zat bead\u00e1s\u00e1hoz sz\u00fcks\u00e9ges energetikai tan\u00fas\u00edtv\u00e1nyt a p\u00e1ly\u00e1zat bead\u00e1s\u00e1t\u00f3l sz\u00e1molt 2 \u00e9vn\u00e9l nem r\u00e9gebbi fogadhat\u00f3 el.<\/p>\n\n\n\n<p><strong>11. Az 5 kWp n\u00e9vleges teljes\u00edtm\u00e9nyhez (napelem), van lehet\u0151s\u00e9g egy nagyobb (ak\u00e1r 10 KW-os) inverter telep\u00edt\u00e9s\u00e9re, ha a k\u00fcl\u00f6nb\u00f6zet \u00f6ner\u0151k\u00e9nt ker\u00fcl elsz\u00e1mol\u00e1sra?<\/strong><\/p>\n\n\n\n<p>Ezzel a k\u00e9rd\u00e9ssel kapcsolatban jelenleg nem \u00e1ll rendelkez\u00e9sre inform\u00e1ci\u00f3, a T\u00e1mogat\u00f3 szervt\u0151l m\u00e9g nem kaptunk \u00e1ll\u00e1sfoglal\u00e1st. K\u00e9rj\u00fck a t\u00fcrelm\u00e9t, \u00e9s k\u00f6vesse figyelemmel a <a href=\"http:\/\/www.palyazat.gov.hu\" target=\"_blank\" rel=\"noreferrer noopener\"><strong>napelem.palyazat.gov.hu<\/strong><\/a> honlapon megjelen\u0151 k\u00f6zlem\u00e9nyeket, friss\u00edt\u00e9seket.<\/p>\n\n\n\n<p><strong>12. Van lehet\u0151s\u00e9g napelemes rendszer telep\u00edt\u00e9s\u00e9re, abban az esetben, ha a napelemek egy olyan \u00e9p\u00fcletre ker\u00fcln\u00e9nek telep\u00edt\u00e9sre, amely nem lett k\u00fcl\u00f6n enged\u00e9lyeztetve, ez\u00e1ltal nem szerepel a t\u00e9rk\u00e9pm\u00e1solaton?<\/strong><\/p>\n\n\n\n<p>Felszerelhet\u0151 a napelem m\u00e1s \u00e9p\u00fcletre, amennyiben az ingatlannal egy helyrajzi sz\u00e1mon helyezkedik el, \u00e9s az \u00e9p\u00fclet m\u0171szakilag megfelel a napelemes rendszer fogad\u00e1s\u00e1ra.<\/p>\n\n\n\n<p><strong>13. Hogyan sz\u00fcks\u00e9ges \u00e9rtelmezni, hogy \u201eleveg\u0151 \u2013 leveg\u0151 h\u0151szivatty\u00fa szett (1 k\u00fclt\u00e9ri \u00e9s 4 belt\u00e9ri egys\u00e9g, beszerel\u00e9ssel): 1.148.067 forint; leveg\u0151 \u2013 leveg\u0151 h\u0151szivatty\u00fa maxim\u00e1lis elsz\u00e1molhat\u00f3 k\u00f6lts\u00e9ge 1 ingatlanban (anyag \u00e9s munkad\u00edj): 2.296.134 forint\u201d? Kiz\u00e1r\u00f3lag ebben a megval\u00f3s\u00edt\u00e1sban (1 k\u00fclt\u00e9ri \u00e9s 4 belt\u00e9ri egys\u00e9g) van lehet\u0151s\u00e9g kl\u00edma telep\u00edt\u00e9s\u00e9re vagy ezt lehet szabadon vari\u00e1lni, a maxim\u00e1lis 2&nbsp;296&nbsp;134 Ft-ig, ak\u00e1r t\u00f6bb k\u00fclt\u00e9ri egys\u00e9ggel is?<\/strong><\/p>\n\n\n\n<p>Amennyiben leveg\u0151 \u2013 leveg\u0151 h\u0151szivatty\u00fa szett (1 k\u00fclt\u00e9ri \u00e9s 4 belt\u00e9ri egys\u00e9g, beszerel\u00e9ssel) ker\u00fcl felszerel\u00e9sre, abban az esetben a szettnek 1.148.067.- forint a maxim\u00e1lis elsz\u00e1molhat\u00f3 fajlagos k\u00f6lts\u00e9ge, de h\u0151szivatty\u00fas beruh\u00e1z\u00e1sokra \u00f6sszess\u00e9g\u00e9ben maxim\u00e1lisan 2.296.134 forint sz\u00e1molhat\u00f3 el egy ingatlanban (ez k\u00e9t szett \u00e1ra a sz\u00e1m\u00edt\u00e1sok szerint). Amennyiben ett\u0151l az \u201e1+4 szett\u201d m\u0171szaki tartalomt\u00f3l elt\u00e9rnek, akkor a h\u0151szivatty\u00fas beruh\u00e1z\u00e1sokra \u00f6sszess\u00e9g\u00e9ben maxim\u00e1lisan 2.296.134 forint sz\u00e1molhat\u00f3 el egy ingatlanban.<\/p>\n\n\n\n<p><strong>14. A 18. \u00e9v alatti gyermek \u00e9s j\u00e1r\u00e1s fejletts\u00e9ge alapj\u00e1n kaphat\u00f3 pontok befoly\u00e1solnak a k\u00e9relmek sorrendj\u00e9n k\u00edv\u00fcl b\u00e1rmit vagy hasonl\u00f3 es\u00e9llyel indulhat ak\u00e1r egy gyermektelen csal\u00e1d is?<\/strong><\/p>\n\n\n\n<p>\u201cAzok a p\u00e1ly\u00e1zatok r\u00e9szes\u00fclhetnek t\u00e1mogat\u00e1sban, amelyek a tartalmi \u00e9rt\u00e9kel\u00e9sen minden \u00e9rt\u00e9kel\u00e9si szempontra megfelelt vagy nem relev\u00e1ns min\u0151s\u00edt\u00e9st kapnak. Az egyes szakaszokra beny\u00fajtott p\u00e1ly\u00e1zatokat a tartalmi \u00e9rt\u00e9kel\u00e9sen kapott pontsz\u00e1m alapj\u00e1n cs\u00f6kken\u0151 sorrendbe sz\u00fcks\u00e9ges rendezni. A rendelkez\u00e9sre \u00e1ll\u00f3 t\u00e1mogat\u00e1si keretet a tartalmi \u00e9rt\u00e9kel\u00e9sen minden szempontra megfelelt vagy nem relev\u00e1ns min\u0151s\u00edt\u00e9st kapott p\u00e1ly\u00e1zatok k\u00f6z\u00f6tt sz\u00fcks\u00e9ges felosztani, a pontsz\u00e1m szerint fel\u00e1ll\u00edtott sorrend alapj\u00e1n.\u201d<\/p>\n\n\n\n<p>A pontoz\u00e1s tov\u00e1bbi r\u00e9szleteit illet\u0151en \u00fcgyf\u00e9lszolg\u00e1latunk nem rendelkezik egy\u00e9b inform\u00e1ci\u00f3val.<\/p>\n\n\n\n<p><strong>15. A ny\u00edl\u00e1sz\u00e1r\u00f3k megfelel\u00e9se szempontj\u00e1b\u00f3l kiz\u00e1r\u00f3lag a lak\u00f3ingatlant veszik figyelembe vagy minden azonos helyrajzi sz\u00e1mmal rendelkez\u0151 \u00e9p\u00fcletet?<\/strong><\/p>\n\n\n\n<p>\u201ekiz\u00e1r\u00f3lag \u00e1lland\u00f3 lakhat\u00e1si c\u00e9llal \u00e9p\u00fclt lak\u00f3ingatlanok korszer\u0171s\u00edt\u00e9se t\u00e1mogathat\u00f3\u201d<\/p>\n\n\n\n<p>T\u00e1j\u00e9koztatjuk, hogy a lak\u00f3funkci\u00f3t ell\u00e1t\u00f3 \u00e9p\u00fcletr\u00e9szt \u00f6sszes f\u0171t\u00f6tt \u00e9s f\u0171tetlen teret elv\u00e1laszt\u00f3 ny\u00edl\u00e1sz\u00e1r\u00f3j\u00e1t cser\u00e9lni sz\u00fcks\u00e9ges.<\/p>\n\n\n\n<p><strong>16. Az akkumul\u00e1tor m\u00e9retez\u00e9s\u00e9ben kinek a sz\u00e1m\u00edt\u00e1s\u00e1t veszik figyelembe?<\/strong><\/p>\n\n\n\n<p>Helysz\u00edni felm\u00e9r\u00e9st k\u00f6vet\u0151en, az adott ingatlan param\u00e9terei alapj\u00e1n \u00e1llap\u00edthat\u00f3 meg a kivitelez\u0151 \u00e1ltal.<\/p>\n\n\n\n<p><strong>17. A m\u00e1sodik m\u0171szaki csomag ig\u00e9nybev\u00e9tele eset\u00e9n a f\u0171t\u00e9si rendszer<\/strong> <strong>kiv\u00e1lt\u00e1s\u00e1nak az is felt\u00e9tele, hogy a megl\u00e9v\u0151 f\u0171t\u00e9si rendszert teljesen megsz\u00fcntess\u00fck vagy emellett bek\u00f6tve maradhat p\u00e9ld\u00e1ul a g\u00e1z, megmaradhat a g\u00e1zkaz\u00e1nunk, stb?<\/strong><\/p>\n\n\n\n<p>A p\u00e1ly\u00e1zat c\u00e9lja, hogy a jelenleg meglev\u0151, a most kialak\u00edtand\u00f3 f\u0171t\u00e9si rendszern\u00e9l v\u00e9lhet\u0151en korszer\u0171tlenebb rendszert modernebb, energiahat\u00e9konyabb rendszerrel v\u00e1ltsa ki a P\u00e1ly\u00e1z\u00f3. \u00cdgy a most be\u00e9p\u00edtett rendszernek sz\u00fcks\u00e9ges az els\u0151dleges rendszernek lennie, amit els\u0151dlegesk\u00e9nt is kell haszn\u00e1lni. A T\u00e1mogat\u00f3 \u00e1ll\u00e1spontja \u00e9rtelm\u00e9ben a jelenlegi f\u0171t\u00e9srendszert nem sz\u00fcks\u00e9ges elt\u00e1vol\u00edtani, kiszerelni, kik\u00f6tni, de a Felh\u00edv\u00e1s elv\u00e1r\u00e1sait sz\u00fcks\u00e9ges figyelembe venni a mindennapi haszn\u00e1lat sor\u00e1n.<\/p>\n\n\n\n<p><strong>18. Amennyiben megl\u00e9v\u0151 napelemes rendszert szeretn\u00e9nk b\u0151v\u00edteni a m\u00e1sodik, f\u0171t\u00e9skorszer\u0171s\u00edt\u00e9si csomag kapacit\u00e1shat\u00e1r\u00e1ig, abban az esetben is v\u00e1ltozik az \u00e1ramszolg\u00e1ltat\u00f3val t\u00f6rt\u00e9n\u0151 elsz\u00e1mol\u00e1s szald\u00f3r\u00f3l?<\/strong><\/p>\n\n\n\n<p>A p\u00e1ly\u00e1zati felh\u00edv\u00e1s meghirdet\u00e9sekor a h\u00e1ztart\u00e1si m\u00e9ret\u0171 kiser\u0151m\u0171vekre vonatkoz\u00f3an \u00fagynevezett nett\u00f3 szald\u00f3 elsz\u00e1mol\u00e1s van \u00e9rv\u00e9nyben, mindazon\u00e1ltal Kedvezm\u00e9nyezett a p\u00e1ly\u00e1zati k\u00e9relem beny\u00fajt\u00e1s\u00e1val v\u00e1llalja, hogy az elsz\u00e1mol\u00e1si m\u00f3d v\u00e1ltoz\u00e1sa eset\u00e9n az \u00faj elsz\u00e1mol\u00e1st alkalmazza. A 2.1.2 pont szerinti m\u0171szaki tartalom v\u00e1laszt\u00e1sa eset\u00e9n a k\u00e9sz\u00edtend\u0151 energetikai tan\u00fas\u00edtv\u00e1nyok alapj\u00e1n meg\u00e1llap\u00edtott energiamegtakar\u00edt\u00e1s \u00e9rt\u00e9k\u00e9t a Kedvezm\u00e9nyezett ellen\u00e9rt\u00e9k fej\u00e9ben nem \u00e9rt\u00e9kes\u00edtheti. Teh\u00e1t a fent nevezett v\u00e1llal\u00e1s arra vonatkozik, hogy az elsz\u00e1mol\u00e1s v\u00e1ltoz\u00e1sa eset\u00e9n sz\u00fcks\u00e9ges az \u00faj elsz\u00e1mol\u00e1st alkalmazni.<\/p>\n\n\n\n<p><strong>19. \u201ekiz\u00e1r\u00f3lag olyan h\u00e1ztart\u00e1si t\u00e1rol\u00f3egys\u00e9gek \u00e9s inverterek sz\u00e1molhat\u00f3k el, melyek eszk\u00f6zoldalr\u00f3l alkalmasak arra, hogy a k\u00e9s\u0151bbiekben a villamos energi\u00e1r\u00f3l sz\u00f3l\u00f3 t\u00f6rv\u00e9ny felhatalmaz\u00e1sa alapj\u00e1n elj\u00e1r\u00f3 szervezet (pl. eloszt\u00f3i enged\u00e9lyes t\u00e1rsas\u00e1g, aggreg\u00e1tor) t\u00e1volr\u00f3l tudja azokat vez\u00e9relni, szab\u00e1lyozni\u201d Eg\u00e9sz pontosan milyen t\u00e1vvez\u00e9rl\u00e9st kell tudnia az inverternek?<\/strong><\/p>\n\n\n\n<p>K\u00e9r\u00e9s\u00e9re v\u00e1laszul&nbsp;t\u00e1j\u00e9koztatjuk,&nbsp;hogy a P\u00e1ly\u00e1zati Felh\u00edv\u00e1s 2.1 pontja \u00e9rtelm\u00e9ben \u201ekiz\u00e1r\u00f3lag olyan h\u00e1ztart\u00e1si t\u00e1rol\u00f3egys\u00e9gek \u00e9s inverterek sz\u00e1molhat\u00f3k el, melyek eszk\u00f6zoldalr\u00f3l alkalmasak arra, hogy a k\u00e9s\u0151bbiekben a villamos energi\u00e1r\u00f3l sz\u00f3l\u00f3 t\u00f6rv\u00e9ny felhatalmaz\u00e1sa alapj\u00e1n elj\u00e1r\u00f3 szervezet (pl. eloszt\u00f3i enged\u00e9lyes t\u00e1rsas\u00e1g, aggreg\u00e1tor) t\u00e1volr\u00f3l tudja azokat vez\u00e9relni, szab\u00e1lyozni;\u201d<\/p>\n\n\n\n<p><strong>20. A 2.1.2. pont szerinti akkumul\u00e1toros energiat\u00e1rol\u00f3nak, illetve az energiat\u00e1rol\u00f3val szerelt napelemes rendszernek az al\u00e1bbi minim\u00e1lis m\u0171szaki felt\u00e9teleknek kell megfelelni: minimum 10 \u00e9v vagy 6000 t\u00f6lt\u00e9si-mer\u00edt\u00e9si ciklus \u00e9lettartam. Ez azt jelenti, hogy egy napelemes rendszer minden elem\u00e9re legal\u00e1bb 10 \u00e9v garanci\u00e1t sz\u00fcks\u00e9ges v\u00e1llalnia a gy\u00e1rt\u00f3nak \u00e9s emellett 10 \u00e9v kivitelez\u00e9si garanci\u00e1t is sz\u00fcks\u00e9ges v\u00e1llalnia a v\u00e1llalkoz\u00f3nak?<\/strong><\/p>\n\n\n\n<p>&nbsp;\u201eFelh\u00edvjuk arra a figyelmet, hogy a lakoss\u00e1gi p\u00e1ly\u00e1zaton nyertes szem\u00e9lyekkel k\u00f6tend\u0151 V\u00e1llalkoz\u00e1si szerz\u0151d\u00e9sben a be\u00e9p\u00edtett napelemes rendszer eg\u00e9sz\u00e9re legal\u00e1bb 10 \u00e9ves, egy\u00e9b be\u00e9p\u00edtett rendszer eset\u00e9n pedig legal\u00e1bb 2 \u00e9ves szavatoss\u00e1got \u00e9s j\u00f3t\u00e1ll\u00e1st sz\u00fcks\u00e9ges v\u00e1llalni. A kivitelez\u0151i munka z\u00e1r\u00e1sak\u00e9nt a teljes m\u0171szaki dokument\u00e1ci\u00f3 \u00e1tadand\u00f3 a mag\u00e1nszem\u00e9ly r\u00e9sz\u00e9re az \u00e1tad\u00e1s-\u00e1tv\u00e9teli dokumentumokkal egy\u00fcttesen.\u201d<\/p>\n\n\n\n<p><strong>21. Tany\u00e1ra vehet\u0151 fel t\u00e1mogat\u00e1s, ha a tulajdoni lap szerint lak\u00f3\u00e9p\u00fcletre t\u00f6rt\u00e9nne a beruh\u00e1z\u00e1s?<\/strong><\/p>\n\n\n\n<p>A p\u00e1ly\u00e1zati felh\u00edv\u00e1s \u00e1lland\u00f3 lakhat\u00e1si c\u00e9lra \u00e9p\u00fclt \u00e9p\u00fcletekre vonatkozik. Amennyiben a tanya \u00e1ramszolg\u00e1ltat\u00e1ssal \u00e9rintett, illetve a beruh\u00e1z\u00e1st k\u00f6vet\u0151en lakott\u00e1 v\u00e1lik, abban az esetben az egy\u00e9b felt\u00e9telek betart\u00e1sa eset\u00e9n korszer\u0171s\u00edt\u00e9se vonatkoz\u00e1s\u00e1ban t\u00e1mogat\u00e1s ig\u00e9nyelhet\u0151.<\/p>\n\n\n\n<p>Amennyiben nem lak\u00f3ingatlan szerepel a tulajdoni lapon, akkor igazolni sz\u00fcks\u00e9ges, hogy az \u00e9p\u00fclet \u00e1lland\u00f3 lakhat\u00e1si c\u00e9lt szolg\u00e1l, haszn\u00e1latbav\u00e9teli (lakhat\u00e1si) enged\u00e9llyel vagy egy\u00e9b bizony\u00edt\u00f3 erej\u0171 dokumentummal (jegyz\u0151, \u00e9p\u00edt\u00e9si hat\u00f3s\u00e1g stb. \u00e1ltal ki\u00e1ll\u00edtott hivatalos dokumentum).<\/p>\n\n\n\n<p><strong>22. Akinek f\u00e1zisb\u0151v\u00edt\u00e9sre van sz\u00fcks\u00e9ge, az szenved b\u00e1rmilyen<\/strong> <strong>h\u00e1tr\u00e1nyban<\/strong> <strong>azzal szemben, akinek nincs r\u00e1 sz\u00fcks\u00e9ge?<\/strong><\/p>\n\n\n\n<p>Ez \u00fcgyben \u00e9rdemes a szolg\u00e1ltat\u00f3n\u00e1l el\u0151re t\u00e1j\u00e9koz\u00f3dni.<\/p>\n\n\n\n<p><strong>23. Van lehet\u0151s\u00e9ge visszal\u00e9pnie a kivitelez\u0151nek abban az esetben, ha az \u00e1ramszolg\u00e1ltat\u00f3 miatt elh\u00faz\u00f3dik az enged\u00e9lyeztet\u00e9s folyamata \u00e9s kev\u00e9s es\u00e9ly marad, hogy belef\u00e9rjen az adott hat\u00e1rid\u0151be (14 vagy 18 h\u00f3nap)?<\/strong><\/p>\n\n\n\n<p>K\u00e9r\u00e9s\u00e9re v\u00e1laszul&nbsp;t\u00e1j\u00e9koztatjuk,&nbsp;hogy amennyiben a p\u00e1ly\u00e1zat beny\u00fajt\u00e1sa sor\u00e1n becsatolt V\u00e1llalkoz\u00e1si szerz\u0151d\u00e9s b\u00e1rmely okb\u00f3l felbont\u00e1sra ker\u00fcl, abban az esetben az elsz\u00e1mol\u00e1shoz mell\u00e9kelend\u0151 a k\u00e9toldal\u00faan al\u00e1\u00edrt szerz\u0151d\u00e9smegsz\u00fcntet\u00e9sre ir\u00e1nyul\u00f3 dokumentum, illetve az \u00faj Kivitelez\u0151vel k\u00f6t\u00f6tt 6. sz\u00e1m\u00fa mell\u00e9kletnek megfelel\u0151 V\u00e1llalkoz\u00e1si szerz\u0151d\u00e9s, tov\u00e1bb\u00e1 az annak mell\u00e9klet\u00e9t k\u00e9pez\u0151 online fel\u00fcleten \u00f6ssze\u00e1ll\u00edtott, al\u00e1\u00edrt k\u00f6lts\u00e9gvet\u00e9s is.<\/p>\n\n\n\n<p>A szerz\u0151d\u00e9s megsz\u00fcntet\u00e9se abban az esetben lehets\u00e9ges, ha a szerz\u0151d\u00e9s megsz\u00fcntet\u00e9se k\u00e9toldal\u00fa, vagyis mindk\u00e9t f\u00e9l r\u00e9sz\u00e9r\u0151l j\u00f3v\u00e1hagyott. Ha valamilyen nem teljes\u00edt\u00e9s vagy egy\u00e9b probl\u00e9ma miatt d\u00f6nt \u00fagy az egyik f\u00e9l, hogy szerz\u0151d\u00e9st bontanak, akkor ez T\u00e1mogat\u00f3 Okirat m\u00f3dos\u00edt\u00e1st is von maga ut\u00e1n. &nbsp;A T\u00e1mogat\u00f3i Okirat r\u00f6gz\u00edti a kivitelez\u0151 v\u00e1llalkoz\u00e1st is, ez\u00e9rt sz\u00fcks\u00e9ges ilyen esetben m\u00f3dos\u00edtani.<br>Viszont abban az esetben, ha m\u00e1r a szerz\u0151d\u00e9shez valamilyen el\u0151legig\u00e9nyl\u00e9s vagy teljes\u00edt\u00e9s is t\u00e1rsul, akkor a kivitelez\u0151 v\u00e1lt\u00e1ssal egy t\u00e1mogat\u00f3i \u00f6sszeg visszafizet\u00e9se is tartozik.<\/p>\n","protected":false},"excerpt":{"rendered":"<p>1. A t\u00e1mogat\u00e1s m\u00e9rt\u00e9ke 100% is lehet. Ez azt jelenti, hogy lehet kevesebb is, ak\u00e1r a pontoz\u00e1s, ak\u00e1r m\u00e1s befoly\u00e1sol\u00f3 t\u00e9nyez\u0151 miatt vagy garant\u00e1lt a 100% a ki\u00edr\u00e1sban szerepl\u0151 \u00e9rt\u00e9khat\u00e1rokig? \u201eA t\u00e1mogat\u00e1s maxim\u00e1lis m\u00e9rt\u00e9ke az elsz\u00e1molhat\u00f3 k\u00f6lts\u00e9g 100%-a.\u201d \u201eA Nemzeti Hat\u00f3s\u00e1g vezet\u0151je a p\u00e1ly\u00e1zat t\u00e1mogat\u00e1s\u00e1r\u00f3l vagy cs\u00f6kkentett \u00f6sszk\u00f6lts\u00e9ggel, cs\u00f6kkentett m\u00e9rt\u00e9kkel, illetve felt\u00e9tellel t\u00f6rt\u00e9n\u0151 t\u00e1mogat\u00e1s\u00e1r\u00f3l vagy [&hellip;]<\/p>\n","protected":false},"author":3,"featured_media":804,"comment_status":"open","ping_status":"open","sticky":false,"template":"","format":"standard","meta":{"footnotes":""},"categories":[1],"tags":[],"class_list":["post-803","post","type-post","status-publish","format-standard","has-post-thumbnail","hentry","category-egyeb"],"yoast_head":"<!-- This site is optimized with the Yoast SEO plugin v19.5.1 - https:\/\/yoast.com\/wordpress\/plugins\/seo\/ -->\n<title>100%-os t\u00e1mogat\u00e1s - \u00c9MI v\u00e1laszai - 1. r\u00e9sz | H\u00f3dszol\u00e1r<\/title>\n<meta name=\"robots\" content=\"noindex, follow, max-snippet:-1, max-image-preview:large, max-video-preview:-1\" \/>\n<meta property=\"og:locale\" content=\"hu_HU\" \/>\n<meta property=\"og:type\" content=\"article\" \/>\n<meta property=\"og:title\" content=\"100%-os t\u00e1mogat\u00e1s - \u00c9MI v\u00e1laszai - 1. r\u00e9sz | H\u00f3dszol\u00e1r\" \/>\n<meta property=\"og:description\" content=\"1. A t\u00e1mogat\u00e1s m\u00e9rt\u00e9ke 100% is lehet. Ez azt jelenti, hogy lehet kevesebb is, ak\u00e1r a pontoz\u00e1s, ak\u00e1r m\u00e1s befoly\u00e1sol\u00f3 t\u00e9nyez\u0151 miatt vagy garant\u00e1lt a 100% a ki\u00edr\u00e1sban szerepl\u0151 \u00e9rt\u00e9khat\u00e1rokig? \u201eA t\u00e1mogat\u00e1s maxim\u00e1lis m\u00e9rt\u00e9ke az elsz\u00e1molhat\u00f3 k\u00f6lts\u00e9g 100%-a.\u201d \u201eA Nemzeti Hat\u00f3s\u00e1g vezet\u0151je a p\u00e1ly\u00e1zat t\u00e1mogat\u00e1s\u00e1r\u00f3l vagy cs\u00f6kkentett \u00f6sszk\u00f6lts\u00e9ggel, cs\u00f6kkentett m\u00e9rt\u00e9kkel, illetve felt\u00e9tellel t\u00f6rt\u00e9n\u0151 t\u00e1mogat\u00e1s\u00e1r\u00f3l vagy [&hellip;]\" \/>\n<meta property=\"og:url\" content=\"https:\/\/dev.kompaktdesign.hu\/hodszolar.hu\/2021\/11\/19\/100-os-tamogatas-emi-valaszai\/\" \/>\n<meta property=\"og:site_name\" content=\"H\u00f3dszol\u00e1r\" \/>\n<meta property=\"article:publisher\" content=\"https:\/\/www.facebook.com\/hodszolar\" \/>\n<meta property=\"article:published_time\" content=\"2021-11-19T08:13:14+00:00\" \/>\n<meta property=\"article:modified_time\" content=\"2021-12-01T09:35:28+00:00\" \/>\n<meta property=\"og:image\" content=\"https:\/\/dev.kompaktdesign.hu\/hodszolar.hu\/wp-content\/uploads\/2021\/11\/unnamed.jpg\" \/>\n\t<meta property=\"og:image:width\" content=\"900\" \/>\n\t<meta property=\"og:image:height\" content=\"900\" \/>\n\t<meta property=\"og:image:type\" content=\"image\/jpeg\" \/>\n<meta name=\"author\" content=\"H\u00f3dszol\u00e1r Kft.\" \/>\n<meta name=\"twitter:card\" content=\"summary_large_image\" \/>\n<meta name=\"twitter:label1\" content=\"Szerz\u0151:\" \/>\n\t<meta name=\"twitter:data1\" content=\"H\u00f3dszol\u00e1r Kft.\" \/>\n\t<meta name=\"twitter:label2\" content=\"Becs\u00fclt olvas\u00e1si id\u0151\" \/>\n\t<meta name=\"twitter:data2\" content=\"8 perc\" \/>\n<script type=\"application\/ld+json\" class=\"yoast-schema-graph\">{\"@context\":\"https:\/\/schema.org\",\"@graph\":[{\"@type\":\"Article\",\"@id\":\"https:\/\/dev.kompaktdesign.hu\/hodszolar.hu\/2021\/11\/19\/100-os-tamogatas-emi-valaszai\/#article\",\"isPartOf\":{\"@id\":\"https:\/\/dev.kompaktdesign.hu\/hodszolar.hu\/2021\/11\/19\/100-os-tamogatas-emi-valaszai\/\"},\"author\":{\"name\":\"H\u00f3dszol\u00e1r Kft.\",\"@id\":\"https:\/\/dev.kompaktdesign.hu\/hodszolar.hu\/#\/schema\/person\/a788af940a3d6b2829396312340dd08c\"},\"headline\":\"100%-os t\u00e1mogat\u00e1s - \u00c9MI v\u00e1laszai - 1. r\u00e9sz\",\"datePublished\":\"2021-11-19T08:13:14+00:00\",\"dateModified\":\"2021-12-01T09:35:28+00:00\",\"mainEntityOfPage\":{\"@id\":\"https:\/\/dev.kompaktdesign.hu\/hodszolar.hu\/2021\/11\/19\/100-os-tamogatas-emi-valaszai\/\"},\"wordCount\":2807,\"commentCount\":0,\"publisher\":{\"@id\":\"https:\/\/dev.kompaktdesign.hu\/hodszolar.hu\/#organization\"},\"articleSection\":[\"Egy\u00e9b kateg\u00f3ria\"],\"inLanguage\":\"hu\",\"potentialAction\":[{\"@type\":\"CommentAction\",\"name\":\"Comment\",\"target\":[\"https:\/\/dev.kompaktdesign.hu\/hodszolar.hu\/2021\/11\/19\/100-os-tamogatas-emi-valaszai\/#respond\"]}]},{\"@type\":\"WebPage\",\"@id\":\"https:\/\/dev.kompaktdesign.hu\/hodszolar.hu\/2021\/11\/19\/100-os-tamogatas-emi-valaszai\/\",\"url\":\"https:\/\/dev.kompaktdesign.hu\/hodszolar.hu\/2021\/11\/19\/100-os-tamogatas-emi-valaszai\/\",\"name\":\"100%-os t\u00e1mogat\u00e1s - \u00c9MI v\u00e1laszai - 1. r\u00e9sz | H\u00f3dszol\u00e1r\",\"isPartOf\":{\"@id\":\"https:\/\/dev.kompaktdesign.hu\/hodszolar.hu\/#website\"},\"datePublished\":\"2021-11-19T08:13:14+00:00\",\"dateModified\":\"2021-12-01T09:35:28+00:00\",\"breadcrumb\":{\"@id\":\"https:\/\/dev.kompaktdesign.hu\/hodszolar.hu\/2021\/11\/19\/100-os-tamogatas-emi-valaszai\/#breadcrumb\"},\"inLanguage\":\"hu\",\"potentialAction\":[{\"@type\":\"ReadAction\",\"target\":[\"https:\/\/dev.kompaktdesign.hu\/hodszolar.hu\/2021\/11\/19\/100-os-tamogatas-emi-valaszai\/\"]}]},{\"@type\":\"BreadcrumbList\",\"@id\":\"https:\/\/dev.kompaktdesign.hu\/hodszolar.hu\/2021\/11\/19\/100-os-tamogatas-emi-valaszai\/#breadcrumb\",\"itemListElement\":[{\"@type\":\"ListItem\",\"position\":1,\"name\":\"Kezd\u0151lap\",\"item\":\"https:\/\/dev.kompaktdesign.hu\/hodszolar.hu\/\"},{\"@type\":\"ListItem\",\"position\":2,\"name\":\"100%-os t\u00e1mogat\u00e1s - \u00c9MI v\u00e1laszai - 1. r\u00e9sz\"}]},{\"@type\":\"WebSite\",\"@id\":\"https:\/\/dev.kompaktdesign.hu\/hodszolar.hu\/#website\",\"url\":\"https:\/\/dev.kompaktdesign.hu\/hodszolar.hu\/\",\"name\":\"H\u00f3dszol\u00e1r\",\"description\":\"A v\u00e1s\u00e1rhelyi napelemes\",\"publisher\":{\"@id\":\"https:\/\/dev.kompaktdesign.hu\/hodszolar.hu\/#organization\"},\"potentialAction\":[{\"@type\":\"SearchAction\",\"target\":{\"@type\":\"EntryPoint\",\"urlTemplate\":\"https:\/\/dev.kompaktdesign.hu\/hodszolar.hu\/?s={search_term_string}\"},\"query-input\":\"required name=search_term_string\"}],\"inLanguage\":\"hu\"},{\"@type\":\"Organization\",\"@id\":\"https:\/\/dev.kompaktdesign.hu\/hodszolar.hu\/#organization\",\"name\":\"H\u00f3dszol\u00e1r Kft.\",\"url\":\"https:\/\/dev.kompaktdesign.hu\/hodszolar.hu\/\",\"sameAs\":[\"https:\/\/www.facebook.com\/hodszolar\"],\"logo\":{\"@type\":\"ImageObject\",\"inLanguage\":\"hu\",\"@id\":\"https:\/\/dev.kompaktdesign.hu\/hodszolar.hu\/#\/schema\/logo\/image\/\",\"url\":\"https:\/\/dev.kompaktdesign.hu\/hodszolar.hu\/wp-content\/uploads\/2021\/05\/fvicon.png\",\"contentUrl\":\"https:\/\/dev.kompaktdesign.hu\/hodszolar.hu\/wp-content\/uploads\/2021\/05\/fvicon.png\",\"width\":132,\"height\":132,\"caption\":\"H\u00f3dszol\u00e1r Kft.\"},\"image\":{\"@id\":\"https:\/\/dev.kompaktdesign.hu\/hodszolar.hu\/#\/schema\/logo\/image\/\"}},{\"@type\":\"Person\",\"@id\":\"https:\/\/dev.kompaktdesign.hu\/hodszolar.hu\/#\/schema\/person\/a788af940a3d6b2829396312340dd08c\",\"name\":\"H\u00f3dszol\u00e1r Kft.\",\"image\":{\"@type\":\"ImageObject\",\"inLanguage\":\"hu\",\"@id\":\"https:\/\/dev.kompaktdesign.hu\/hodszolar.hu\/#\/schema\/person\/image\/\",\"url\":\"https:\/\/secure.gravatar.com\/avatar\/38df000db6f2e93b7f0ccccf7714392424ca033738d34dfe71f19fdb70329830?s=96&d=mm&r=g\",\"contentUrl\":\"https:\/\/secure.gravatar.com\/avatar\/38df000db6f2e93b7f0ccccf7714392424ca033738d34dfe71f19fdb70329830?s=96&d=mm&r=g\",\"caption\":\"H\u00f3dszol\u00e1r Kft.\"},\"url\":\"https:\/\/dev.kompaktdesign.hu\/hodszolar.hu\/author\/hodszolar\/\"}]}<\/script>\n<!-- \/ Yoast SEO plugin. -->","yoast_head_json":{"title":"100%-os t\u00e1mogat\u00e1s - \u00c9MI v\u00e1laszai - 1. r\u00e9sz | H\u00f3dszol\u00e1r","robots":{"index":"noindex","follow":"follow","max-snippet":"max-snippet:-1","max-image-preview":"max-image-preview:large","max-video-preview":"max-video-preview:-1"},"og_locale":"hu_HU","og_type":"article","og_title":"100%-os t\u00e1mogat\u00e1s - \u00c9MI v\u00e1laszai - 1. r\u00e9sz | H\u00f3dszol\u00e1r","og_description":"1. A t\u00e1mogat\u00e1s m\u00e9rt\u00e9ke 100% is lehet. Ez azt jelenti, hogy lehet kevesebb is, ak\u00e1r a pontoz\u00e1s, ak\u00e1r m\u00e1s befoly\u00e1sol\u00f3 t\u00e9nyez\u0151 miatt vagy garant\u00e1lt a 100% a ki\u00edr\u00e1sban szerepl\u0151 \u00e9rt\u00e9khat\u00e1rokig? \u201eA t\u00e1mogat\u00e1s maxim\u00e1lis m\u00e9rt\u00e9ke az elsz\u00e1molhat\u00f3 k\u00f6lts\u00e9g 100%-a.\u201d \u201eA Nemzeti Hat\u00f3s\u00e1g vezet\u0151je a p\u00e1ly\u00e1zat t\u00e1mogat\u00e1s\u00e1r\u00f3l vagy cs\u00f6kkentett \u00f6sszk\u00f6lts\u00e9ggel, cs\u00f6kkentett m\u00e9rt\u00e9kkel, illetve felt\u00e9tellel t\u00f6rt\u00e9n\u0151 t\u00e1mogat\u00e1s\u00e1r\u00f3l vagy [&hellip;]","og_url":"https:\/\/dev.kompaktdesign.hu\/hodszolar.hu\/2021\/11\/19\/100-os-tamogatas-emi-valaszai\/","og_site_name":"H\u00f3dszol\u00e1r","article_publisher":"https:\/\/www.facebook.com\/hodszolar","article_published_time":"2021-11-19T08:13:14+00:00","article_modified_time":"2021-12-01T09:35:28+00:00","og_image":[{"width":900,"height":900,"url":"https:\/\/dev.kompaktdesign.hu\/hodszolar.hu\/wp-content\/uploads\/2021\/11\/unnamed.jpg","type":"image\/jpeg"}],"author":"H\u00f3dszol\u00e1r Kft.","twitter_card":"summary_large_image","twitter_misc":{"Szerz\u0151:":"H\u00f3dszol\u00e1r Kft.","Becs\u00fclt olvas\u00e1si id\u0151":"8 perc"},"schema":{"@context":"https:\/\/schema.org","@graph":[{"@type":"Article","@id":"https:\/\/dev.kompaktdesign.hu\/hodszolar.hu\/2021\/11\/19\/100-os-tamogatas-emi-valaszai\/#article","isPartOf":{"@id":"https:\/\/dev.kompaktdesign.hu\/hodszolar.hu\/2021\/11\/19\/100-os-tamogatas-emi-valaszai\/"},"author":{"name":"H\u00f3dszol\u00e1r Kft.","@id":"https:\/\/dev.kompaktdesign.hu\/hodszolar.hu\/#\/schema\/person\/a788af940a3d6b2829396312340dd08c"},"headline":"100%-os t\u00e1mogat\u00e1s - \u00c9MI v\u00e1laszai - 1. r\u00e9sz","datePublished":"2021-11-19T08:13:14+00:00","dateModified":"2021-12-01T09:35:28+00:00","mainEntityOfPage":{"@id":"https:\/\/dev.kompaktdesign.hu\/hodszolar.hu\/2021\/11\/19\/100-os-tamogatas-emi-valaszai\/"},"wordCount":2807,"commentCount":0,"publisher":{"@id":"https:\/\/dev.kompaktdesign.hu\/hodszolar.hu\/#organization"},"articleSection":["Egy\u00e9b kateg\u00f3ria"],"inLanguage":"hu","potentialAction":[{"@type":"CommentAction","name":"Comment","target":["https:\/\/dev.kompaktdesign.hu\/hodszolar.hu\/2021\/11\/19\/100-os-tamogatas-emi-valaszai\/#respond"]}]},{"@type":"WebPage","@id":"https:\/\/dev.kompaktdesign.hu\/hodszolar.hu\/2021\/11\/19\/100-os-tamogatas-emi-valaszai\/","url":"https:\/\/dev.kompaktdesign.hu\/hodszolar.hu\/2021\/11\/19\/100-os-tamogatas-emi-valaszai\/","name":"100%-os t\u00e1mogat\u00e1s - \u00c9MI v\u00e1laszai - 1. r\u00e9sz | H\u00f3dszol\u00e1r","isPartOf":{"@id":"https:\/\/dev.kompaktdesign.hu\/hodszolar.hu\/#website"},"datePublished":"2021-11-19T08:13:14+00:00","dateModified":"2021-12-01T09:35:28+00:00","breadcrumb":{"@id":"https:\/\/dev.kompaktdesign.hu\/hodszolar.hu\/2021\/11\/19\/100-os-tamogatas-emi-valaszai\/#breadcrumb"},"inLanguage":"hu","potentialAction":[{"@type":"ReadAction","target":["https:\/\/dev.kompaktdesign.hu\/hodszolar.hu\/2021\/11\/19\/100-os-tamogatas-emi-valaszai\/"]}]},{"@type":"BreadcrumbList","@id":"https:\/\/dev.kompaktdesign.hu\/hodszolar.hu\/2021\/11\/19\/100-os-tamogatas-emi-valaszai\/#breadcrumb","itemListElement":[{"@type":"ListItem","position":1,"name":"Kezd\u0151lap","item":"https:\/\/dev.kompaktdesign.hu\/hodszolar.hu\/"},{"@type":"ListItem","position":2,"name":"100%-os t\u00e1mogat\u00e1s - \u00c9MI v\u00e1laszai - 1. r\u00e9sz"}]},{"@type":"WebSite","@id":"https:\/\/dev.kompaktdesign.hu\/hodszolar.hu\/#website","url":"https:\/\/dev.kompaktdesign.hu\/hodszolar.hu\/","name":"H\u00f3dszol\u00e1r","description":"A v\u00e1s\u00e1rhelyi napelemes","publisher":{"@id":"https:\/\/dev.kompaktdesign.hu\/hodszolar.hu\/#organization"},"potentialAction":[{"@type":"SearchAction","target":{"@type":"EntryPoint","urlTemplate":"https:\/\/dev.kompaktdesign.hu\/hodszolar.hu\/?s={search_term_string}"},"query-input":"required name=search_term_string"}],"inLanguage":"hu"},{"@type":"Organization","@id":"https:\/\/dev.kompaktdesign.hu\/hodszolar.hu\/#organization","name":"H\u00f3dszol\u00e1r Kft.","url":"https:\/\/dev.kompaktdesign.hu\/hodszolar.hu\/","sameAs":["https:\/\/www.facebook.com\/hodszolar"],"logo":{"@type":"ImageObject","inLanguage":"hu","@id":"https:\/\/dev.kompaktdesign.hu\/hodszolar.hu\/#\/schema\/logo\/image\/","url":"https:\/\/dev.kompaktdesign.hu\/hodszolar.hu\/wp-content\/uploads\/2021\/05\/fvicon.png","contentUrl":"https:\/\/dev.kompaktdesign.hu\/hodszolar.hu\/wp-content\/uploads\/2021\/05\/fvicon.png","width":132,"height":132,"caption":"H\u00f3dszol\u00e1r Kft."},"image":{"@id":"https:\/\/dev.kompaktdesign.hu\/hodszolar.hu\/#\/schema\/logo\/image\/"}},{"@type":"Person","@id":"https:\/\/dev.kompaktdesign.hu\/hodszolar.hu\/#\/schema\/person\/a788af940a3d6b2829396312340dd08c","name":"H\u00f3dszol\u00e1r Kft.","image":{"@type":"ImageObject","inLanguage":"hu","@id":"https:\/\/dev.kompaktdesign.hu\/hodszolar.hu\/#\/schema\/person\/image\/","url":"https:\/\/secure.gravatar.com\/avatar\/38df000db6f2e93b7f0ccccf7714392424ca033738d34dfe71f19fdb70329830?s=96&d=mm&r=g","contentUrl":"https:\/\/secure.gravatar.com\/avatar\/38df000db6f2e93b7f0ccccf7714392424ca033738d34dfe71f19fdb70329830?s=96&d=mm&r=g","caption":"H\u00f3dszol\u00e1r Kft."},"url":"https:\/\/dev.kompaktdesign.hu\/hodszolar.hu\/author\/hodszolar\/"}]}},"_links":{"self":[{"href":"https:\/\/dev.kompaktdesign.hu\/hodszolar.hu\/wp-json\/wp\/v2\/posts\/803","targetHints":{"allow":["GET"]}}],"collection":[{"href":"https:\/\/dev.kompaktdesign.hu\/hodszolar.hu\/wp-json\/wp\/v2\/posts"}],"about":[{"href":"https:\/\/dev.kompaktdesign.hu\/hodszolar.hu\/wp-json\/wp\/v2\/types\/post"}],"author":[{"embeddable":true,"href":"https:\/\/dev.kompaktdesign.hu\/hodszolar.hu\/wp-json\/wp\/v2\/users\/3"}],"replies":[{"embeddable":true,"href":"https:\/\/dev.kompaktdesign.hu\/hodszolar.hu\/wp-json\/wp\/v2\/comments?post=803"}],"version-history":[{"count":2,"href":"https:\/\/dev.kompaktdesign.hu\/hodszolar.hu\/wp-json\/wp\/v2\/posts\/803\/revisions"}],"predecessor-version":[{"id":814,"href":"https:\/\/dev.kompaktdesign.hu\/hodszolar.hu\/wp-json\/wp\/v2\/posts\/803\/revisions\/814"}],"wp:featuredmedia":[{"embeddable":true,"href":"https:\/\/dev.kompaktdesign.hu\/hodszolar.hu\/wp-json\/wp\/v2\/media\/804"}],"wp:attachment":[{"href":"https:\/\/dev.kompaktdesign.hu\/hodszolar.hu\/wp-json\/wp\/v2\/media?parent=803"}],"wp:term":[{"taxonomy":"category","embeddable":true,"href":"https:\/\/dev.kompaktdesign.hu\/hodszolar.hu\/wp-json\/wp\/v2\/categories?post=803"},{"taxonomy":"post_tag","embeddable":true,"href":"https:\/\/dev.kompaktdesign.hu\/hodszolar.hu\/wp-json\/wp\/v2\/tags?post=803"}],"curies":[{"name":"wp","href":"https:\/\/api.w.org\/{rel}","templated":true}]}}