{"id":809,"date":"2021-12-01T09:34:44","date_gmt":"2021-12-01T09:34:44","guid":{"rendered":"https:\/\/hodszolar.hu\/?p=809"},"modified":"2021-12-01T09:35:14","modified_gmt":"2021-12-01T09:35:14","slug":"100-os-tamogatas-emi-valaszai-2-res","status":"publish","type":"post","link":"https:\/\/dev.kompaktdesign.hu\/hodszolar.hu\/2021\/12\/01\/100-os-tamogatas-emi-valaszai-2-res\/","title":{"rendered":"100%-os t\u00e1mogat\u00e1s - \u00c9MI v\u00e1laszai - 2. r\u00e9sz"},"content":{"rendered":"\n<p><strong>H\u00d3DSZOL\u00c1R K\u00c9RD\u00c9SE:<\/strong> <strong>A fenntart\u00e1si id\u0151szak alatt van-e lehet\u0151s\u00e9g b\u0151v\u00edteni a napelemes rendszert \u00f6ner\u0151b\u0151l?<\/strong><\/p>\n\n\n\n<p>A fenntart\u00e1si \u00e9s monitoring id\u0151szak lez\u00e1rul\u00e1si id\u0151 el\u0151tt a t\u00e1mogatott m\u0171szaki beruh\u00e1z\u00e1sok elbont\u00e1sa, m\u00f3dos\u00edt\u00e1sa, cser\u00e9je nem lehets\u00e9ges. Arra van lehet\u0151s\u00e9g, hogy a t\u00e1mogatott m\u0171szaki beruh\u00e1z\u00e1s \u00e9rintetlen\u00fcl hagy\u00e1sa mellett \u00faj m\u0171szaki tartalommal fejlessz\u00e9k az ingatlant.<\/p>\n\n\n\n<p>   <strong>A napelemes rendszer b\u0151v\u00edt\u00e9se ezek szerint a \u201em\u0171szaki beruh\u00e1z\u00e1s m\u00f3dos\u00edt\u00e1s\u00e1nak\u201d sz\u00e1m\u00edt?<\/strong><\/p>\n\n\n\n<p>K\u00e9r\u00e9s\u00e9re v\u00e1laszul&nbsp;t\u00e1j\u00e9koztatjuk,&nbsp;hogy abban az esetben, ha semmilyen m\u00e9rt\u00e9kben \u00e9s form\u00e1ban nem \u00e9rinti a jelen p\u00e1ly\u00e1zat keretein bel\u00fcl l\u00e9trej\u00f6tt rendszert a b\u0151v\u00edt\u00e9s (teh\u00e1t nem erre az inverterre lesz csatlakoztatva), tov\u00e1bb\u00e1 k\u00fcl\u00f6n szerz\u0151d\u00e9st k\u00f6tnek a m\u00e1sik rendszerr\u0151l, abban az esetben nincs akad\u00e1lya ennek a tev\u00e9kenys\u00e9gnek.<\/p>\n\n\n\n<p><strong>H\u00d3DSZOL\u00c1R K\u00c9RD\u00c9SE:  Van-e lehet\u0151s\u00e9g p\u00e1ly\u00e1zni abban az esetben, ha a k\u00e9relem beny\u00fajt\u00e1s\u00e1t k\u00f6vet\u0151en, de a fizikai megval\u00f3sul\u00e1s el\u0151tt, a P\u00e1ly\u00e1z\u00f3 le szeretn\u00e9 cser\u00e9lni a tet\u0151t, ki szeretn\u00e9 \u00e9p\u00edteni a k\u00f6zponti f\u0171t\u00e9st \u00e9s padl\u00f3f\u0171t\u00e9st, azonban ez a p\u00e1ly\u00e1zat beny\u00fajt\u00e1s\u00e1ig m\u00e1r nem val\u00f3sul meg?<\/strong><\/p>\n\n\n\n<p>Amennyiben a p\u00e1ly\u00e1zat beny\u00fajt\u00e1sakor emeletr\u00e1\u00e9p\u00edt\u00e9s, \u00e9p\u00fcletb\u0151v\u00edt\u00e9s, valamint egy\u00e9b \u2013 jelen p\u00e1ly\u00e1zat keret\u00e9ben \u2013 nem t\u00e1mogathat\u00f3 energetikai fel\u00faj\u00edt\u00e1s van folyamatban, illetve a p\u00e1ly\u00e1zatbead\u00e1st k\u00f6vet\u0151en, a p\u00e1ly\u00e1zat megval\u00f3s\u00edt\u00e1sa k\u00f6zben azt kivitelezni tervezik, abban az esetben a z\u00e1r\u00f3 kifizet\u00e9si ig\u00e9nyhez mind\u00f6sszesen 2 darab energetikai tan\u00fas\u00edtv\u00e1ny csatol\u00e1sa sz\u00fcks\u00e9ges. Az el\u0151z\u0151 bekezd\u00e9sben eml\u00edtett, a jelen t\u00e1mogat\u00e1sb\u00f3l elsz\u00e1molhat\u00f3 beruh\u00e1z\u00e1s lez\u00e1r\u00e1s\u00e1t k\u00f6vet\u0151 tan\u00fas\u00edtv\u00e1nyon k\u00edv\u00fcl be kell ny\u00fajtani az emeletr\u00e1\u00e9p\u00edt\u00e9s, \u00e9p\u00fcletb\u0151v\u00edt\u00e9s, valamint egy\u00e9b nem t\u00e1mogathat\u00f3 energetikai fel\u00faj\u00edt\u00e1s befejez\u0151d\u00e9s\u00e9t k\u00f6vet\u0151 \u00e1llapotra vonatkoz\u00f3 tan\u00fas\u00edtv\u00e1nyt is.<br>El\u0151z\u0151ek alapj\u00e1n teh\u00e1t 2 db tan\u00fas\u00edtv\u00e1ny bemutat\u00e1sa k\u00f6telez\u0151 (kezdeti \u00e1llapotr\u00f3l, majd a beruh\u00e1z\u00e1s ut\u00e1ni v\u00e9g\u00e1llapotr\u00f3l), ha k\u00f6zben m\u00e1s forr\u00e1sb\u00f3l emeletr\u00e1\u00e9p\u00edt\u00e9s \u00e9s \u00e9p\u00fcletb\u0151v\u00edt\u00e9s, vagy egy\u00e9b jelen p\u00e1ly\u00e1zaton k\u00edv\u00fcli energetikai beruh\u00e1z\u00e1s t\u00f6rt\u00e9nik, \u00fagy ezen 2 db tan\u00fas\u00edtv\u00e1nyt egy harmadikkal sz\u00fcks\u00e9ges kieg\u00e9sz\u00edteni, ami a k\u00fcl\u00f6n forr\u00e1sb\u00f3l megval\u00f3sul\u00f3 \u00e9p\u00edt\u00e9si tev\u00e9kenys\u00e9gek energetikai jellemz\u0151it tartalmazza.<\/p>\n\n\n\n<p>Az \u00d6n \u00e1ltal felsorolt tev\u00e9kenys\u00e9gek (pl.: tet\u0151 cser\u00e9je), megv\u00e1ltoztatj\u00e1k a h\u00e1z energetikai jellemz\u0151it, ez\u00e9rt sz\u00fcks\u00e9ges +1 energetikai tan\u00fas\u00edtv\u00e1ny, ahogy a lent id\u00e9zett mondat k\u00e9ri.<\/p>\n\n\n\n<p>Hamarosan megjelenik a p\u00e1ly\u00e1zati felh\u00edv\u00e1s korrig\u00e1lt v\u00e1ltozata, amely a k\u00f6vetkez\u0151 m\u00f3dos\u00edt\u00e1st tartalmazza, mely v\u00e1laszt ad a k\u00e9rd\u00e9s\u00e9re:<\/p>\n\n\n\n<p><a>\u201eMinden ingatlan vonatkoz\u00e1s\u00e1ban a p\u00e1ly\u00e1zati r\u00e9szv\u00e9tel tov\u00e1bbi felt\u00e9tele, hogy <\/a><strong><u>az \u00e9p\u00fclet a t\u00e1mogatott munk\u00e1latok kivitelez\u00e9s\u00e9nek megkezd\u00e9sekor<\/u><\/strong> olyan m\u0171szaki \u00e1llapotban legyen, hogy egy\u00e9b beavatkoz\u00e1s n\u00e9lk\u00fcl is alkalmas legyen a beruh\u00e1z\u00e1s fogad\u00e1s\u00e1ra.\u201d<\/p>\n\n\n\n<p><strong>H\u00d3DSZOL\u00c1R K\u00c9RD\u00c9SE: Csak napelemes rendszer eset\u00e9n brutt\u00f3 2 900 000 Ft a maxim\u00e1lis elsz\u00e1molhat\u00f3 k\u00f6lts\u00e9g, azonban 5 x 485 645 = 2 428 225. A kett\u0151 k\u00f6z\u00f6tti k\u00fcl\u00f6nbs\u00e9g mire sz\u00e1molhat\u00f3 el?<\/strong><\/p>\n\n\n\n<p>Amit a p\u00e1ly\u00e1zati felh\u00edv\u00e1s \u201enem elsz\u00e1molhat\u00f3\u201d r\u00e9sze nem tartalmaz, \u00e9s a napelemes rendszerhez k\u00f6thet\u0151, \u00e9s belef\u00e9r az \u00f6sszek\u00f6lts\u00e9gbe, akkor az elsz\u00e1molhat\u00f3. \u00cdgy olyan t\u00e9telek is beletartozhatnak, amik a r\u00e9szletes fajlagos k\u00f6lts\u00e9gekn\u00e9l nem ker\u00fclt felsorol\u00e1sra.<\/p>\n\n\n\n<p><strong>H\u00d3DSZOL\u00c1R K\u00c9RD\u00c9SE: Csak akkor elsz\u00e1molhat\u00f3 k\u00f6lts\u00e9g a 3 f\u00e1zis ki\u00e9p\u00edt\u00e9se \u00e9s a villany\u00f3ra szabv\u00e1nyos\u00edt\u00e1sa, ha a t\u00e1mogat\u00f3i okirat meg\u00e9rkez\u00e9s\u00e9t k\u00f6vet\u0151en ind\u00edtjuk el a folyamatot?<\/strong><\/p>\n\n\n\n<p>A villanyszerel\u00e9si munk\u00e1latok csak abban az esetben elsz\u00e1molhat\u00f3ak, ha azok n\u00e9lk\u00fcl\u00f6zhetetlenek a beruh\u00e1z\u00e1s megval\u00f3sul\u00e1s\u00e1hoz. \u201eA napelemes rendszer l\u00e9tes\u00edt\u00e9s\u00e9hez sz\u00fcks\u00e9ges jogszab\u00e1lyi \u00e9s m\u0171szaki alapk\u00f6vetelm\u00e9nyek teljes\u00edt\u00e9se, ezen bel\u00fcl h\u00e1rom f\u00e1zis\u00fa m\u00e9r\u0151hely kialak\u00edt\u00e1sa, m\u00e9r\u0151hely szabv\u00e1nyos\u00edt\u00e1sa, h\u00e1l\u00f3zati teljes\u00edtm\u00e9ny b\u0151v\u00edt\u00e9se, m\u00e9r\u0151\u00f3ra cser\u00e9je, ingatlanon bel\u00fcl az elektromos h\u00e1l\u00f3zat m\u00e9r\u0151hely \u00e9s a napelemes rendszer k\u00f6z\u00f6tti, sz\u00fcks\u00e9g szerinti b\u0151v\u00edt\u00e9se;\u201d<\/p>\n\n\n\n<p>\u201eA beruh\u00e1z\u00e1s megval\u00f3s\u00edt\u00e1sa a T\u00e1mogat\u00f3i Okirat hat\u00e1lybal\u00e9p\u00e9s\u00e9t k\u00f6vet\u0151en kezdhet\u0151 meg. Kor\u00e1bban megkezdhet\u0151 a napelemes rendszer vagy a h\u0151szivatty\u00fa telep\u00edt\u00e9s\u00e9vel \u00f6sszef\u00fcgg\u0151, a ter\u00fcletileg illet\u00e9kes eloszt\u00f3t\u00e1rsas\u00e1g d\u00f6nt\u00e9s\u00e9t ig\u00e9nyl\u0151 elj\u00e1r\u00e1s (pl. 3 f\u00e1zis vagy m\u00e1s enged\u00e9lyez\u00e9si elj\u00e1r\u00e1sok) megind\u00edt\u00e1sa azzal a felt\u00e9tellel, miszerint az <strong>e tev\u00e9kenys\u00e9ggel \u00f6sszef\u00fcgg\u0151 kivitelez\u0151i sz\u00e1mla keltez\u00e9se nem lehet kor\u00e1bbi a T\u00e1mogat\u00f3i Okirat hat\u00e1lyba l\u00e9p\u00e9s\u00e9n\u00e9l.<\/strong>\u201d<\/p>\n\n\n\n<p>A beruh\u00e1z\u00e1s megval\u00f3s\u00edt\u00e1sa a T\u00e1mogat\u00f3i Okirat hat\u00e1lybal\u00e9p\u00e9s\u00e9t k\u00f6vet\u0151en kezdhet\u0151 meg. Kor\u00e1bban megkezdhet\u0151 a napelemes rendszer vagy a h\u0151szivatty\u00fa telep\u00edt\u00e9s\u00e9vel \u00f6sszef\u00fcgg\u0151, a ter\u00fcletileg illet\u00e9kes eloszt\u00f3t\u00e1rsas\u00e1g d\u00f6nt\u00e9s\u00e9t ig\u00e9nyl\u0151 elj\u00e1r\u00e1s (pl. 3 f\u00e1zis vagy m\u00e1s enged\u00e9lyez\u00e9si elj\u00e1r\u00e1sok) megind\u00edt\u00e1sa azzal a felt\u00e9tellel, miszerint az e tev\u00e9kenys\u00e9ggel \u00f6sszef\u00fcgg\u0151 kivitelez\u0151i sz\u00e1mla keltez\u00e9se nem lehet kor\u00e1bbi a T\u00e1mogat\u00f3i Okirat hat\u00e1lyba l\u00e9p\u00e9s\u00e9n\u00e9l.<\/p>\n\n\n\n<p>Ebb\u0151l kifoly\u00f3lag, a T\u00e1mogat\u00f3i Okirat hat\u00e1lybal\u00e9p\u00e9se el\u0151tt az enged\u00e9lyeztet\u00e9si elj\u00e1r\u00e1sok kezdhet\u0151k meg, nem maga a tev\u00e9kenys\u00e9g.<\/p>\n\n\n\n<p><strong>H\u00d3DSZOL\u00c1R K\u00c9RD\u00c9SE: A 3 f\u00e1zis ki\u00e9p\u00edt\u00e9se \u00e9s a villany\u00f3ra szabv\u00e1nyos\u00edt\u00e1s\u00e1ra is sz\u00fcks\u00e9ges a p\u00e1ly\u00e1z\u00f3nak \u00e1raj\u00e1nlatot k\u00e9rni \u00e9s beletenni a p\u00e1ly\u00e1zatba, hogy elsz\u00e1molhat\u00f3 legyen?<\/strong><\/p>\n\n\n\n<p>Az alapk\u00f6vetelm\u00e9nyek, tervez\u00e9s \u00e9s enged\u00e9lyez\u00e9s, k\u00f6telez\u0151 nyilv\u00e1noss\u00e1g, tan\u00fas\u00edt\u00e1s finansz\u00edroz\u00e1sa t\u00f6rt\u00e9nhet a 13%-os t\u00e1mogat\u00e1si el\u0151legb\u0151l, vagy el\u0151finansz\u00edrozhat\u00f3, \u00e9s a z\u00e1r\u00f3 kifizet\u00e9si ig\u00e9nnyel ker\u00fcl ut\u00f3lag kifizet\u00e9sre.<\/p>\n\n\n\n<p>A fentiekb\u0151l azon tev\u00e9kenys\u00e9gek eset\u00e9n, melyekre kivitelez\u0151i szerz\u0151d\u00e9st k\u00f6t\u00f6ttek (6. sz\u00e1m\u00fa mell\u00e9klet), 40% sz\u00e1ll\u00edt\u00f3i el\u0151leg ig\u00e9nyelhet\u0151, valamint a m\u00e9rf\u00f6ldk\u00f6vekn\u00e9l ut\u00f3finansz\u00edrozhat\u00f3.<\/p>\n\n\n\n<p>A k\u00f6telez\u0151 nyilv\u00e1noss\u00e1g biztos\u00edt\u00e1s minden esetben a kivitelez\u0151 feladata.<\/p>\n\n\n\n<p>Minden esetben kell <strong>v\u00e1llalkoz\u00f3i szerz\u0151d\u00e9s<\/strong>, kiv\u00e9ve az \u00e1ramszolg\u00e1ltat\u00f3k eset\u00e9ben. A nem regisztr\u00e1lt kivitelez\u0151k eset\u00e9n is sz\u00fcks\u00e9ges a v\u00e1llalkoz\u00f3i szerz\u0151d\u00e9s, de nem sz\u00fcks\u00e9ges a 6. sz\u00e1m\u00fa mell\u00e9klet haszn\u00e1lata.<\/p>\n\n\n\n<p>A fentieken t\u00fal t\u00e1j\u00e9koztatjuk, hogy a 3 f\u00e1zis ki\u00e9p\u00edt\u00e9s\u00e9re nem sz\u00fcks\u00e9ges \u00e1raj\u00e1nlatot k\u00e9rni, de k\u00fcl\u00f6n szerz\u0151d\u00e9st sz\u00fcks\u00e9ges k\u00f6tni, amennyiben nem a regisztr\u00e1lt kivitelez\u0151 v\u00e9gzi ezt a tev\u00e9kenys\u00e9get. Az energetikai tan\u00fas\u00edtv\u00e1ny ut\u00f3finansz\u00edrozott tev\u00e9kenys\u00e9g. A p\u00e1ly\u00e1z\u00f3nak sz\u00fcks\u00e9ges el\u0151re kifizetni, majd finansz\u00edroz\u00e1sa t\u00f6rt\u00e9nhet a 13%-os t\u00e1mogat\u00e1si el\u0151legb\u0151l, vagy el\u0151finansz\u00edrozhat\u00f3, \u00e9s a z\u00e1r\u00f3 kifizet\u00e9si ig\u00e9nnyel ker\u00fcl ut\u00f3lag kifizet\u00e9sre.<\/p>\n\n\n\n<p><strong>H\u00d3DSZOL\u00c1R K\u00c9RD\u00c9SE: Az \u00e1ramszolg\u00e1ltat\u00f3 fel\u00e9 t\u00f6rt\u00e9n\u0151 enged\u00e9lyeztet\u00e9s csak akkor elsz\u00e1molhat\u00f3, ha a t\u00e1mogat\u00f3i okirat meg\u00e9rkez\u00e9s\u00e9t k\u00f6vet\u0151en ind\u00edtjuk el a folyamatot?<\/strong><\/p>\n\n\n\n<p>A villanyszerel\u00e9si munk\u00e1latok csak abban az esetben elsz\u00e1molhat\u00f3ak, ha azok n\u00e9lk\u00fcl\u00f6zhetetlenek a beruh\u00e1z\u00e1s megval\u00f3sul\u00e1s\u00e1hoz. \u201eA napelemes rendszer l\u00e9tes\u00edt\u00e9s\u00e9hez sz\u00fcks\u00e9ges jogszab\u00e1lyi \u00e9s m\u0171szaki alapk\u00f6vetelm\u00e9nyek teljes\u00edt\u00e9se, ezen bel\u00fcl h\u00e1rom f\u00e1zis\u00fa m\u00e9r\u0151hely kialak\u00edt\u00e1sa, m\u00e9r\u0151hely szabv\u00e1nyos\u00edt\u00e1sa, h\u00e1l\u00f3zati teljes\u00edtm\u00e9ny b\u0151v\u00edt\u00e9se, m\u00e9r\u0151\u00f3ra cser\u00e9je, ingatlanon bel\u00fcl az elektromos h\u00e1l\u00f3zat m\u00e9r\u0151hely \u00e9s a napelemes rendszer k\u00f6z\u00f6tti, sz\u00fcks\u00e9g szerinti b\u0151v\u00edt\u00e9se;\u201d<\/p>\n\n\n\n<p>\u201eA beruh\u00e1z\u00e1s megval\u00f3s\u00edt\u00e1sa a T\u00e1mogat\u00f3i Okirat hat\u00e1lybal\u00e9p\u00e9s\u00e9t k\u00f6vet\u0151en kezdhet\u0151 meg. Kor\u00e1bban megkezdhet\u0151 a napelemes rendszer vagy a h\u0151szivatty\u00fa telep\u00edt\u00e9s\u00e9vel \u00f6sszef\u00fcgg\u0151, a ter\u00fcletileg illet\u00e9kes eloszt\u00f3t\u00e1rsas\u00e1g d\u00f6nt\u00e9s\u00e9t ig\u00e9nyl\u0151 elj\u00e1r\u00e1s (pl. 3 f\u00e1zis vagy m\u00e1s enged\u00e9lyez\u00e9si elj\u00e1r\u00e1sok) megind\u00edt\u00e1sa azzal a felt\u00e9tellel, miszerint az <strong>e tev\u00e9kenys\u00e9ggel \u00f6sszef\u00fcgg\u0151 kivitelez\u0151i sz\u00e1mla keltez\u00e9se nem lehet kor\u00e1bbi a T\u00e1mogat\u00f3i Okirat hat\u00e1lyba l\u00e9p\u00e9s\u00e9n\u00e9l.<\/strong>\u201d<\/p>\n\n\n\n<p><strong>H\u00d3DSZOL\u00c1R K\u00c9RD\u00c9SE: Az \u00e1ramszolg\u00e1ltat\u00f3 fel\u00e9 t\u00f6rt\u00e9n\u0151 enged\u00e9lyeztet\u00e9st v\u00e9gezheti a napelemes kivitelez\u0151, amennyiben alv\u00e1llalkoz\u00f3ja egy villamos tervez\u0151?<\/strong><\/p>\n\n\n\n<p>Az alapk\u00f6vetelm\u00e9nyek, tervez\u00e9s \u00e9s enged\u00e9lyez\u00e9s, k\u00f6telez\u0151 nyilv\u00e1noss\u00e1g, tan\u00fas\u00edt\u00e1s finansz\u00edroz\u00e1sa t\u00f6rt\u00e9nhet a 13%-os t\u00e1mogat\u00e1si el\u0151legb\u0151l, vagy el\u0151finansz\u00edrozhat\u00f3, \u00e9s a z\u00e1r\u00f3 kifizet\u00e9si ig\u00e9nnyel ker\u00fcl ut\u00f3lag kifizet\u00e9sre.<\/p>\n\n\n\n<p>A fentiekb\u0151l azon tev\u00e9kenys\u00e9gek eset\u00e9n, melyekre kivitelez\u0151i szerz\u0151d\u00e9st k\u00f6t\u00f6ttek (6. sz\u00e1m\u00fa mell\u00e9klet), 40% sz\u00e1ll\u00edt\u00f3i el\u0151leg ig\u00e9nyelhet\u0151, valamint a m\u00e9rf\u00f6ldk\u00f6vekn\u00e9l ut\u00f3finansz\u00edrozhat\u00f3.<\/p>\n\n\n\n<p>A k\u00f6telez\u0151 nyilv\u00e1noss\u00e1g biztos\u00edt\u00e1s minden esetben a kivitelez\u0151 feladata.<\/p>\n\n\n\n<p>Minden esetben kell <strong>v\u00e1llalkoz\u00f3i szerz\u0151d\u00e9s<\/strong>, kiv\u00e9ve az \u00e1ramszolg\u00e1ltat\u00f3k eset\u00e9ben. A nem regisztr\u00e1lt kivitelez\u0151k eset\u00e9n is sz\u00fcks\u00e9ges a v\u00e1llalkoz\u00f3i szerz\u0151d\u00e9s, de nem sz\u00fcks\u00e9ges a 6. sz\u00e1m\u00fa mell\u00e9klet haszn\u00e1lata.<\/p>\n\n\n\n<p>T\u00e1j\u00e9koztatjuk, hogy amennyiben a napelemes c\u00e9g alv\u00e1llalkoz\u00f3ja rendelkezik a megfelel\u0151 jogosults\u00e1gokkal, nincs akad\u00e1lya annak, hogy az enged\u00e9lyeztet\u00e9si elj\u00e1r\u00e1st elv\u00e9gezze.<\/p>\n\n\n\n<p><strong>H\u00d3DSZOL\u00c1R K\u00c9RD\u00c9SE: Az enged\u00e9lyeztet\u00e9s \u00e9s a k\u00f6telez\u0151 nyilv\u00e1noss\u00e1g is belesz\u00e1m\u00edt a brutt\u00f3 485 645 Ft-os kWp hat\u00e1rba vagy csak erre a szempontra sz\u00fcks\u00e9ges figyelni: \"A tervez\u00e9s, az enged\u00e9lyez\u00e9s, a k\u00f6telez\u0151 nyilv\u00e1noss\u00e1g biztos\u00edt\u00e1sa, illetve az energetikai tan\u00fas\u00edtv\u00e1nyok elk\u00e9sz\u00edt\u00e9s\u00e9nek elsz\u00e1molhat\u00f3 k\u00f6lts\u00e9ge nem haladhatja meg az elsz\u00e1molhat\u00f3 kivitelez\u00e9si k\u00f6lts\u00e9g 5%-\u00e1t\"?<\/strong><\/p>\n\n\n\n<p>\u201eA 2021. \u00e9vi p\u00e1ly\u00e1zati k\u00f6rben az elsz\u00e1molhat\u00f3 maxim\u00e1lis fajlagos k\u00f6lts\u00e9gek (\u00e1fa-val n\u00f6velt brutt\u00f3 \u00f6sszegek anyag- \u00e9s munkad\u00edjjal egy\u00fctt):<\/p>\n\n\n\n<p>- 1 kWp napelem rendszer k\u00f6lts\u00e9ge: 485.645 forint;<\/p>\n\n\n\n<p>- 1-r\u0151l 3 f\u00e1zisra b\u0151v\u00edt\u00e9s (amper n\u00f6vel\u00e9se \u00e9s villanyszerel\u00e9s): 96.400 forint;<\/p>\n\n\n\n<p>- villany\u00f3ra szabv\u00e1nyos\u00edt\u00e1s\u00e1nak k\u00f6lts\u00e9ge: 289.200 forint;\u201d<\/p>\n\n\n\n<p>Felh\u00edvjuk figyelm\u00e9t, hogy az enged\u00e9lyeztet\u00e9s k\u00fcl\u00f6n tev\u00e9kenys\u00e9g, amire a k\u00f6vetkez\u0151 szab\u00e1lyok vonatkoznak: \u201e<a>Az enged\u00e9lyez\u00e9s, a k\u00f6telez\u0151 nyilv\u00e1noss\u00e1g biztos\u00edt\u00e1sa, illetve az energetikai tan\u00fas\u00edtv\u00e1nyok elk\u00e9sz\u00edt\u00e9s\u00e9nek elsz\u00e1molhat\u00f3 k\u00f6lts\u00e9ge nem haladhatja meg az elsz\u00e1molhat\u00f3 kivitelez\u00e9si k\u00f6lts\u00e9g 5%-\u00e1t.<\/a> A tervez\u00e9sre vonatkoz\u00f3an maximum az elsz\u00e1molhat\u00f3 kivitelez\u00e9si k\u00f6lts\u00e9g 10 %-a sz\u00e1molhat\u00f3 el.\u201d<\/p>\n\n\n\n<p><strong>H\u00d3DSZOL\u00c1R K\u00c9RD\u00c9SE: Az akkumul\u00e1toros t\u00e1rol\u00f3egys\u00e9gre, napelemes rendszerre, enged\u00e9lyeztet\u00e9sre, k\u00f6telez\u0151 nyilv\u00e1noss\u00e1gra k\u00f6thet\u0151 egy szerz\u0151d\u00e9s, amennyiben mindent a napelemes kivitelez\u0151 v\u00e9gzi?<\/strong><\/p>\n\n\n\n<p>Az alapk\u00f6vetelm\u00e9nyek, tervez\u00e9s \u00e9s enged\u00e9lyez\u00e9s, k\u00f6telez\u0151 nyilv\u00e1noss\u00e1g, tan\u00fas\u00edt\u00e1s finansz\u00edroz\u00e1sa t\u00f6rt\u00e9nhet a 13%-os t\u00e1mogat\u00e1si el\u0151legb\u0151l, vagy el\u0151finansz\u00edrozhat\u00f3, \u00e9s a z\u00e1r\u00f3 kifizet\u00e9si ig\u00e9nnyel ker\u00fcl ut\u00f3lag kifizet\u00e9sre.<\/p>\n\n\n\n<p>A fentiekb\u0151l azon tev\u00e9kenys\u00e9gek eset\u00e9n, melyekre kivitelez\u0151i szerz\u0151d\u00e9st k\u00f6t\u00f6ttek (6. sz\u00e1m\u00fa mell\u00e9klet), 40% sz\u00e1ll\u00edt\u00f3i el\u0151leg ig\u00e9nyelhet\u0151, valamint a m\u00e9rf\u00f6ldk\u00f6vekn\u00e9l ut\u00f3finansz\u00edrozhat\u00f3.<\/p>\n\n\n\n<p>A k\u00f6telez\u0151 nyilv\u00e1noss\u00e1g biztos\u00edt\u00e1s minden esetben a kivitelez\u0151 feladata.<\/p>\n\n\n\n<p>Minden esetben kell <strong>v\u00e1llalkoz\u00f3i szerz\u0151d\u00e9s<\/strong>, kiv\u00e9ve az \u00e1ramszolg\u00e1ltat\u00f3k eset\u00e9ben. A nem regisztr\u00e1lt kivitelez\u0151k eset\u00e9n is sz\u00fcks\u00e9ges a v\u00e1llalkoz\u00f3i szerz\u0151d\u00e9s, de nem sz\u00fcks\u00e9ges a 6. sz\u00e1m\u00fa mell\u00e9klet haszn\u00e1lata.<\/p>\n\n\n\n<p>Az egyes tev\u00e9kenys\u00e9gekre k\u00fcl\u00f6n szerz\u0151d\u00e9s k\u00f6tend\u0151.<\/p>\n\n\n\n<p><strong>H\u00d3DSZOL\u00c1R K\u00c9RD\u00c9SE: Amennyiben lakc\u00edmk\u00e1rtya szerint a P\u00e1ly\u00e1z\u00f3 az ingatlanban lakik m\u00e1r ak\u00e1r egy \u00e9ve, de a gyakorlatban az elsz\u00e1mol\u00f3 sz\u00e1ml\u00e1n szerepl\u0151 villanyfogyaszt\u00e1s nem fedezi a val\u00f3s\u00e1got, mert nem haszn\u00e1lta eddig \u00e9letvitelszer\u0171en az ingatlant, leigazolhatja a v\u00e1rhat\u00f3 fogyaszt\u00e1s\u00e1t az energetikus \u00e9s lehet erre m\u00e9retezni a napelemes rendszert?<\/strong><\/p>\n\n\n\n<p>Az \u00fajfajta sz\u00e1m\u00edt\u00e1si m\u00f3d szerint:<\/p>\n\n\n\n<p>A t\u00e1mogat\u00e1sban kiz\u00e1r\u00f3lag olyan napelemes rendszer r\u00e9szes\u00edthet\u0151, ahol a napelem-panelek \u00f6sszes\u00edtett n\u00e9vleges be\u00e9p\u00edtett teljes\u00edtm\u00e9nye nem haladja meg a p\u00e1ly\u00e1zat \u00e1ltal \u00e9rintett ingatlanra vonatkoz\u00f3, a p\u00e1ly\u00e1zat bead\u00e1s\u00e1t megel\u0151z\u0151, a fogyaszt\u00f3 \u00e1ltal k\u00e9zhez kapott <strong><u>utols\u00f3 havi villamosenergia fogyaszt\u00e1si sz\u00e1mla<\/u> <\/strong>szerinti fogyaszt\u00e1s kWh-ban kifejezett \u00f6sszeg\u00e9nek 0,0109-cel megszorzott&nbsp; \u00e9rt\u00e9k\u00e9t, de legfeljebb az 5 kWp-et, tov\u00e1bb\u00e1 az inverter kapacit\u00e1sa nem haladhatja meg f\u0151szab\u00e1ly szerint az 5 kW-ot, melyt\u0151l 20%-os m\u00e9rt\u00e9kben el lehet t\u00e9rni, ha igazolhat\u00f3, hogy a nagyobb kapacit\u00e1s\u00fa inverter beker\u00fcl\u00e9si k\u00f6lts\u00e9ge alacsonyabb.<\/p>\n\n\n\n<p>Hamarosan megjelenik a p\u00e1ly\u00e1zati felh\u00edv\u00e1s korrig\u00e1lt v\u00e1ltozata, amely a fent olvashat\u00f3 \u00faj sz\u00e1m\u00edt\u00e1si m\u00f3dot tartalmazza, orvosolta azt a probl\u00e9m\u00e1t, hogy sz\u00e1mos p\u00e1ly\u00e1z\u00f3 nem rendelkezik egy teljes \u00e9ves fogyaszt\u00e1ssal. A lent is olvashat\u00f3 sz\u00e1m\u00edt\u00e1si m\u00f3d helyt\u00e1ll\u00f3, a T\u00e1mogat\u00f3 szervezet d\u00f6nt\u00e9s\u00e9t t\u00fckr\u00f6zi, hamarosan a felh\u00edv\u00e1sban is olvashat\u00f3 lesz.<\/p>\n\n\n\n<p><strong>H\u00d3DSZOL\u00c1R K\u00c9RD\u00c9SE: Van lehet\u0151s\u00e9ge a P\u00e1ly\u00e1z\u00f3nak a napelemes rendszer t\u00f6bblettermel\u00e9s\u00e9t visszaig\u00e9nyelni az \u00e1ramszolg\u00e1ltat\u00f3t\u00f3l? Ha nem, akkor a fenntart\u00e1si id\u0151szak ut\u00e1n sem?<\/strong><\/p>\n\n\n\n<p>A p\u00e1ly\u00e1zati felh\u00edv\u00e1s meghirdet\u00e9sekor a h\u00e1ztart\u00e1si m\u00e9ret\u0171 kiser\u0151m\u0171vekre vonatkoz\u00f3an \u00fagynevezett nett\u00f3 szald\u00f3 elsz\u00e1mol\u00e1s van \u00e9rv\u00e9nyben, mindazon\u00e1ltal Kedvezm\u00e9nyezett a p\u00e1ly\u00e1zati k\u00e9relem beny\u00fajt\u00e1s\u00e1val v\u00e1llalja, hogy az elsz\u00e1mol\u00e1si m\u00f3d v\u00e1ltoz\u00e1sa eset\u00e9n az \u00faj elsz\u00e1mol\u00e1st alkalmazza. A 2.1.2 pont szerinti m\u0171szaki tartalom v\u00e1laszt\u00e1sa eset\u00e9n a k\u00e9sz\u00edtend\u0151 energetikai tan\u00fas\u00edtv\u00e1nyok alapj\u00e1n meg\u00e1llap\u00edtott energiamegtakar\u00edt\u00e1s \u00e9rt\u00e9k\u00e9t a Kedvezm\u00e9nyezett ellen\u00e9rt\u00e9k fej\u00e9ben nem \u00e9rt\u00e9kes\u00edtheti. Teh\u00e1t a fent nevezett v\u00e1llal\u00e1s arra vonatkozik, hogy az elsz\u00e1mol\u00e1s v\u00e1ltoz\u00e1sa eset\u00e9n sz\u00fcks\u00e9ges az \u00faj elsz\u00e1mol\u00e1st alkalmazni.<\/p>\n\n\n\n<p><strong>H\u00d3DSZOL\u00c1R K\u00c9RD\u00c9SE: Mi t\u00f6rt\u00e9nik abban az esetben, ha az 1100-as oszt\u00f3t nem tudjuk alkalmazni a napelemes rendszer eset\u00e9ben, mert m\u0171szakilag nem lesz m\u0171k\u00f6d\u0151k\u00e9pes a rendszer?<\/strong><\/p>\n\n\n\n<p>Az \u00fajfajta sz\u00e1m\u00edt\u00e1si m\u00f3d szerint:<\/p>\n\n\n\n<p>A t\u00e1mogat\u00e1sban kiz\u00e1r\u00f3lag olyan napelemes rendszer r\u00e9szes\u00edthet\u0151, ahol a napelem-panelek \u00f6sszes\u00edtett n\u00e9vleges be\u00e9p\u00edtett teljes\u00edtm\u00e9nye nem haladja meg a p\u00e1ly\u00e1zat \u00e1ltal \u00e9rintett ingatlanra vonatkoz\u00f3, a p\u00e1ly\u00e1zat bead\u00e1s\u00e1t megel\u0151z\u0151, a fogyaszt\u00f3 \u00e1ltal k\u00e9zhez kapott <strong><u>utols\u00f3 havi villamosenergia fogyaszt\u00e1si sz\u00e1mla<\/u> <\/strong>szerinti fogyaszt\u00e1s kWh-ban kifejezett \u00f6sszeg\u00e9nek 0,0109-cel megszorzott&nbsp; \u00e9rt\u00e9k\u00e9t, de legfeljebb az 5 kWp-et, tov\u00e1bb\u00e1 az inverter kapacit\u00e1sa nem haladhatja meg f\u0151szab\u00e1ly szerint az 5 kW-ot, melyt\u0151l 20%-os m\u00e9rt\u00e9kben el lehet t\u00e9rni, ha igazolhat\u00f3, hogy a nagyobb kapacit\u00e1s\u00fa inverter beker\u00fcl\u00e9si k\u00f6lts\u00e9ge alacsonyabb.<\/p>\n\n\n\n<p><strong>H\u00d3DSZOL\u00c1R K\u00c9RD\u00c9SE: A villanyfogyaszt\u00e1shoz m\u00e9rt 1100-as oszt\u00f3 est\u00e9ben h\u00e1ny tizedes jegyig sz\u00fcks\u00e9ges figyelni a napelemes rendszer n\u00e9vleges teljes\u00edtm\u00e9ny\u00e9t?<\/strong><\/p>\n\n\n\n<p>Az \u00fajfajta sz\u00e1m\u00edt\u00e1si m\u00f3d szerint:<\/p>\n\n\n\n<p>A t\u00e1mogat\u00e1sban kiz\u00e1r\u00f3lag olyan napelemes rendszer r\u00e9szes\u00edthet\u0151, ahol a napelem-panelek \u00f6sszes\u00edtett n\u00e9vleges be\u00e9p\u00edtett teljes\u00edtm\u00e9nye nem haladja meg a p\u00e1ly\u00e1zat \u00e1ltal \u00e9rintett ingatlanra vonatkoz\u00f3, a p\u00e1ly\u00e1zat bead\u00e1s\u00e1t megel\u0151z\u0151, a fogyaszt\u00f3 \u00e1ltal k\u00e9zhez kapott <strong><u>utols\u00f3 havi villamosenergia fogyaszt\u00e1si sz\u00e1mla<\/u> <\/strong>szerinti fogyaszt\u00e1s kWh-ban kifejezett \u00f6sszeg\u00e9nek 0,0109-cel megszorzott&nbsp; \u00e9rt\u00e9k\u00e9t, de legfeljebb az 5 kWp-et, tov\u00e1bb\u00e1 az inverter kapacit\u00e1sa nem haladhatja meg f\u0151szab\u00e1ly szerint az 5 kW-ot, melyt\u0151l 20%-os m\u00e9rt\u00e9kben el lehet t\u00e9rni, ha igazolhat\u00f3, hogy a nagyobb kapacit\u00e1s\u00fa inverter beker\u00fcl\u00e9si k\u00f6lts\u00e9ge alacsonyabb.<\/p>\n\n\n\n<p>Amennyiben k\u00e9rd\u00e9s\u00e9re a rendszer m\u00e9retez\u00e9s\u00e9re ir\u00e1nyul, t\u00e1j\u00e9koztatjuk, hogy a sz\u00fcks\u00e9ges, minim\u00e1lis m\u00e9rt\u00e9kig felfel\u00e9 kerek\u00edthet\u0151 a rendszer m\u00e9rete, a megadott teljes\u00edtm\u00e9nykorl\u00e1tok mellett.<\/p>\n\n\n\n<p>T\u00e1j\u00e9koztatjuk, hogy f\u0151szab\u00e1ly szerint az inverter m\u00e9retez\u00e9s\u00e9nek alapja a ki\u00e9p\u00edtend\u0151 napelemes rendszer m\u00e9rete, azaz a ki\u00e9p\u00edtend\u0151 rendszerhez sz\u00fcks\u00e9ges igaz\u00edtani az inverter m\u00e9ret\u00e9t is. A m\u0171szaki szakember jogosults\u00e1ga meg\u00e1llap\u00edtani, hogy a felh\u00edv\u00e1s alapj\u00e1n mekkora inverterre van sz\u00fcks\u00e9ge a p\u00e1ly\u00e1z\u00f3nak.<\/p>\n\n\n\n<p><strong>H\u00d3DSZOL\u00c1R K\u00c9RD\u00c9SE: Egy 2,8 kWp nagys\u00e1g\u00fa napelemes rendszer eset\u00e9ben a 2 KW-os invertern\u00e9l nem \u00e9rv\u00e9nyes\u00fcl a 20%-os hat\u00e1r, ilyenkor lehet nagyobb invertert alkalmazni?<\/strong><\/p>\n\n\n\n<p>K\u00e9r\u00e9s\u00e9re v\u00e1laszul t\u00e1j\u00e9koztatjuk, hogy a t\u00e1mogat\u00e1s kiz\u00e1r\u00f3lag a fogyaszt\u00e1s \u00e1ltal igazolt, de maximum 5 kWp teljes\u00edtm\u00e9ny\u0171 napelemre \u00e9s azt kiszolg\u00e1l\u00f3 inverterre ig\u00e9nyelhet\u0151. Mivel a felh\u00edv\u00e1s a napelem panel eset\u00e9n az<strong> inverterhez k\u00e9pest <\/strong>+20%-os elt\u00e9r\u00e9st enged meg, \u00edgy \u00f6ner\u0151b\u0151l (teh\u00e1t a t\u00e1mogat\u00e1son k\u00edv\u00fcl) tov\u00e1bbi 20% (maximum 1 kWp) kapacit\u00e1s\u00fa napelem panel m\u00e9g felhelyezhet\u0151. Az adminisztr\u00e1ci\u00f3 egyszer\u0171s\u00edt\u00e9se \u00e9rdek\u00e9ben javasoljuk, hogy err\u0151l a t\u00f6bblet kapacit\u00e1sr\u00f3l k\u00fcl\u00f6n szerz\u0151d\u00e9st k\u00f6ssenek.<\/p>\n\n\n\n<p>Nem a napelem teljes\u00edtm\u00e9nye volt a k\u00e9rd\u00e9s, hanem AZ INVERTER M\u00c9RETE.<\/p>\n\n\n\n<p>16-os k\u00e9rd\u00e9s\u00e9re v\u00e1laszolva, p\u00e9ldak\u00e9nt eml\u00edtve, egy 3,9&nbsp;kWp-s rendszer kerek\u00edthet\u0151 4 kWp-re.<\/p>\n\n\n\n<p>A fels\u0151 plafon r\u00f6gz\u00edt\u00e9s\u00e9nek indoka a villamosenergia h\u00e1l\u00f3zat v\u00e9delme.<\/p>\n\n\n\n<p>(Amennyiben \u00f6nk\u00f6lts\u00e9gen nagyobb rendszert szeretne megval\u00f3s\u00edtani, akkor ahhoz az \u00e1ramszolg\u00e1ltat\u00f3 j\u00f3v\u00e1hagy\u00e1sa mellett, a p\u00e1ly\u00e1zattal \u00e9rintett napelemes rendszert\u0151l g\u00e9p\u00e9szetileg \u00e9s elektromosan is elk\u00fcl\u00f6n\u00fcl\u0151 rendszernek a kialak\u00edt\u00e1s\u00e1ra van lehet\u0151s\u00e9g. Az adminisztr\u00e1ci\u00f3 egyszer\u0171s\u00edt\u00e9se \u00e9rdek\u00e9ben javasoljuk, hogy err\u0151l a rendszerr\u0151l k\u00fcl\u00f6n szerz\u0151d\u00e9st k\u00f6ssenek.)<\/p>\n\n\n\n<p>A fogyaszt\u00e1sb\u00f3l\/energetikai tan\u00fas\u00edtv\u00e1nyb\u00f3l <strong>sz\u00e1molt maxim\u00e1lisan t\u00e1mogathat\u00f3 teljes\u00edtm\u00e9ny\u00e9rt\u00e9k<\/strong> term\u00e9szetesen nem minden esetben pontosan kivitelezhet\u0151 a napelemes rendszerek tekintet\u00e9ben. Amennyiben a rendszer teljes\u00edtm\u00e9nye nem \u00e9ri el az 5 kWp \u00e9rt\u00e9ket, akkor ez az \u00e9rt\u00e9k amennyire sz\u00fcks\u00e9ges, felfele kerek\u00edthet\u0151.<\/p>\n\n\n\n<p><strong>H\u00d3DSZOL\u00c1R K\u00c9RD\u00c9SE: A k\u00f6vetkez\u0151 szab\u00e1ly \u00e9rv\u00e9nyes\u00edthet\u0151 ford\u00edtva is, teh\u00e1t az inverter teljes\u00edtm\u00e9nye is meghaladhatja 20%-kal a napelem n\u00e9vleges teljes\u00edtm\u00e9ny\u00e9t? \"A be\u00e9p\u00edtett napelemek \u00f6sszes\u00edtett n\u00e9vleges teljes\u00edtm\u00e9nye legfeljebb 20%-kal haladhatja meg a h\u00e1l\u00f3zatra kapcsol\u00f3d\u00f3 inverter(ek) \u00f6sszes\u00edtett n\u00e9vleges h\u00e1l\u00f3zati csatlakoz\u00e1si teljes\u00edtm\u00e9ny\u00e9t.\"<\/strong><\/p>\n\n\n\n<p>K\u00e9r\u00e9s\u00e9re v\u00e1laszul t\u00e1j\u00e9koztatjuk, hogy a t\u00e1mogat\u00e1s kiz\u00e1r\u00f3lag a fogyaszt\u00e1s \u00e1ltal igazolt, de maximum 5 kWp teljes\u00edtm\u00e9ny\u0171 napelemre \u00e9s azt kiszolg\u00e1l\u00f3 inverterre ig\u00e9nyelhet\u0151. Mivel a felh\u00edv\u00e1s a napelem panel eset\u00e9n az<strong> inverterhez k\u00e9pest <\/strong>+20%-os elt\u00e9r\u00e9st enged meg, \u00edgy \u00f6ner\u0151b\u0151l (teh\u00e1t a t\u00e1mogat\u00e1son k\u00edv\u00fcl) tov\u00e1bbi 20% (maximum 1 kWp) kapacit\u00e1s\u00fa napelem panel m\u00e9g felhelyezhet\u0151. Az adminisztr\u00e1ci\u00f3 egyszer\u0171s\u00edt\u00e9se \u00e9rdek\u00e9ben javasoljuk, hogy err\u0151l a t\u00f6bblet kapacit\u00e1sr\u00f3l k\u00fcl\u00f6n szerz\u0151d\u00e9st k\u00f6ssenek.<\/p>\n\n\n\n<p>A fels\u0151 plafon r\u00f6gz\u00edt\u00e9s\u00e9nek indoka a villamosenergia h\u00e1l\u00f3zat v\u00e9delme.<\/p>\n\n\n\n<p>(Amennyiben \u00f6nk\u00f6lts\u00e9gen nagyobb rendszert szeretne megval\u00f3s\u00edtani, akkor ahhoz az \u00e1ramszolg\u00e1ltat\u00f3 j\u00f3v\u00e1hagy\u00e1sa mellett, a p\u00e1ly\u00e1zattal \u00e9rintett napelemes rendszert\u0151l g\u00e9p\u00e9szetileg \u00e9s elektromosan is elk\u00fcl\u00f6n\u00fcl\u0151 rendszernek a kialak\u00edt\u00e1s\u00e1ra van lehet\u0151s\u00e9g. Az adminisztr\u00e1ci\u00f3 egyszer\u0171s\u00edt\u00e9se \u00e9rdek\u00e9ben javasoljuk, hogy err\u0151l a rendszerr\u0151l k\u00fcl\u00f6n szerz\u0151d\u00e9st k\u00f6ssenek.)<\/p>\n\n\n\n<p>A fogyaszt\u00e1sb\u00f3l\/energetikai tan\u00fas\u00edtv\u00e1nyb\u00f3l <strong>sz\u00e1molt maxim\u00e1lisan t\u00e1mogathat\u00f3 teljes\u00edtm\u00e9ny\u00e9rt\u00e9k<\/strong> term\u00e9szetesen nem minden esetben pontosan kivitelezhet\u0151 a napelemes rendszerek tekintet\u00e9ben. Amennyiben a rendszer teljes\u00edtm\u00e9nye nem \u00e9ri el az 5 kWp \u00e9rt\u00e9ket, akkor ez az \u00e9rt\u00e9k amennyire sz\u00fcks\u00e9ges, felfele kerek\u00edthet\u0151.<\/p>\n\n\n\n<p>Az inverter m\u00e9ret\u00e9t a napelemes rendszerhez sz\u00fcks\u00e9ges m\u00e9retezni. A p\u00e1ly\u00e1zati felh\u00edv\u00e1s alapj\u00e1n legfeljebb 5 kW kapacit\u00e1s\u00fa inverter sz\u00e1molhat\u00f3 el, amit\u0151l +20%-os m\u00e9rt\u00e9kben el lehet t\u00e9rni. Ett\u0151l abban az esetben lehets\u00e9ges elt\u00e9rni, ha dokumentumokkal t\u00e1masztja al\u00e1 a p\u00e1ly\u00e1z\u00f3, hogy a felszerelend\u0151 magasabb kapacit\u00e1s\u00fa inverter olcs\u00f3bb, mint egy 5 kW-os. (Al\u00e1t\u00e1maszt\u00f3 dokumentum: beny\u00fajt\u00e1sra ker\u00fcl egy db szkennelt, vagy emailben kapott \u00e1raj\u00e1nlat). <strong><em><u>F\u0151szab\u00e1ly szerint az inverter m\u00e9retez\u00e9s\u00e9nek alapja a ki\u00e9p\u00edtend\u0151 napelemes rendszer m\u00e9rete, azaz a ki\u00e9p\u00edtend\u0151 rendszerhez sz\u00fcks\u00e9ges igaz\u00edtani az inverter m\u00e9ret\u00e9t is.<\/u><\/em><\/strong><\/p>\n\n\n\n<p>Nincs lehet\u0151s\u00e9g\u00fcnk arra, hogy minden p\u00e1ly\u00e1z\u00f3 eset\u00e9n kisz\u00e1moljuk az inverter \u00e9s a napelemes rendszer m\u00e9ret\u00e9t, ezen okb\u00f3l kifoly\u00f3lag alkott\u00e1k meg a telep\u00edt\u00e9s\u00e9hez sz\u00fcks\u00e9ges szab\u00e1lyokat, amelyeket fent olvashat, amelyek alapj\u00e1t adj\u00e1k a rendszer m\u00e9ret\u00e9nek kisz\u00e1m\u00edt\u00e1s\u00e1nak.<\/p>\n\n\n\n<p><strong>H\u00d3DSZOL\u00c1R K\u00c9RD\u00c9SE: Ha p\u00e9ld\u00e1ul egy 4,86 kWp-s napelemes rendszerre van sz\u00fcks\u00e9g, azonban a 4 KW-os invertert \u00edgy t\u00f6bb, mint 20%-kal meghaladja a napelem teljes\u00edtm\u00e9nye, v\u00e1laszthat\u00f3 hozz\u00e1 egy 5 KW-os inverter?<\/strong><\/p>\n\n\n\n<p>K\u00e9r\u00e9s\u00e9re v\u00e1laszul t\u00e1j\u00e9koztatjuk, hogy a t\u00e1mogat\u00e1s kiz\u00e1r\u00f3lag a fogyaszt\u00e1s \u00e1ltal igazolt, de maximum 5 kWp teljes\u00edtm\u00e9ny\u0171 napelemre \u00e9s azt kiszolg\u00e1l\u00f3 inverterre ig\u00e9nyelhet\u0151. Mivel a felh\u00edv\u00e1s a napelem panel eset\u00e9n az<strong> inverterhez k\u00e9pest <\/strong>+20%-os elt\u00e9r\u00e9st enged meg, \u00edgy \u00f6ner\u0151b\u0151l (teh\u00e1t a t\u00e1mogat\u00e1son k\u00edv\u00fcl) tov\u00e1bbi 20% (maximum 1 kWp) kapacit\u00e1s\u00fa napelem panel m\u00e9g felhelyezhet\u0151. Az adminisztr\u00e1ci\u00f3 egyszer\u0171s\u00edt\u00e9se \u00e9rdek\u00e9ben javasoljuk, hogy err\u0151l a t\u00f6bblet kapacit\u00e1sr\u00f3l k\u00fcl\u00f6n szerz\u0151d\u00e9st k\u00f6ssenek.<\/p>\n\n\n\n<p>A fels\u0151 plafon r\u00f6gz\u00edt\u00e9s\u00e9nek indoka a villamosenergia h\u00e1l\u00f3zat v\u00e9delme.<\/p>\n\n\n\n<p>(Amennyiben \u00f6nk\u00f6lts\u00e9gen nagyobb rendszert szeretne megval\u00f3s\u00edtani, akkor ahhoz az \u00e1ramszolg\u00e1ltat\u00f3 j\u00f3v\u00e1hagy\u00e1sa mellett, a p\u00e1ly\u00e1zattal \u00e9rintett napelemes rendszert\u0151l g\u00e9p\u00e9szetileg \u00e9s elektromosan is elk\u00fcl\u00f6n\u00fcl\u0151 rendszernek a kialak\u00edt\u00e1s\u00e1ra van lehet\u0151s\u00e9g. Az adminisztr\u00e1ci\u00f3 egyszer\u0171s\u00edt\u00e9se \u00e9rdek\u00e9ben javasoljuk, hogy err\u0151l a rendszerr\u0151l k\u00fcl\u00f6n szerz\u0151d\u00e9st k\u00f6ssenek.)<\/p>\n\n\n\n<p>A fogyaszt\u00e1sb\u00f3l\/energetikai tan\u00fas\u00edtv\u00e1nyb\u00f3l <strong>sz\u00e1molt maxim\u00e1lisan t\u00e1mogathat\u00f3 teljes\u00edtm\u00e9ny\u00e9rt\u00e9k<\/strong> term\u00e9szetesen nem minden esetben pontosan kivitelezhet\u0151 a napelemes rendszerek tekintet\u00e9ben. Amennyiben a rendszer teljes\u00edtm\u00e9nye nem \u00e9ri el az 5 kWp \u00e9rt\u00e9ket, akkor ez az \u00e9rt\u00e9k amennyire sz\u00fcks\u00e9ges, felfele kerek\u00edthet\u0151.<\/p>\n\n\n\n<p><strong>H\u00d3DSZOL\u00c1R K\u00c9RD\u00c9SE:  <strong>Mir\u0151l sz\u00fcks\u00e9ges fot\u00f3dokument\u00e1ci\u00f3t beny\u00fajtani?<\/strong> A fot\u00f3dokument\u00e1ci\u00f3hoz h\u00e1ny darab fot\u00f3ra van sz\u00fcks\u00e9g az elej\u00e9n \u00e9s a v\u00e9g\u00e9n<\/strong>?<\/p>\n\n\n\n<p>A&nbsp; <strong>fot\u00f3dokument\u00e1ci\u00f3<\/strong>nak azokat a f\u0151 elemeket kell tartalmaznia, ami p\u00e1ly\u00e1zati felh\u00edv\u00e1s m\u0171szaki megval\u00f3s\u00edt\u00e1s\u00e1t \u00e9rinteni fogja. Fontos, hogy minden olyan \u00e9p\u00fcletr\u00e9sz \u00e9s g\u00e9p\u00e9szet dokument\u00e1lva legyen, ami p\u00e1ly\u00e1zattal kapcsolatosan elbont\u00e1ssal, \u00e9p\u00edt\u00e9ssel, m\u00f3dos\u00edt\u00e1ssal \u00e9rintett lesz.<\/p>\n\n\n\n<p>1. m\u0171szaki tartalom eset\u00e9n pl. a tet\u0151 \u00e9s a villany\u00f3ra, stb.<\/p>\n\n\n\n<p>2. m\u0171szaki tartalom est\u00e9n pl. a tet\u0151 \u00e9s a villany\u00f3ra, a f\u0171t\u00e9si rendszer, ny\u00edl\u00e1sz\u00e1r\u00f3k, stb. &nbsp;<\/p>\n\n\n\n<p>Felh\u00edvjuk figyelm\u00e9t, hogy nem a fot\u00f3k sz\u00e1m\u00e1t vessz\u00fck figyelembe, hanem azok tartalm\u00e1t. Amennyiben 15 fot\u00f3 dokument\u00e1lja a helysz\u00ednt, akkor 15 fot\u00f3ra van sz\u00fcks\u00e9g, ha 4, akkor 4-re, ha 34, abban az esteben 34 fot\u00f3t sz\u00edveskedjen csatolni!<\/p>\n\n\n\n<p><strong>H\u00d3DSZOL\u00c1R K\u00c9RD\u00c9SE: Kiz\u00e1r\u00f3 ok, ha az az \u00e9p\u00fclet, amire a napelemet telep\u00edten\u00e9nk, nem szerepel a t\u00e9rk\u00e9pm\u00e1solaton?<\/strong><\/p>\n\n\n\n<p>Mind a 2.1.1, mind a 2.1.2 pont eset\u00e9ben a napelem-panelek mindazon \u00e9p\u00fclet tet\u0151szerkezet\u00e9re helyezhet\u0151k, az \u00e9p\u00fcletek funkci\u00f3j\u00e1t\u00f3l f\u00fcggetlen\u00fcl, amelyek a p\u00e1ly\u00e1zat \u00e1ltal \u00e9rintett ingatlan szerinti helyrajzi sz\u00e1m alatti f\u00f6ldter\u00fcleten tal\u00e1lhat\u00f3k. Sz\u00fcks\u00e9ges azonban, hogy a tulajdoni lapon fel legyen t\u00fcntetve az \u00e9p\u00fclet, amelyre a napelemes rendszer telep\u00edtve lesz.<\/p>\n\n\n\n<p><strong>H\u00d3DSZOL\u00c1R K\u00c9RD\u00c9SE: Amennyiben tet\u0151csere t\u00f6rt\u00e9nik a beny\u00fajt\u00e1st k\u00f6vet\u0151en, sz\u00fcks\u00e9ges jelezn\u00fcnk, hogy a fot\u00f3dokument\u00e1ci\u00f3n szerepl\u0151 tet\u0151 a z\u00e1r\u00e1skor beny\u00fajtott fot\u00f3dokument\u00e1ci\u00f3n m\u00e1r nem lesz egyforma?<\/strong><\/p>\n\n\n\n<p>Ebben az esetben fontos, hogy az eg\u00e9sz \u00e9p\u00fclet l\u00e1that\u00f3 legyen a fot\u00f3kon, hogy az a beruh\u00e1z\u00e1s befejez\u00e9sekor beazonos\u00edthat\u00f3 legyen.<strong><\/strong><\/p>\n\n\n\n<p><strong>H\u00d3DSZOL\u00c1R K\u00c9RD\u00c9SE: Ha \u00f6nmag\u00e1ban az inverter nem rendelkezik 10 \u00e9ves garanciaid\u0151vel, p\u00e1ly\u00e1zat szempontj\u00e1b\u00f3l elfogadhat\u00f3, ha a p\u00e1ly\u00e1z\u00f3 \u00f6ner\u0151b\u0151l kifizeti az inverter garanciab\u0151v\u00edt\u00e9s\u00e9t, ez\u00e1ltal a garancia el\u00e9ri a 10 \u00e9vet? Ezt a szempontot a z\u00e1r\u00f3 dokument\u00e1ci\u00f3 sor\u00e1n ellen\u0151rzik, amikor a j\u00f3t\u00e1ll\u00e1si jegyek is beny\u00fajt\u00e1sra ker\u00fclnek vagy el\u0151re sz\u00fcks\u00e9ges err\u0151l nyilatkoznia a kivitelez\u0151nek?<\/strong><\/p>\n\n\n\n<p>\u201eFelh\u00edvjuk arra a figyelmet, hogy a lakoss\u00e1gi p\u00e1ly\u00e1zaton nyertes szem\u00e9lyekkel k\u00f6tend\u0151 V\u00e1llalkoz\u00e1si szerz\u0151d\u00e9sben a be\u00e9p\u00edtett napelemes rendszer eg\u00e9sz\u00e9re legal\u00e1bb 10 \u00e9ves, egy\u00e9b be\u00e9p\u00edtett rendszer eset\u00e9n pedig legal\u00e1bb 2 \u00e9ves szavatoss\u00e1got \u00e9s j\u00f3t\u00e1ll\u00e1st sz\u00fcks\u00e9ges v\u00e1llalni.\u201d<\/p>\n\n\n\n<p><strong>H\u00d3DSZOL\u00c1R K\u00c9RD\u00c9SE: Mi t\u00f6rt\u00e9nik abban az esetben ha a p\u00e1ly\u00e1z\u00f3 \u00e9s a villanysz\u00e1ml\u00e1n (ez\u00e1ltal az \u00e1ramszolg\u00e1ltat\u00f3 \u00f6sszes enged\u00e9ly\u00e9n) k\u00e9t k\u00fcl\u00f6nb\u00f6z\u0151 n\u00e9v szerepel \u00e9s az ut\u00f3bbi nem tulajdonos?<\/strong><\/p>\n\n\n\n<p>Felh\u00edvjuk a figyelm\u00e9t, hogy a p\u00e1ly\u00e1zat tekintet\u00e9ben sz\u00fcks\u00e9gszer\u0171, hogy<strong> az \u00e1ramszolg\u00e1ltat\u00f3val szerz\u0151d\u00f6tt f\u00e9l a P\u00e1ly\u00e1z\u00f3<\/strong> legyen. (A villany\u00f3r\u00e1val\/\u00e1ramszolg\u00e1ltat\u00f3val kapcsolatos k\u00f6lts\u00e9gek elsz\u00e1molhat\u00f3s\u00e1ga, \u00e9s a teljes p\u00e1ly\u00e1zati dokument\u00e1ci\u00f3val val\u00f3 \u00f6sszef\u00e9rhet\u0151s\u00e9g v\u00e9gett.) \u00c1t\u00edr\u00e1s eset\u00e9n viszont nem fogj\u00e1k tudni elsz\u00e1molni az eddigi \u00e1ramfogyaszt\u00e1sukat, \u00e9s energetikai tan\u00fas\u00edtv\u00e1nyt sz\u00fcks\u00e9ges k\u00e9sz\u00edttetni. Ennek az d\u00edja, amennyiben csak a napelemes rendszerre p\u00e1ly\u00e1znak, nem elsz\u00e1molhat\u00f3 k\u00f6lts\u00e9g. A 2. m\u0171szaki tartalom vonatkoz\u00e1s\u00e1ban ezen k\u00f6lts\u00e9g ut\u00f3finansz\u00edroz\u00e1ssal sz\u00e1molhat\u00f3 el, \u00e9s elk\u00e9sz\u00edttet\u00e9se nem min\u0151s\u00fcl megkezdetts\u00e9gnek.<\/p>\n\n\n\n<p><strong>H\u00d3DSZOL\u00c1R K\u00c9RD\u00c9SE: Mi t\u00f6rt\u00e9nik abban az esetben ha a p\u00e1ly\u00e1z\u00f3 \u00e9s a villanysz\u00e1ml\u00e1n (ez\u00e1ltal az \u00e1ramszolg\u00e1ltat\u00f3 \u00f6sszes enged\u00e9ly\u00e9n) k\u00e9t k\u00fcl\u00f6nb\u00f6z\u0151 n\u00e9v szerepel \u00e9s az ut\u00f3bbi tulajdonos?<\/strong><\/p>\n\n\n\n<p>Felh\u00edvjuk a figyelm\u00e9t, hogy a p\u00e1ly\u00e1zat tekintet\u00e9ben sz\u00fcks\u00e9gszer\u0171, hogy<strong> az \u00e1ramszolg\u00e1ltat\u00f3val szerz\u0151d\u00f6tt f\u00e9l a P\u00e1ly\u00e1z\u00f3<\/strong> legyen. (A villany\u00f3r\u00e1val\/\u00e1ramszolg\u00e1ltat\u00f3val kapcsolatos k\u00f6lts\u00e9gek elsz\u00e1molhat\u00f3s\u00e1ga, \u00e9s a teljes p\u00e1ly\u00e1zati dokument\u00e1ci\u00f3val val\u00f3 \u00f6sszef\u00e9rhet\u0151s\u00e9g v\u00e9gett.) \u00c1t\u00edr\u00e1s eset\u00e9n viszont nem fogj\u00e1k tudni elsz\u00e1molni az eddigi \u00e1ramfogyaszt\u00e1sukat, \u00e9s energetikai tan\u00fas\u00edtv\u00e1nyt sz\u00fcks\u00e9ges k\u00e9sz\u00edttetni. Ennek az d\u00edja, amennyiben csak a napelemes rendszerre p\u00e1ly\u00e1znak, nem elsz\u00e1molhat\u00f3 k\u00f6lts\u00e9g. A 2. m\u0171szaki tartalom vonatkoz\u00e1s\u00e1ban ezen k\u00f6lts\u00e9g ut\u00f3finansz\u00edroz\u00e1ssal sz\u00e1molhat\u00f3 el, \u00e9s elk\u00e9sz\u00edttet\u00e9se nem min\u0151s\u00fcl megkezdetts\u00e9gnek.<\/p>\n\n\n\n<p><strong>H\u00d3DSZOL\u00c1R K\u00c9RD\u00c9SE: Illetve lenne egy k\u00fcl\u00f6n k\u00e9rd\u00e9s\u00fcnk, miszerint kor\u00e1bban azt a v\u00e1laszt adt\u00e1k, hogy a f\u0171t\u00e9si energiaig\u00e9nyen T\u00daL a villanyfogyaszt\u00e1sra is lehet m\u00e9retezni a napelemes rendszert, azonban ez ellentmond a P\u00e1ly\u00e1zati Felh\u00edv\u00e1snak, miszerint 1. m\u0171szaki csomag eset\u00e9n csak a villanyfogyaszt\u00e1sra, m\u00e1sodik m\u0171szaki csomag eset\u00e9n csak a f\u0171t\u00e9si energiaig\u00e9nyre lehet m\u00e9retezni a napelemes rendszert. \u00cdgy ebben szeretn\u00e9nk k\u00e9rni a hivatalos \u00e1ll\u00e1sfoglal\u00e1sukat, az energetikus csak a f\u0171t\u00e9si energiaig\u00e9nyt sz\u00e1molhatja ki vagy hozz\u00e1adhatja a megl\u00e9v\u0151 villanyfogyaszt\u00e1st is? Melyikre m\u00e9retezhet\u0151 a napelem f\u0171t\u00e9skorszer\u0171s\u00edt\u00e9s eset\u00e9n?<\/strong><\/p>\n\n\n\n<p>A m\u00e1sodik m\u0171szaki tartalom v\u00e1laszt\u00e1sa eset\u00e9n a m\u00faltb\u00e9li fogyaszt\u00e1st, tov\u00e1bb\u00e1 a h\u0151szivatty\u00fa energiaig\u00e9ny\u00e9t sz\u00fcks\u00e9ges sz\u00e1m\u00edt\u00e1sba venni. A j\u00f6v\u0151ben ki\u00e9p\u00edtend\u0151 rendszerek energiaig\u00e9ny\u00e9t nem lehets\u00e9ges jelen p\u00e1ly\u00e1zat keretein bel\u00fcl sz\u00e1m\u00edt\u00e1sba venni.<\/p>\n","protected":false},"excerpt":{"rendered":"<p>H\u00d3DSZOL\u00c1R K\u00c9RD\u00c9SE: A fenntart\u00e1si id\u0151szak alatt van-e lehet\u0151s\u00e9g b\u0151v\u00edteni a napelemes rendszert \u00f6ner\u0151b\u0151l? A fenntart\u00e1si \u00e9s monitoring id\u0151szak lez\u00e1rul\u00e1si id\u0151 el\u0151tt a t\u00e1mogatott m\u0171szaki beruh\u00e1z\u00e1sok elbont\u00e1sa, m\u00f3dos\u00edt\u00e1sa, cser\u00e9je nem lehets\u00e9ges. Arra van lehet\u0151s\u00e9g, hogy a t\u00e1mogatott m\u0171szaki beruh\u00e1z\u00e1s \u00e9rintetlen\u00fcl hagy\u00e1sa mellett \u00faj m\u0171szaki tartalommal fejlessz\u00e9k az ingatlant. A napelemes rendszer b\u0151v\u00edt\u00e9se ezek szerint a \u201em\u0171szaki [&hellip;]<\/p>\n","protected":false},"author":3,"featured_media":804,"comment_status":"open","ping_status":"open","sticky":false,"template":"","format":"standard","meta":{"footnotes":""},"categories":[1],"tags":[],"class_list":["post-809","post","type-post","status-publish","format-standard","has-post-thumbnail","hentry","category-egyeb"],"yoast_head":"<!-- This site is optimized with the Yoast SEO plugin v19.5.1 - https:\/\/yoast.com\/wordpress\/plugins\/seo\/ -->\n<title>100%-os t\u00e1mogat\u00e1s - \u00c9MI v\u00e1laszai - 2. r\u00e9sz | H\u00f3dszol\u00e1r<\/title>\n<meta name=\"robots\" content=\"noindex, follow, max-snippet:-1, max-image-preview:large, max-video-preview:-1\" \/>\n<meta property=\"og:locale\" content=\"hu_HU\" \/>\n<meta property=\"og:type\" content=\"article\" \/>\n<meta property=\"og:title\" content=\"100%-os t\u00e1mogat\u00e1s - \u00c9MI v\u00e1laszai - 2. r\u00e9sz | H\u00f3dszol\u00e1r\" \/>\n<meta property=\"og:description\" content=\"H\u00d3DSZOL\u00c1R K\u00c9RD\u00c9SE: A fenntart\u00e1si id\u0151szak alatt van-e lehet\u0151s\u00e9g b\u0151v\u00edteni a napelemes rendszert \u00f6ner\u0151b\u0151l? A fenntart\u00e1si \u00e9s monitoring id\u0151szak lez\u00e1rul\u00e1si id\u0151 el\u0151tt a t\u00e1mogatott m\u0171szaki beruh\u00e1z\u00e1sok elbont\u00e1sa, m\u00f3dos\u00edt\u00e1sa, cser\u00e9je nem lehets\u00e9ges. Arra van lehet\u0151s\u00e9g, hogy a t\u00e1mogatott m\u0171szaki beruh\u00e1z\u00e1s \u00e9rintetlen\u00fcl hagy\u00e1sa mellett \u00faj m\u0171szaki tartalommal fejlessz\u00e9k az ingatlant. A napelemes rendszer b\u0151v\u00edt\u00e9se ezek szerint a \u201em\u0171szaki [&hellip;]\" \/>\n<meta property=\"og:url\" content=\"https:\/\/dev.kompaktdesign.hu\/hodszolar.hu\/2021\/12\/01\/100-os-tamogatas-emi-valaszai-2-res\/\" \/>\n<meta property=\"og:site_name\" content=\"H\u00f3dszol\u00e1r\" \/>\n<meta property=\"article:publisher\" content=\"https:\/\/www.facebook.com\/hodszolar\" \/>\n<meta property=\"article:published_time\" content=\"2021-12-01T09:34:44+00:00\" \/>\n<meta property=\"article:modified_time\" content=\"2021-12-01T09:35:14+00:00\" \/>\n<meta property=\"og:image\" content=\"https:\/\/dev.kompaktdesign.hu\/hodszolar.hu\/wp-content\/uploads\/2021\/11\/unnamed.jpg\" \/>\n\t<meta property=\"og:image:width\" content=\"900\" \/>\n\t<meta property=\"og:image:height\" content=\"900\" \/>\n\t<meta property=\"og:image:type\" content=\"image\/jpeg\" \/>\n<meta name=\"author\" content=\"H\u00f3dszol\u00e1r Kft.\" \/>\n<meta name=\"twitter:card\" content=\"summary_large_image\" \/>\n<meta name=\"twitter:label1\" content=\"Szerz\u0151:\" \/>\n\t<meta name=\"twitter:data1\" content=\"H\u00f3dszol\u00e1r Kft.\" \/>\n\t<meta name=\"twitter:label2\" content=\"Becs\u00fclt olvas\u00e1si id\u0151\" \/>\n\t<meta name=\"twitter:data2\" content=\"14 perc\" \/>\n<script type=\"application\/ld+json\" class=\"yoast-schema-graph\">{\"@context\":\"https:\/\/schema.org\",\"@graph\":[{\"@type\":\"Article\",\"@id\":\"https:\/\/dev.kompaktdesign.hu\/hodszolar.hu\/2021\/12\/01\/100-os-tamogatas-emi-valaszai-2-res\/#article\",\"isPartOf\":{\"@id\":\"https:\/\/dev.kompaktdesign.hu\/hodszolar.hu\/2021\/12\/01\/100-os-tamogatas-emi-valaszai-2-res\/\"},\"author\":{\"name\":\"H\u00f3dszol\u00e1r Kft.\",\"@id\":\"https:\/\/dev.kompaktdesign.hu\/hodszolar.hu\/#\/schema\/person\/a788af940a3d6b2829396312340dd08c\"},\"headline\":\"100%-os t\u00e1mogat\u00e1s - \u00c9MI v\u00e1laszai - 2. r\u00e9sz\",\"datePublished\":\"2021-12-01T09:34:44+00:00\",\"dateModified\":\"2021-12-01T09:35:14+00:00\",\"mainEntityOfPage\":{\"@id\":\"https:\/\/dev.kompaktdesign.hu\/hodszolar.hu\/2021\/12\/01\/100-os-tamogatas-emi-valaszai-2-res\/\"},\"wordCount\":5361,\"commentCount\":0,\"publisher\":{\"@id\":\"https:\/\/dev.kompaktdesign.hu\/hodszolar.hu\/#organization\"},\"articleSection\":[\"Egy\u00e9b kateg\u00f3ria\"],\"inLanguage\":\"hu\",\"potentialAction\":[{\"@type\":\"CommentAction\",\"name\":\"Comment\",\"target\":[\"https:\/\/dev.kompaktdesign.hu\/hodszolar.hu\/2021\/12\/01\/100-os-tamogatas-emi-valaszai-2-res\/#respond\"]}]},{\"@type\":\"WebPage\",\"@id\":\"https:\/\/dev.kompaktdesign.hu\/hodszolar.hu\/2021\/12\/01\/100-os-tamogatas-emi-valaszai-2-res\/\",\"url\":\"https:\/\/dev.kompaktdesign.hu\/hodszolar.hu\/2021\/12\/01\/100-os-tamogatas-emi-valaszai-2-res\/\",\"name\":\"100%-os t\u00e1mogat\u00e1s - \u00c9MI v\u00e1laszai - 2. r\u00e9sz | H\u00f3dszol\u00e1r\",\"isPartOf\":{\"@id\":\"https:\/\/dev.kompaktdesign.hu\/hodszolar.hu\/#website\"},\"datePublished\":\"2021-12-01T09:34:44+00:00\",\"dateModified\":\"2021-12-01T09:35:14+00:00\",\"breadcrumb\":{\"@id\":\"https:\/\/dev.kompaktdesign.hu\/hodszolar.hu\/2021\/12\/01\/100-os-tamogatas-emi-valaszai-2-res\/#breadcrumb\"},\"inLanguage\":\"hu\",\"potentialAction\":[{\"@type\":\"ReadAction\",\"target\":[\"https:\/\/dev.kompaktdesign.hu\/hodszolar.hu\/2021\/12\/01\/100-os-tamogatas-emi-valaszai-2-res\/\"]}]},{\"@type\":\"BreadcrumbList\",\"@id\":\"https:\/\/dev.kompaktdesign.hu\/hodszolar.hu\/2021\/12\/01\/100-os-tamogatas-emi-valaszai-2-res\/#breadcrumb\",\"itemListElement\":[{\"@type\":\"ListItem\",\"position\":1,\"name\":\"Kezd\u0151lap\",\"item\":\"https:\/\/dev.kompaktdesign.hu\/hodszolar.hu\/\"},{\"@type\":\"ListItem\",\"position\":2,\"name\":\"100%-os t\u00e1mogat\u00e1s - \u00c9MI v\u00e1laszai - 2. r\u00e9sz\"}]},{\"@type\":\"WebSite\",\"@id\":\"https:\/\/dev.kompaktdesign.hu\/hodszolar.hu\/#website\",\"url\":\"https:\/\/dev.kompaktdesign.hu\/hodszolar.hu\/\",\"name\":\"H\u00f3dszol\u00e1r\",\"description\":\"A v\u00e1s\u00e1rhelyi napelemes\",\"publisher\":{\"@id\":\"https:\/\/dev.kompaktdesign.hu\/hodszolar.hu\/#organization\"},\"potentialAction\":[{\"@type\":\"SearchAction\",\"target\":{\"@type\":\"EntryPoint\",\"urlTemplate\":\"https:\/\/dev.kompaktdesign.hu\/hodszolar.hu\/?s={search_term_string}\"},\"query-input\":\"required name=search_term_string\"}],\"inLanguage\":\"hu\"},{\"@type\":\"Organization\",\"@id\":\"https:\/\/dev.kompaktdesign.hu\/hodszolar.hu\/#organization\",\"name\":\"H\u00f3dszol\u00e1r Kft.\",\"url\":\"https:\/\/dev.kompaktdesign.hu\/hodszolar.hu\/\",\"sameAs\":[\"https:\/\/www.facebook.com\/hodszolar\"],\"logo\":{\"@type\":\"ImageObject\",\"inLanguage\":\"hu\",\"@id\":\"https:\/\/dev.kompaktdesign.hu\/hodszolar.hu\/#\/schema\/logo\/image\/\",\"url\":\"https:\/\/dev.kompaktdesign.hu\/hodszolar.hu\/wp-content\/uploads\/2021\/05\/fvicon.png\",\"contentUrl\":\"https:\/\/dev.kompaktdesign.hu\/hodszolar.hu\/wp-content\/uploads\/2021\/05\/fvicon.png\",\"width\":132,\"height\":132,\"caption\":\"H\u00f3dszol\u00e1r Kft.\"},\"image\":{\"@id\":\"https:\/\/dev.kompaktdesign.hu\/hodszolar.hu\/#\/schema\/logo\/image\/\"}},{\"@type\":\"Person\",\"@id\":\"https:\/\/dev.kompaktdesign.hu\/hodszolar.hu\/#\/schema\/person\/a788af940a3d6b2829396312340dd08c\",\"name\":\"H\u00f3dszol\u00e1r Kft.\",\"image\":{\"@type\":\"ImageObject\",\"inLanguage\":\"hu\",\"@id\":\"https:\/\/dev.kompaktdesign.hu\/hodszolar.hu\/#\/schema\/person\/image\/\",\"url\":\"https:\/\/secure.gravatar.com\/avatar\/38df000db6f2e93b7f0ccccf7714392424ca033738d34dfe71f19fdb70329830?s=96&d=mm&r=g\",\"contentUrl\":\"https:\/\/secure.gravatar.com\/avatar\/38df000db6f2e93b7f0ccccf7714392424ca033738d34dfe71f19fdb70329830?s=96&d=mm&r=g\",\"caption\":\"H\u00f3dszol\u00e1r Kft.\"},\"url\":\"https:\/\/dev.kompaktdesign.hu\/hodszolar.hu\/author\/hodszolar\/\"}]}<\/script>\n<!-- \/ Yoast SEO plugin. -->","yoast_head_json":{"title":"100%-os t\u00e1mogat\u00e1s - \u00c9MI v\u00e1laszai - 2. r\u00e9sz | H\u00f3dszol\u00e1r","robots":{"index":"noindex","follow":"follow","max-snippet":"max-snippet:-1","max-image-preview":"max-image-preview:large","max-video-preview":"max-video-preview:-1"},"og_locale":"hu_HU","og_type":"article","og_title":"100%-os t\u00e1mogat\u00e1s - \u00c9MI v\u00e1laszai - 2. r\u00e9sz | H\u00f3dszol\u00e1r","og_description":"H\u00d3DSZOL\u00c1R K\u00c9RD\u00c9SE: A fenntart\u00e1si id\u0151szak alatt van-e lehet\u0151s\u00e9g b\u0151v\u00edteni a napelemes rendszert \u00f6ner\u0151b\u0151l? A fenntart\u00e1si \u00e9s monitoring id\u0151szak lez\u00e1rul\u00e1si id\u0151 el\u0151tt a t\u00e1mogatott m\u0171szaki beruh\u00e1z\u00e1sok elbont\u00e1sa, m\u00f3dos\u00edt\u00e1sa, cser\u00e9je nem lehets\u00e9ges. Arra van lehet\u0151s\u00e9g, hogy a t\u00e1mogatott m\u0171szaki beruh\u00e1z\u00e1s \u00e9rintetlen\u00fcl hagy\u00e1sa mellett \u00faj m\u0171szaki tartalommal fejlessz\u00e9k az ingatlant. A napelemes rendszer b\u0151v\u00edt\u00e9se ezek szerint a \u201em\u0171szaki [&hellip;]","og_url":"https:\/\/dev.kompaktdesign.hu\/hodszolar.hu\/2021\/12\/01\/100-os-tamogatas-emi-valaszai-2-res\/","og_site_name":"H\u00f3dszol\u00e1r","article_publisher":"https:\/\/www.facebook.com\/hodszolar","article_published_time":"2021-12-01T09:34:44+00:00","article_modified_time":"2021-12-01T09:35:14+00:00","og_image":[{"width":900,"height":900,"url":"https:\/\/dev.kompaktdesign.hu\/hodszolar.hu\/wp-content\/uploads\/2021\/11\/unnamed.jpg","type":"image\/jpeg"}],"author":"H\u00f3dszol\u00e1r Kft.","twitter_card":"summary_large_image","twitter_misc":{"Szerz\u0151:":"H\u00f3dszol\u00e1r Kft.","Becs\u00fclt olvas\u00e1si id\u0151":"14 perc"},"schema":{"@context":"https:\/\/schema.org","@graph":[{"@type":"Article","@id":"https:\/\/dev.kompaktdesign.hu\/hodszolar.hu\/2021\/12\/01\/100-os-tamogatas-emi-valaszai-2-res\/#article","isPartOf":{"@id":"https:\/\/dev.kompaktdesign.hu\/hodszolar.hu\/2021\/12\/01\/100-os-tamogatas-emi-valaszai-2-res\/"},"author":{"name":"H\u00f3dszol\u00e1r Kft.","@id":"https:\/\/dev.kompaktdesign.hu\/hodszolar.hu\/#\/schema\/person\/a788af940a3d6b2829396312340dd08c"},"headline":"100%-os t\u00e1mogat\u00e1s - \u00c9MI v\u00e1laszai - 2. r\u00e9sz","datePublished":"2021-12-01T09:34:44+00:00","dateModified":"2021-12-01T09:35:14+00:00","mainEntityOfPage":{"@id":"https:\/\/dev.kompaktdesign.hu\/hodszolar.hu\/2021\/12\/01\/100-os-tamogatas-emi-valaszai-2-res\/"},"wordCount":5361,"commentCount":0,"publisher":{"@id":"https:\/\/dev.kompaktdesign.hu\/hodszolar.hu\/#organization"},"articleSection":["Egy\u00e9b kateg\u00f3ria"],"inLanguage":"hu","potentialAction":[{"@type":"CommentAction","name":"Comment","target":["https:\/\/dev.kompaktdesign.hu\/hodszolar.hu\/2021\/12\/01\/100-os-tamogatas-emi-valaszai-2-res\/#respond"]}]},{"@type":"WebPage","@id":"https:\/\/dev.kompaktdesign.hu\/hodszolar.hu\/2021\/12\/01\/100-os-tamogatas-emi-valaszai-2-res\/","url":"https:\/\/dev.kompaktdesign.hu\/hodszolar.hu\/2021\/12\/01\/100-os-tamogatas-emi-valaszai-2-res\/","name":"100%-os t\u00e1mogat\u00e1s - \u00c9MI v\u00e1laszai - 2. r\u00e9sz | H\u00f3dszol\u00e1r","isPartOf":{"@id":"https:\/\/dev.kompaktdesign.hu\/hodszolar.hu\/#website"},"datePublished":"2021-12-01T09:34:44+00:00","dateModified":"2021-12-01T09:35:14+00:00","breadcrumb":{"@id":"https:\/\/dev.kompaktdesign.hu\/hodszolar.hu\/2021\/12\/01\/100-os-tamogatas-emi-valaszai-2-res\/#breadcrumb"},"inLanguage":"hu","potentialAction":[{"@type":"ReadAction","target":["https:\/\/dev.kompaktdesign.hu\/hodszolar.hu\/2021\/12\/01\/100-os-tamogatas-emi-valaszai-2-res\/"]}]},{"@type":"BreadcrumbList","@id":"https:\/\/dev.kompaktdesign.hu\/hodszolar.hu\/2021\/12\/01\/100-os-tamogatas-emi-valaszai-2-res\/#breadcrumb","itemListElement":[{"@type":"ListItem","position":1,"name":"Kezd\u0151lap","item":"https:\/\/dev.kompaktdesign.hu\/hodszolar.hu\/"},{"@type":"ListItem","position":2,"name":"100%-os t\u00e1mogat\u00e1s - \u00c9MI v\u00e1laszai - 2. r\u00e9sz"}]},{"@type":"WebSite","@id":"https:\/\/dev.kompaktdesign.hu\/hodszolar.hu\/#website","url":"https:\/\/dev.kompaktdesign.hu\/hodszolar.hu\/","name":"H\u00f3dszol\u00e1r","description":"A v\u00e1s\u00e1rhelyi napelemes","publisher":{"@id":"https:\/\/dev.kompaktdesign.hu\/hodszolar.hu\/#organization"},"potentialAction":[{"@type":"SearchAction","target":{"@type":"EntryPoint","urlTemplate":"https:\/\/dev.kompaktdesign.hu\/hodszolar.hu\/?s={search_term_string}"},"query-input":"required name=search_term_string"}],"inLanguage":"hu"},{"@type":"Organization","@id":"https:\/\/dev.kompaktdesign.hu\/hodszolar.hu\/#organization","name":"H\u00f3dszol\u00e1r Kft.","url":"https:\/\/dev.kompaktdesign.hu\/hodszolar.hu\/","sameAs":["https:\/\/www.facebook.com\/hodszolar"],"logo":{"@type":"ImageObject","inLanguage":"hu","@id":"https:\/\/dev.kompaktdesign.hu\/hodszolar.hu\/#\/schema\/logo\/image\/","url":"https:\/\/dev.kompaktdesign.hu\/hodszolar.hu\/wp-content\/uploads\/2021\/05\/fvicon.png","contentUrl":"https:\/\/dev.kompaktdesign.hu\/hodszolar.hu\/wp-content\/uploads\/2021\/05\/fvicon.png","width":132,"height":132,"caption":"H\u00f3dszol\u00e1r Kft."},"image":{"@id":"https:\/\/dev.kompaktdesign.hu\/hodszolar.hu\/#\/schema\/logo\/image\/"}},{"@type":"Person","@id":"https:\/\/dev.kompaktdesign.hu\/hodszolar.hu\/#\/schema\/person\/a788af940a3d6b2829396312340dd08c","name":"H\u00f3dszol\u00e1r Kft.","image":{"@type":"ImageObject","inLanguage":"hu","@id":"https:\/\/dev.kompaktdesign.hu\/hodszolar.hu\/#\/schema\/person\/image\/","url":"https:\/\/secure.gravatar.com\/avatar\/38df000db6f2e93b7f0ccccf7714392424ca033738d34dfe71f19fdb70329830?s=96&d=mm&r=g","contentUrl":"https:\/\/secure.gravatar.com\/avatar\/38df000db6f2e93b7f0ccccf7714392424ca033738d34dfe71f19fdb70329830?s=96&d=mm&r=g","caption":"H\u00f3dszol\u00e1r Kft."},"url":"https:\/\/dev.kompaktdesign.hu\/hodszolar.hu\/author\/hodszolar\/"}]}},"_links":{"self":[{"href":"https:\/\/dev.kompaktdesign.hu\/hodszolar.hu\/wp-json\/wp\/v2\/posts\/809","targetHints":{"allow":["GET"]}}],"collection":[{"href":"https:\/\/dev.kompaktdesign.hu\/hodszolar.hu\/wp-json\/wp\/v2\/posts"}],"about":[{"href":"https:\/\/dev.kompaktdesign.hu\/hodszolar.hu\/wp-json\/wp\/v2\/types\/post"}],"author":[{"embeddable":true,"href":"https:\/\/dev.kompaktdesign.hu\/hodszolar.hu\/wp-json\/wp\/v2\/users\/3"}],"replies":[{"embeddable":true,"href":"https:\/\/dev.kompaktdesign.hu\/hodszolar.hu\/wp-json\/wp\/v2\/comments?post=809"}],"version-history":[{"count":2,"href":"https:\/\/dev.kompaktdesign.hu\/hodszolar.hu\/wp-json\/wp\/v2\/posts\/809\/revisions"}],"predecessor-version":[{"id":813,"href":"https:\/\/dev.kompaktdesign.hu\/hodszolar.hu\/wp-json\/wp\/v2\/posts\/809\/revisions\/813"}],"wp:featuredmedia":[{"embeddable":true,"href":"https:\/\/dev.kompaktdesign.hu\/hodszolar.hu\/wp-json\/wp\/v2\/media\/804"}],"wp:attachment":[{"href":"https:\/\/dev.kompaktdesign.hu\/hodszolar.hu\/wp-json\/wp\/v2\/media?parent=809"}],"wp:term":[{"taxonomy":"category","embeddable":true,"href":"https:\/\/dev.kompaktdesign.hu\/hodszolar.hu\/wp-json\/wp\/v2\/categories?post=809"},{"taxonomy":"post_tag","embeddable":true,"href":"https:\/\/dev.kompaktdesign.hu\/hodszolar.hu\/wp-json\/wp\/v2\/tags?post=809"}],"curies":[{"name":"wp","href":"https:\/\/api.w.org\/{rel}","templated":true}]}}