{"id":816,"date":"2021-12-01T11:17:23","date_gmt":"2021-12-01T11:17:23","guid":{"rendered":"https:\/\/hodszolar.hu\/?p=816"},"modified":"2021-12-01T11:17:24","modified_gmt":"2021-12-01T11:17:24","slug":"100-os-tamogatas-uj-palyazati-felhivas","status":"publish","type":"post","link":"https:\/\/dev.kompaktdesign.hu\/hodszolar.hu\/2021\/12\/01\/100-os-tamogatas-uj-palyazati-felhivas\/","title":{"rendered":"100%-os t\u00e1mogat\u00e1s - \u00faj p\u00e1ly\u00e1zati felh\u00edv\u00e1s"},"content":{"rendered":"\n<p>A 100%-os p\u00e1ly\u00e1zat kevesebb, mint egy h\u00e9ttel az els\u0151 r\u00e9gi\u00f3 (Fej\u00e9r, Gy\u0151r-Moson-Sopron, Kom\u00e1rom-Esztergom, Vas, Veszpr\u00e9m \u00e9s Zala megye) beny\u00fajt\u00e1si szakasza (2021.12.06.) el\u0151tt v\u00e1ltoztat\u00e1sra ker\u00fclt. Az \u00faj P\u00e1ly\u00e1zati Felh\u00edv\u00e1st 2021.11.30-\u00e1n t\u00f6lt\u00f6tt\u00e9k fel a napelem.palyazat.gov.hu oldalra, a bead\u00e1sn\u00e1l m\u00e1r csak az \u00faj szab\u00e1lyok \u00e9s az \u00faj nyilatkozatok a m\u00e9rvad\u00f3ak. A legt\u00f6bb p\u00e1ly\u00e1zattal ellent\u00e9tben, ahol a bead\u00e1s el\u0151tt 30 nappal m\u00e1r nincs lehet\u0151s\u00e9ge a p\u00e1ly\u00e1zat ki\u00edr\u00f3j\u00e1nak v\u00e1ltoztatnia a felt\u00e9teleken, itt csup\u00e1n p\u00e1r napot hagytak arra, hogy az \u00faj ki\u00edr\u00e1snak megfelel\u0151en minden P\u00e1ly\u00e1z\u00f3 anyag\u00e1t m\u00f3dos\u00edts\u00e1k a p\u00e1ly\u00e1zat\u00edr\u00f3k \u00e9s kivitelez\u0151k. Ez\u00e9rt k\u00fcl\u00f6n szeretn\u00e9nk mindenki t\u00fcrelm\u00e9t k\u00e9rni, ugyanis minden f\u00e9lnek fesz\u00edtett temp\u00f3ban sz\u00fcks\u00e9ges dolgoznia, ahhoz, hogy hat\u00e1rid\u0151re elk\u00e9sz\u00fclj\u00fcnk a felt\u00f6ltend\u0151 dokumentumokkal.<\/p>\n\n\n\n<p><strong>Sok m\u00falik a P\u00e1ly\u00e1z\u00f3 hozz\u00e1\u00e1ll\u00e1s\u00e1n!<\/strong><\/p>\n\n\n\n<p>Igyeksz\u00fcnk az els\u0151 napt\u00f3l kezdve minden \u00e9rdekl\u0151d\u0151t t\u00e1j\u00e9koztatni. Sok kivitelez\u0151vel ellent\u00e9tben egy\u00e9bk\u00e9nt nem szeretn\u00e9nk z\u00e1cskbamacsk\u00e1t \u00e1rulni, mindig pr\u00f3b\u00e1ljuk felh\u00edvni a figyelmet a buktat\u00f3kra is, a plusz k\u00f6lts\u00e9gekre amivel a p\u00e1ly\u00e1zat j\u00e1rhat \u00e9s a fontos krit\u00e9riumokra, szigor\u00fa szab\u00e1lyokra amelyeket meghat\u00e1roztak. Kor\u00e1bban hoztunk alternat\u00edv megold\u00e1st az otthonfel\u00faj\u00edt\u00e1si t\u00e1mogat\u00e1ssal, amely v\u00e9lem\u00e9ny\u00fcnk szerint ak\u00e1r sokkal kedvez\u0151bb beruh\u00e1z\u00e1s is lehet, amennyiben van egy 25 \u00e9v alatti gyermek a csal\u00e1dban. A t\u00e1mogat\u00e1s hi\u00e1ba 50% m\u00e9rt\u00e9k\u0171 \u00e9s els\u0151re sokkal kedvez\u0151tlenebbnek t\u0171nhet a 100%-os p\u00e1ly\u00e1zat mellett, \u00f6sszevetve a 10+1 szempontot, amit \u00f6sszeszedt\u00fcnk a <a href=\"https:\/\/dev.kompaktdesign.hu\/hodszolar.hu\/2021\/11\/02\/100-os-lakossagi-tamogatas-vs-50-os-otthonfelujitasi-tamogatas\/\">blogbejegyz\u00e9s\u00fcnkben<\/a>, \u00f6sszess\u00e9g\u00e9ben egy nagyon j\u00f3 lehet\u0151s\u00e9g az otthonfel\u00faj\u00edt\u00e1si t\u00e1mogat\u00e1s. Nem besz\u00e9lve arr\u00f3l, hogy sz\u00e1mtalan projektet tudunk benne elsz\u00e1molni a napelemes rendszer mellett.<\/p>\n\n\n\n<p>Nem gy\u0151zz\u00fck hangs\u00falyozni, hogy min\u00e9l kisebb egy napelemes rendszer, ann\u00e1l nagyobb a beker\u00fcl\u00e9si k\u00f6lts\u00e9ge kilowattra vet\u00edtve. A p\u00e1ly\u00e1zatban meghat\u00e1rozott maxim\u00e1lis fajlagos k\u00f6lts\u00e9g, amely brutt\u00f3 485 645 Ft-ot jelent a napelemes rendszer eset\u00e9ben egy kor\u00e1bbi piaci \u00e1r alapj\u00e1n lett sz\u00e1molva. Az els\u0151 nagyobb \u00e1remel\u00e9s (\u00e9s itt fejtegethetn\u00e9nk az okokat, ak\u00e1r a COVID-ot n\u00e9zz\u00fck, ak\u00e1r az anyaghi\u00e1nyt vagy a kisebb kapacit\u00e1s\u00fa ez\u00e1ltal lassabb gy\u00e1rt\u00e1st) csak ny\u00e1r v\u00e9g\u00e9n jelentkezett a napelemes \u00e1gazatban. Az\u00f3ta az \u00e1rak teljesen megfoghatatlanak, sajnos neh\u00e9z el\u0151re megmondani, hogy meddig emelkedhetnek. Jelenleg 2-3 hetente \u00e1remel\u00e9st tapasztalunk, k\u00e9rd\u00e9s, hogy ez mikor fog tet\u0151zni \u00e9s cs\u00f6kken-e m\u00e9g egy\u00e1ltal\u00e1n az \u00e1r annyira, hogy valaha is tarthat\u00f3 legyen a p\u00e1ly\u00e1zatban meghat\u00e1rozott fajlagos k\u00f6lts\u00e9g. Viszont \u00edgy mindenk\u00e9pp \u00fagy kell k\u00e9sz\u00fclni, hogy keletkezni fog \u00f6ner\u0151.<\/p>\n\n\n\n<p>Amennyiben a P\u00e1ly\u00e1z\u00f3 elfogadja, hogy sajnos ez egy rajtunk k\u00edv\u00fcl \u00e1ll\u00f3, \u00e1ltalunk nem befoly\u00e1solhat\u00f3 t\u00e9nyez\u0151 \u00e9s meg\u00e9rti, hogy ennek ellen\u00e9re minden inform\u00e1ci\u00f3t igyeksz\u00fcnk biztos\u00edtani a r\u00e9sz\u00e9re, mindemellett k\u00f6zrem\u0171k\u00f6dik a dokumentumok beszerz\u00e9s\u00e9ben, hogy minden sz\u00fcks\u00e9ges anyag rendelkez\u00e9s\u00fcnkre \u00e1lljon id\u0151ben, \u00fagy sokkal k\u00f6nnyebb dolgunk van nek\u00fcnk \u00e9s a p\u00e1ly\u00e1zat\u00edr\u00f3nak is.<\/p>\n\n\n\n<p><strong>L\u00e1ssuk a v\u00e1ltoz\u00e1sokat!<\/strong><\/p>\n\n\n\n<ol class=\"wp-block-list\"><li>Csak napelemes rendszer eset\u00e9ben a t\u00e1mogat\u00e1sban kiz\u00e1r\u00f3lag olyan napelemes rendszer r\u00e9szes\u00edthet\u0151, ahol a napelem-panelek \u00f6sszes\u00edtett n\u00e9vleges be\u00e9p\u00edtett teljes\u00edtm\u00e9nye nem haladja meg a p\u00e1ly\u00e1zat \u00e1ltal \u00e9rintett ingatlanra vonatkoz\u00f3, a p\u00e1ly\u00e1zat bead\u00e1s\u00e1t megel\u0151z\u0151, a fogyaszt\u00f3 \u00e1ltal k\u00e9zhez kapott utols\u00f3 havi villamosenergia fogyaszt\u00e1si sz\u00e1mla szerinti fogyaszt\u00e1s kWh-ban kifejezett \u00f6sszeg\u00e9nek 0,0109-cel megszorzott \u00e9rt\u00e9k\u00e9t, de legfeljebb az 5 kWp-et<\/li><li>Az inverter kapacit\u00e1sa nem haladhatja meg f\u0151szab\u00e1ly szerint az 5 kW-ot, melyt\u0151l 20%-os m\u00e9rt\u00e9kben el lehet t\u00e9rni, ha igazolhat\u00f3, hogy a nagyobb kapacit\u00e1s\u00fa inverter beker\u00fcl\u00e9si k\u00f6lts\u00e9ge alacsonyabb<\/li><li>A p\u00e1ly\u00e1zati r\u00e9szv\u00e9tel tov\u00e1bbi felt\u00e9tele, hogy az \u00e9p\u00fclet a t\u00e1mogatott munk\u00e1latok kivitelez\u00e9s\u00e9nek megkezd\u00e9sekor olyan m\u0171szaki \u00e1llapotban legyen, hogy egy\u00e9b beavatkoz\u00e1s n\u00e9lk\u00fcl is alkalmas legyen a beruh\u00e1z\u00e1s fogad\u00e1s\u00e1ra. Ez a kor\u00e1bbi ki\u00edr\u00e1shoz k\u00e9pest abban v\u00e1ltozott, hogy nem a p\u00e1ly\u00e1zat bead\u00e1si \u00e1llapotot vizsg\u00e1lj\u00e1k, hanem a megval\u00f3sul\u00e1si \u00e1llapotot.<\/li><\/ol>\n\n\n\n<p>A havi villanysz\u00e1ml\u00e1n\u00e1l arra sz\u00fcks\u00e9ges figyeln\u00fcnk, hogy a sz\u00e1mla novemberi teljes\u00edt\u00e9sre vonatkozzon, ugyanis a december 13-\u00e1n beny\u00fajtott p\u00e1ly\u00e1zatokn\u00e1l m\u00e1r ez lesz a m\u00e9rvad\u00f3. Ez k\u00fcl\u00f6n feladja a leck\u00e9t, ugyanis addig nem tudunk adni \u00e1raj\u00e1nlatot \u00e9s sokan csak a h\u00f3nap k\u00f6zepe fele kapj\u00e1k meg az el\u0151z\u0151 havi villanysz\u00e1ml\u00e1t. \u00cdgy k\u00fcl\u00f6n meg szeretn\u00e9nk k\u00e9rni mindenkit, akire ez vonatkozik, hogy amennyiben dikt\u00e1l\u00e1s alapj\u00e1n kapja a sz\u00e1ml\u00e1j\u00e1t, ezt min\u00e9l hamarabb tegye meg, hogy mi \u00e9s a p\u00e1ly\u00e1zat\u00edr\u00f3 is tudjon dolgozni. El\u0151re is k\u00f6sz\u00f6nj\u00fck a seg\u00edts\u00e9g\u00e9t!<\/p>\n","protected":false},"excerpt":{"rendered":"<p>A 100%-os p\u00e1ly\u00e1zat kevesebb, mint egy h\u00e9ttel az els\u0151 r\u00e9gi\u00f3 (Fej\u00e9r, Gy\u0151r-Moson-Sopron, Kom\u00e1rom-Esztergom, Vas, Veszpr\u00e9m \u00e9s Zala megye) beny\u00fajt\u00e1si szakasza (2021.12.06.) el\u0151tt v\u00e1ltoztat\u00e1sra ker\u00fclt. Az \u00faj P\u00e1ly\u00e1zati Felh\u00edv\u00e1st 2021.11.30-\u00e1n t\u00f6lt\u00f6tt\u00e9k fel a napelem.palyazat.gov.hu oldalra, a bead\u00e1sn\u00e1l m\u00e1r csak az \u00faj szab\u00e1lyok \u00e9s az \u00faj nyilatkozatok a m\u00e9rvad\u00f3ak. A legt\u00f6bb p\u00e1ly\u00e1zattal ellent\u00e9tben, ahol a bead\u00e1s el\u0151tt [&hellip;]<\/p>\n","protected":false},"author":3,"featured_media":817,"comment_status":"open","ping_status":"open","sticky":false,"template":"","format":"standard","meta":{"footnotes":""},"categories":[1],"tags":[],"class_list":["post-816","post","type-post","status-publish","format-standard","has-post-thumbnail","hentry","category-egyeb"],"yoast_head":"<!-- This site is optimized with the Yoast SEO plugin v19.5.1 - https:\/\/yoast.com\/wordpress\/plugins\/seo\/ -->\n<title>100%-os t\u00e1mogat\u00e1s - \u00faj p\u00e1ly\u00e1zati felh\u00edv\u00e1s | H\u00f3dszol\u00e1r<\/title>\n<meta name=\"robots\" content=\"noindex, follow, max-snippet:-1, max-image-preview:large, max-video-preview:-1\" \/>\n<meta property=\"og:locale\" content=\"hu_HU\" \/>\n<meta property=\"og:type\" content=\"article\" \/>\n<meta property=\"og:title\" content=\"100%-os t\u00e1mogat\u00e1s - \u00faj p\u00e1ly\u00e1zati felh\u00edv\u00e1s | H\u00f3dszol\u00e1r\" \/>\n<meta property=\"og:description\" content=\"A 100%-os p\u00e1ly\u00e1zat kevesebb, mint egy h\u00e9ttel az els\u0151 r\u00e9gi\u00f3 (Fej\u00e9r, Gy\u0151r-Moson-Sopron, Kom\u00e1rom-Esztergom, Vas, Veszpr\u00e9m \u00e9s Zala megye) beny\u00fajt\u00e1si szakasza (2021.12.06.) el\u0151tt v\u00e1ltoztat\u00e1sra ker\u00fclt. Az \u00faj P\u00e1ly\u00e1zati Felh\u00edv\u00e1st 2021.11.30-\u00e1n t\u00f6lt\u00f6tt\u00e9k fel a napelem.palyazat.gov.hu oldalra, a bead\u00e1sn\u00e1l m\u00e1r csak az \u00faj szab\u00e1lyok \u00e9s az \u00faj nyilatkozatok a m\u00e9rvad\u00f3ak. A legt\u00f6bb p\u00e1ly\u00e1zattal ellent\u00e9tben, ahol a bead\u00e1s el\u0151tt [&hellip;]\" \/>\n<meta property=\"og:url\" content=\"https:\/\/dev.kompaktdesign.hu\/hodszolar.hu\/2021\/12\/01\/100-os-tamogatas-uj-palyazati-felhivas\/\" \/>\n<meta property=\"og:site_name\" content=\"H\u00f3dszol\u00e1r\" \/>\n<meta property=\"article:publisher\" content=\"https:\/\/www.facebook.com\/hodszolar\" \/>\n<meta property=\"article:published_time\" content=\"2021-12-01T11:17:23+00:00\" \/>\n<meta property=\"article:modified_time\" content=\"2021-12-01T11:17:24+00:00\" \/>\n<meta property=\"og:image\" content=\"https:\/\/dev.kompaktdesign.hu\/hodszolar.hu\/wp-content\/uploads\/2021\/12\/how_being_late_could_damage_your_career_940x485.jpg\" \/>\n\t<meta property=\"og:image:width\" content=\"940\" \/>\n\t<meta property=\"og:image:height\" content=\"485\" \/>\n\t<meta property=\"og:image:type\" content=\"image\/jpeg\" \/>\n<meta name=\"author\" content=\"H\u00f3dszol\u00e1r Kft.\" \/>\n<meta name=\"twitter:card\" content=\"summary_large_image\" \/>\n<meta name=\"twitter:label1\" content=\"Szerz\u0151:\" \/>\n\t<meta name=\"twitter:data1\" content=\"H\u00f3dszol\u00e1r Kft.\" \/>\n\t<meta name=\"twitter:label2\" content=\"Becs\u00fclt olvas\u00e1si id\u0151\" \/>\n\t<meta name=\"twitter:data2\" content=\"3 perc\" \/>\n<script type=\"application\/ld+json\" class=\"yoast-schema-graph\">{\"@context\":\"https:\/\/schema.org\",\"@graph\":[{\"@type\":\"Article\",\"@id\":\"https:\/\/dev.kompaktdesign.hu\/hodszolar.hu\/2021\/12\/01\/100-os-tamogatas-uj-palyazati-felhivas\/#article\",\"isPartOf\":{\"@id\":\"https:\/\/dev.kompaktdesign.hu\/hodszolar.hu\/2021\/12\/01\/100-os-tamogatas-uj-palyazati-felhivas\/\"},\"author\":{\"name\":\"H\u00f3dszol\u00e1r Kft.\",\"@id\":\"https:\/\/dev.kompaktdesign.hu\/hodszolar.hu\/#\/schema\/person\/a788af940a3d6b2829396312340dd08c\"},\"headline\":\"100%-os t\u00e1mogat\u00e1s - \u00faj p\u00e1ly\u00e1zati felh\u00edv\u00e1s\",\"datePublished\":\"2021-12-01T11:17:23+00:00\",\"dateModified\":\"2021-12-01T11:17:24+00:00\",\"mainEntityOfPage\":{\"@id\":\"https:\/\/dev.kompaktdesign.hu\/hodszolar.hu\/2021\/12\/01\/100-os-tamogatas-uj-palyazati-felhivas\/\"},\"wordCount\":954,\"commentCount\":0,\"publisher\":{\"@id\":\"https:\/\/dev.kompaktdesign.hu\/hodszolar.hu\/#organization\"},\"articleSection\":[\"Egy\u00e9b kateg\u00f3ria\"],\"inLanguage\":\"hu\",\"potentialAction\":[{\"@type\":\"CommentAction\",\"name\":\"Comment\",\"target\":[\"https:\/\/dev.kompaktdesign.hu\/hodszolar.hu\/2021\/12\/01\/100-os-tamogatas-uj-palyazati-felhivas\/#respond\"]}]},{\"@type\":\"WebPage\",\"@id\":\"https:\/\/dev.kompaktdesign.hu\/hodszolar.hu\/2021\/12\/01\/100-os-tamogatas-uj-palyazati-felhivas\/\",\"url\":\"https:\/\/dev.kompaktdesign.hu\/hodszolar.hu\/2021\/12\/01\/100-os-tamogatas-uj-palyazati-felhivas\/\",\"name\":\"100%-os t\u00e1mogat\u00e1s - \u00faj p\u00e1ly\u00e1zati felh\u00edv\u00e1s | H\u00f3dszol\u00e1r\",\"isPartOf\":{\"@id\":\"https:\/\/dev.kompaktdesign.hu\/hodszolar.hu\/#website\"},\"datePublished\":\"2021-12-01T11:17:23+00:00\",\"dateModified\":\"2021-12-01T11:17:24+00:00\",\"breadcrumb\":{\"@id\":\"https:\/\/dev.kompaktdesign.hu\/hodszolar.hu\/2021\/12\/01\/100-os-tamogatas-uj-palyazati-felhivas\/#breadcrumb\"},\"inLanguage\":\"hu\",\"potentialAction\":[{\"@type\":\"ReadAction\",\"target\":[\"https:\/\/dev.kompaktdesign.hu\/hodszolar.hu\/2021\/12\/01\/100-os-tamogatas-uj-palyazati-felhivas\/\"]}]},{\"@type\":\"BreadcrumbList\",\"@id\":\"https:\/\/dev.kompaktdesign.hu\/hodszolar.hu\/2021\/12\/01\/100-os-tamogatas-uj-palyazati-felhivas\/#breadcrumb\",\"itemListElement\":[{\"@type\":\"ListItem\",\"position\":1,\"name\":\"Kezd\u0151lap\",\"item\":\"https:\/\/dev.kompaktdesign.hu\/hodszolar.hu\/\"},{\"@type\":\"ListItem\",\"position\":2,\"name\":\"100%-os t\u00e1mogat\u00e1s - \u00faj p\u00e1ly\u00e1zati felh\u00edv\u00e1s\"}]},{\"@type\":\"WebSite\",\"@id\":\"https:\/\/dev.kompaktdesign.hu\/hodszolar.hu\/#website\",\"url\":\"https:\/\/dev.kompaktdesign.hu\/hodszolar.hu\/\",\"name\":\"H\u00f3dszol\u00e1r\",\"description\":\"A v\u00e1s\u00e1rhelyi napelemes\",\"publisher\":{\"@id\":\"https:\/\/dev.kompaktdesign.hu\/hodszolar.hu\/#organization\"},\"potentialAction\":[{\"@type\":\"SearchAction\",\"target\":{\"@type\":\"EntryPoint\",\"urlTemplate\":\"https:\/\/dev.kompaktdesign.hu\/hodszolar.hu\/?s={search_term_string}\"},\"query-input\":\"required name=search_term_string\"}],\"inLanguage\":\"hu\"},{\"@type\":\"Organization\",\"@id\":\"https:\/\/dev.kompaktdesign.hu\/hodszolar.hu\/#organization\",\"name\":\"H\u00f3dszol\u00e1r Kft.\",\"url\":\"https:\/\/dev.kompaktdesign.hu\/hodszolar.hu\/\",\"sameAs\":[\"https:\/\/www.facebook.com\/hodszolar\"],\"logo\":{\"@type\":\"ImageObject\",\"inLanguage\":\"hu\",\"@id\":\"https:\/\/dev.kompaktdesign.hu\/hodszolar.hu\/#\/schema\/logo\/image\/\",\"url\":\"https:\/\/dev.kompaktdesign.hu\/hodszolar.hu\/wp-content\/uploads\/2021\/05\/fvicon.png\",\"contentUrl\":\"https:\/\/dev.kompaktdesign.hu\/hodszolar.hu\/wp-content\/uploads\/2021\/05\/fvicon.png\",\"width\":132,\"height\":132,\"caption\":\"H\u00f3dszol\u00e1r Kft.\"},\"image\":{\"@id\":\"https:\/\/dev.kompaktdesign.hu\/hodszolar.hu\/#\/schema\/logo\/image\/\"}},{\"@type\":\"Person\",\"@id\":\"https:\/\/dev.kompaktdesign.hu\/hodszolar.hu\/#\/schema\/person\/a788af940a3d6b2829396312340dd08c\",\"name\":\"H\u00f3dszol\u00e1r Kft.\",\"image\":{\"@type\":\"ImageObject\",\"inLanguage\":\"hu\",\"@id\":\"https:\/\/dev.kompaktdesign.hu\/hodszolar.hu\/#\/schema\/person\/image\/\",\"url\":\"https:\/\/secure.gravatar.com\/avatar\/38df000db6f2e93b7f0ccccf7714392424ca033738d34dfe71f19fdb70329830?s=96&d=mm&r=g\",\"contentUrl\":\"https:\/\/secure.gravatar.com\/avatar\/38df000db6f2e93b7f0ccccf7714392424ca033738d34dfe71f19fdb70329830?s=96&d=mm&r=g\",\"caption\":\"H\u00f3dszol\u00e1r Kft.\"},\"url\":\"https:\/\/dev.kompaktdesign.hu\/hodszolar.hu\/author\/hodszolar\/\"}]}<\/script>\n<!-- \/ Yoast SEO plugin. -->","yoast_head_json":{"title":"100%-os t\u00e1mogat\u00e1s - \u00faj p\u00e1ly\u00e1zati felh\u00edv\u00e1s | H\u00f3dszol\u00e1r","robots":{"index":"noindex","follow":"follow","max-snippet":"max-snippet:-1","max-image-preview":"max-image-preview:large","max-video-preview":"max-video-preview:-1"},"og_locale":"hu_HU","og_type":"article","og_title":"100%-os t\u00e1mogat\u00e1s - \u00faj p\u00e1ly\u00e1zati felh\u00edv\u00e1s | H\u00f3dszol\u00e1r","og_description":"A 100%-os p\u00e1ly\u00e1zat kevesebb, mint egy h\u00e9ttel az els\u0151 r\u00e9gi\u00f3 (Fej\u00e9r, Gy\u0151r-Moson-Sopron, Kom\u00e1rom-Esztergom, Vas, Veszpr\u00e9m \u00e9s Zala megye) beny\u00fajt\u00e1si szakasza (2021.12.06.) el\u0151tt v\u00e1ltoztat\u00e1sra ker\u00fclt. Az \u00faj P\u00e1ly\u00e1zati Felh\u00edv\u00e1st 2021.11.30-\u00e1n t\u00f6lt\u00f6tt\u00e9k fel a napelem.palyazat.gov.hu oldalra, a bead\u00e1sn\u00e1l m\u00e1r csak az \u00faj szab\u00e1lyok \u00e9s az \u00faj nyilatkozatok a m\u00e9rvad\u00f3ak. A legt\u00f6bb p\u00e1ly\u00e1zattal ellent\u00e9tben, ahol a bead\u00e1s el\u0151tt [&hellip;]","og_url":"https:\/\/dev.kompaktdesign.hu\/hodszolar.hu\/2021\/12\/01\/100-os-tamogatas-uj-palyazati-felhivas\/","og_site_name":"H\u00f3dszol\u00e1r","article_publisher":"https:\/\/www.facebook.com\/hodszolar","article_published_time":"2021-12-01T11:17:23+00:00","article_modified_time":"2021-12-01T11:17:24+00:00","og_image":[{"width":940,"height":485,"url":"https:\/\/dev.kompaktdesign.hu\/hodszolar.hu\/wp-content\/uploads\/2021\/12\/how_being_late_could_damage_your_career_940x485.jpg","type":"image\/jpeg"}],"author":"H\u00f3dszol\u00e1r Kft.","twitter_card":"summary_large_image","twitter_misc":{"Szerz\u0151:":"H\u00f3dszol\u00e1r Kft.","Becs\u00fclt olvas\u00e1si id\u0151":"3 perc"},"schema":{"@context":"https:\/\/schema.org","@graph":[{"@type":"Article","@id":"https:\/\/dev.kompaktdesign.hu\/hodszolar.hu\/2021\/12\/01\/100-os-tamogatas-uj-palyazati-felhivas\/#article","isPartOf":{"@id":"https:\/\/dev.kompaktdesign.hu\/hodszolar.hu\/2021\/12\/01\/100-os-tamogatas-uj-palyazati-felhivas\/"},"author":{"name":"H\u00f3dszol\u00e1r Kft.","@id":"https:\/\/dev.kompaktdesign.hu\/hodszolar.hu\/#\/schema\/person\/a788af940a3d6b2829396312340dd08c"},"headline":"100%-os t\u00e1mogat\u00e1s - \u00faj p\u00e1ly\u00e1zati felh\u00edv\u00e1s","datePublished":"2021-12-01T11:17:23+00:00","dateModified":"2021-12-01T11:17:24+00:00","mainEntityOfPage":{"@id":"https:\/\/dev.kompaktdesign.hu\/hodszolar.hu\/2021\/12\/01\/100-os-tamogatas-uj-palyazati-felhivas\/"},"wordCount":954,"commentCount":0,"publisher":{"@id":"https:\/\/dev.kompaktdesign.hu\/hodszolar.hu\/#organization"},"articleSection":["Egy\u00e9b kateg\u00f3ria"],"inLanguage":"hu","potentialAction":[{"@type":"CommentAction","name":"Comment","target":["https:\/\/dev.kompaktdesign.hu\/hodszolar.hu\/2021\/12\/01\/100-os-tamogatas-uj-palyazati-felhivas\/#respond"]}]},{"@type":"WebPage","@id":"https:\/\/dev.kompaktdesign.hu\/hodszolar.hu\/2021\/12\/01\/100-os-tamogatas-uj-palyazati-felhivas\/","url":"https:\/\/dev.kompaktdesign.hu\/hodszolar.hu\/2021\/12\/01\/100-os-tamogatas-uj-palyazati-felhivas\/","name":"100%-os t\u00e1mogat\u00e1s - \u00faj p\u00e1ly\u00e1zati felh\u00edv\u00e1s | H\u00f3dszol\u00e1r","isPartOf":{"@id":"https:\/\/dev.kompaktdesign.hu\/hodszolar.hu\/#website"},"datePublished":"2021-12-01T11:17:23+00:00","dateModified":"2021-12-01T11:17:24+00:00","breadcrumb":{"@id":"https:\/\/dev.kompaktdesign.hu\/hodszolar.hu\/2021\/12\/01\/100-os-tamogatas-uj-palyazati-felhivas\/#breadcrumb"},"inLanguage":"hu","potentialAction":[{"@type":"ReadAction","target":["https:\/\/dev.kompaktdesign.hu\/hodszolar.hu\/2021\/12\/01\/100-os-tamogatas-uj-palyazati-felhivas\/"]}]},{"@type":"BreadcrumbList","@id":"https:\/\/dev.kompaktdesign.hu\/hodszolar.hu\/2021\/12\/01\/100-os-tamogatas-uj-palyazati-felhivas\/#breadcrumb","itemListElement":[{"@type":"ListItem","position":1,"name":"Kezd\u0151lap","item":"https:\/\/dev.kompaktdesign.hu\/hodszolar.hu\/"},{"@type":"ListItem","position":2,"name":"100%-os t\u00e1mogat\u00e1s - \u00faj p\u00e1ly\u00e1zati felh\u00edv\u00e1s"}]},{"@type":"WebSite","@id":"https:\/\/dev.kompaktdesign.hu\/hodszolar.hu\/#website","url":"https:\/\/dev.kompaktdesign.hu\/hodszolar.hu\/","name":"H\u00f3dszol\u00e1r","description":"A v\u00e1s\u00e1rhelyi napelemes","publisher":{"@id":"https:\/\/dev.kompaktdesign.hu\/hodszolar.hu\/#organization"},"potentialAction":[{"@type":"SearchAction","target":{"@type":"EntryPoint","urlTemplate":"https:\/\/dev.kompaktdesign.hu\/hodszolar.hu\/?s={search_term_string}"},"query-input":"required name=search_term_string"}],"inLanguage":"hu"},{"@type":"Organization","@id":"https:\/\/dev.kompaktdesign.hu\/hodszolar.hu\/#organization","name":"H\u00f3dszol\u00e1r Kft.","url":"https:\/\/dev.kompaktdesign.hu\/hodszolar.hu\/","sameAs":["https:\/\/www.facebook.com\/hodszolar"],"logo":{"@type":"ImageObject","inLanguage":"hu","@id":"https:\/\/dev.kompaktdesign.hu\/hodszolar.hu\/#\/schema\/logo\/image\/","url":"https:\/\/dev.kompaktdesign.hu\/hodszolar.hu\/wp-content\/uploads\/2021\/05\/fvicon.png","contentUrl":"https:\/\/dev.kompaktdesign.hu\/hodszolar.hu\/wp-content\/uploads\/2021\/05\/fvicon.png","width":132,"height":132,"caption":"H\u00f3dszol\u00e1r Kft."},"image":{"@id":"https:\/\/dev.kompaktdesign.hu\/hodszolar.hu\/#\/schema\/logo\/image\/"}},{"@type":"Person","@id":"https:\/\/dev.kompaktdesign.hu\/hodszolar.hu\/#\/schema\/person\/a788af940a3d6b2829396312340dd08c","name":"H\u00f3dszol\u00e1r Kft.","image":{"@type":"ImageObject","inLanguage":"hu","@id":"https:\/\/dev.kompaktdesign.hu\/hodszolar.hu\/#\/schema\/person\/image\/","url":"https:\/\/secure.gravatar.com\/avatar\/38df000db6f2e93b7f0ccccf7714392424ca033738d34dfe71f19fdb70329830?s=96&d=mm&r=g","contentUrl":"https:\/\/secure.gravatar.com\/avatar\/38df000db6f2e93b7f0ccccf7714392424ca033738d34dfe71f19fdb70329830?s=96&d=mm&r=g","caption":"H\u00f3dszol\u00e1r Kft."},"url":"https:\/\/dev.kompaktdesign.hu\/hodszolar.hu\/author\/hodszolar\/"}]}},"_links":{"self":[{"href":"https:\/\/dev.kompaktdesign.hu\/hodszolar.hu\/wp-json\/wp\/v2\/posts\/816","targetHints":{"allow":["GET"]}}],"collection":[{"href":"https:\/\/dev.kompaktdesign.hu\/hodszolar.hu\/wp-json\/wp\/v2\/posts"}],"about":[{"href":"https:\/\/dev.kompaktdesign.hu\/hodszolar.hu\/wp-json\/wp\/v2\/types\/post"}],"author":[{"embeddable":true,"href":"https:\/\/dev.kompaktdesign.hu\/hodszolar.hu\/wp-json\/wp\/v2\/users\/3"}],"replies":[{"embeddable":true,"href":"https:\/\/dev.kompaktdesign.hu\/hodszolar.hu\/wp-json\/wp\/v2\/comments?post=816"}],"version-history":[{"count":1,"href":"https:\/\/dev.kompaktdesign.hu\/hodszolar.hu\/wp-json\/wp\/v2\/posts\/816\/revisions"}],"predecessor-version":[{"id":818,"href":"https:\/\/dev.kompaktdesign.hu\/hodszolar.hu\/wp-json\/wp\/v2\/posts\/816\/revisions\/818"}],"wp:featuredmedia":[{"embeddable":true,"href":"https:\/\/dev.kompaktdesign.hu\/hodszolar.hu\/wp-json\/wp\/v2\/media\/817"}],"wp:attachment":[{"href":"https:\/\/dev.kompaktdesign.hu\/hodszolar.hu\/wp-json\/wp\/v2\/media?parent=816"}],"wp:term":[{"taxonomy":"category","embeddable":true,"href":"https:\/\/dev.kompaktdesign.hu\/hodszolar.hu\/wp-json\/wp\/v2\/categories?post=816"},{"taxonomy":"post_tag","embeddable":true,"href":"https:\/\/dev.kompaktdesign.hu\/hodszolar.hu\/wp-json\/wp\/v2\/tags?post=816"}],"curies":[{"name":"wp","href":"https:\/\/api.w.org\/{rel}","templated":true}]}}