{"id":819,"date":"2021-12-07T15:05:45","date_gmt":"2021-12-07T15:05:45","guid":{"rendered":"https:\/\/hodszolar.hu\/?p=819"},"modified":"2021-12-07T15:05:46","modified_gmt":"2021-12-07T15:05:46","slug":"mit-kell-tudni-egy-hibrid-napelemes-rendszerrol","status":"publish","type":"post","link":"https:\/\/dev.kompaktdesign.hu\/hodszolar.hu\/2021\/12\/07\/mit-kell-tudni-egy-hibrid-napelemes-rendszerrol\/","title":{"rendered":"Mit kell tudni egy hibrid napelemes rendszerr\u0151l"},"content":{"rendered":"\n<p>A fotovoltaikus rendszerek folyamatosan fejl\u0151dnek \u00e9s egy olyan \u00faj\u00edt\u00e1s is el\u00e9rhet\u0151 m\u00e1r, ami m\u00e9g ink\u00e1bb szolg\u00e1lja a h\u00e1ztart\u00e1sokat, a lakoss\u00e1gi ig\u00e9nyeket. Ez az innovat\u00edv megold\u00e1s pedig nem m\u00e1s, mint a hibrid napelem rendszer, ami lehet\u0151v\u00e9 teszi a termel\u0151-fogyaszt\u00f3k sz\u00e1m\u00e1ra azt, hogy napnyugt\u00e1t k\u00f6vet\u0151en is z\u00f6ld, ingyenes energi\u00e1t haszn\u00e1ljanak fel a h\u00e1l\u00f3zatr\u00f3l v\u00e9telezett helyett. Mindezt pedig a rendszer szerves r\u00e9sz\u00e9t k\u00e9pez\u0151 akkumul\u00e1tor teszi lehet\u0151v\u00e9, ami a k\u00f6zvetlen h\u00e1l\u00f3zati bet\u00e1pl\u00e1l\u00e1s helyett napk\u00f6zben gy\u0171jti a fel nem haszn\u00e1lt energi\u00e1t, amit a termel\u00e9sen k\u00edv\u00fcli id\u0151szakban van lehet\u0151s\u00e9g elfogyasztani.<\/p>\n\n\n\n<div class=\"wp-block-image\"><figure class=\"aligncenter size-full is-resized\"><img loading=\"lazy\" decoding=\"async\" src=\"https:\/\/dev.kompaktdesign.hu\/hodszolar.hu\/wp-content\/uploads\/2021\/12\/se-news-symo-hybrid-byd-169.jpg\" alt=\"\" class=\"wp-image-822\" width=\"441\" height=\"248\"\/><\/figure><\/div>\n\n\n\n<p><strong>Az \u00e9ves szald\u00f3 elsz\u00e1mol\u00e1s korl\u00e1tai<\/strong><\/p>\n\n\n\n<p>A hagyom\u00e1nyos napelemes rendszerek m\u0171k\u00f6d\u00e9si elve, hogy a napk\u00f6zben megtermelt \u00e9s fel nem haszn\u00e1lt energi\u00e1t betermelik a h\u00e1l\u00f3zatba, ami gyakorlatilag egy \u00f3ri\u00e1si pufferk\u00e9nt, akkumul\u00e1tork\u00e9nt viselkedik. Az ad-vesz m\u00e9r\u0151\u00f3ra seg\u00edts\u00e9g\u00e9vel nyomon lehet k\u00f6vetni a betermelt \u00e9s a termel\u00e9sen k\u00edv\u00fcli id\u0151szakban v\u00e9telezett energia mennyis\u00e9g\u00e9t. A szald\u00f3 elsz\u00e1mol\u00e1s alapj\u00e1n \u00edgy \u00e9ves szinten kisz\u00e1m\u00edthat\u00f3, hogy t\u00f6bblettermel\u00e9ssel z\u00e1rult az \u00e9v, vagy a h\u00e1l\u00f3zatr\u00f3l ig\u00e9nybe vett energia volt-e t\u00f6bb. A k\u00fcl\u00f6nb\u00f6zettel a ter\u00fcleten illet\u00e9kes szolg\u00e1ltat\u00f3val kell elsz\u00e1molni.<\/p>\n\n\n\n<p>A hagyom\u00e1nyos h\u00e1l\u00f3zatra k\u00f6t\u00f6tt napelemes rendszerekn\u00e9l gondot jelenthet, hogy a szolg\u00e1ltat\u00f3 fel\u00e9 betermelt energi\u00e1t olcs\u00f3bban sz\u00e1m\u00edtj\u00e1k fel. mint a h\u00e1l\u00f3zatr\u00f3l v\u00e9telezett. Am\u00edg a termelt \u00e9s v\u00e9telezett energia kiegyenl\u00edti egym\u00e1st, addig a szolg\u00e1ltat\u00f3 az energiad\u00edj \u00e9s a rendszerhaszn\u00e1lati d\u00edjak \u00f6sszeg\u00e9vel sz\u00e1molja el a megtermelt energi\u00e1t. Vagyis a szolg\u00e1ltat\u00f3 annyit fizet \u00e9rte, amennyi\u00e9rt adja. A t\u00f6bblettermel\u00e9sn\u00e9l azonban m\u00e1s a helyzet: ilyenkor csak az energiad\u00edjjal lehet sz\u00e1molni, vagyis m\u00e1r egy \u201ekedvez\u0151tlenebb\u201d \u00e1rral. Ennek tudat\u00e1ban egy\u00e9rtelm\u0171, hogy jobban j\u00e1runk azzal, ha t\u00f6bblettermel\u00e9s\u00fcnket egy saj\u00e1t energiat\u00e1rol\u00f3ban rakt\u00e1rozzuk el a k\u00e9s\u0151bbi felhaszn\u00e1l\u00e1sig. Ebben ny\u00fajt seg\u00edts\u00e9get az energiat\u00e1rol\u00f3s \u00e9s hibrid \u00fczem\u0171 napelemes rendszer.<\/p>\n\n\n\n<p><strong>Megold\u00e1s az akkumul\u00e1toros napelemes rendszer<\/strong><br><br>Amennyiben nem szeretn\u00e9nk a v\u00e9telezett energi\u00e1t\u00f3l f\u00fcggeni, vagy legal\u00e1bbis ehhez k\u00f6tni h\u00e1ztart\u00e1sunk energiaell\u00e1t\u00e1s\u00e1nak egy jelent\u0151s r\u00e9sz\u00e9t, akkor \u00e9rdemes energiat\u00e1rol\u00f3s vagy hibrid \u00fczem\u0171 napelemes rendszer ki\u00e9p\u00edt\u00e9s\u00e9n gondolkodni. Ezek l\u00e9nyege az, hogy ha napk\u00f6zben t\u00f6bb a termel\u00e9s, mint a fogyaszt\u00e1s, akkor a t\u00f6bbletet a rendszer nem a h\u00e1l\u00f3zatba t\u00e1pl\u00e1lja be, hanem azt els\u0151dlegesen egy akkumul\u00e1torba t\u00e1rolja el k\u00e9s\u0151bbi felhaszn\u00e1l\u00e1s c\u00e9lj\u00e1b\u00f3l. Amennyiben az energiat\u00e1rol\u00f3 is teljesen felt\u00f6lt\u0151dik, akkor a t\u00f6bbletet m\u00e1r a h\u00e1l\u00f3zatba fogadja. Az ilyen napelemes rendszerek nagy el\u0151nye akkor mutatkozik meg, amikor a napelemes rendszer kevesebbet termel, mint amennyire aktu\u00e1lisan sz\u00fcks\u00e9g lenne. Ilyenkor ny\u00fajt seg\u00edts\u00e9get az akkumul\u00e1tor, ami a kor\u00e1bban megtermelt z\u00f6ld energi\u00e1t adja vissza a h\u00e1ztart\u00e1snak. \u00cdgy csak akkor van sz\u00fcks\u00e9g a h\u00e1l\u00f3zati \u00e1ramra, ha az energiat\u00e1rol\u00f3 is lemer\u00fcl.<\/p>\n\n\n\n<figure class=\"wp-block-image size-full\"><img loading=\"lazy\" decoding=\"async\" width=\"1687\" height=\"847\" src=\"https:\/\/dev.kompaktdesign.hu\/hodszolar.hu\/wp-content\/uploads\/2021\/12\/sema.png\" alt=\"\" class=\"wp-image-821\"\/><\/figure>\n\n\n\n<p>Az energia t\u00e1rol\u00f3val szerelt napelemes rendszerek egyik tov\u00e1bbfejlesztett v\u00e1ltozata a hibrid \u00fczem\u0171 napelemes rendszer, amely ak\u00e1r k\u00e9pes lehet sziget\u00fczem\u0171 ell\u00e1t\u00e1sra is. P\u00e9ld\u00e1ul egy esetleges \u00e1ramsz\u00fcnet eset\u00e9n a rendszer nem kapcsol le, hanem az akkumul\u00e1torban t\u00e1rolt energi\u00e1val t\u00e1pl\u00e1lja a h\u00e1ztart\u00e1st, \u00edgy folyamatoss\u00e1 teszi az \u00e1ramell\u00e1t\u00e1st. A hibrid napelem inverter\u00e9t egy akkumul\u00e1tor eg\u00e9sz\u00edti ki, amely szint\u00e9n lehet\u0151v\u00e9 teszi, hogy a megtermelt, de fel nem haszn\u00e1lt \u00e1ram elt\u00e1rol\u00e1sra ker\u00fclj\u00f6n.<br><br>A hibrid napelemes rendszer alkalmaz\u00e1sa az\u00e9rt is hasznos, mert a h\u00e1ztart\u00e1sok energiaig\u00e9nye \u00e9s a napelemek termel\u00e9si intenzit\u00e1sa nem esik egybe. H\u00e9tk\u00f6znapokon, a reggeli \u00f3r\u00e1kban jellemz\u0151en t\u00f6bb \u00e1ram fogy a napi k\u00e9sz\u00fcl\u0151d\u00e9s ok\u00e1n, viszont a napelemes rendszer ilyenkor m\u00e9g alig termel. K\u00e9s\u0151 d\u00e9lut\u00e1n, mikor haza\u00e9r a csal\u00e1d szint\u00e9n ez a helyzet, m\u00edg a k\u00f6ztes id\u0151szakban a napelemes rendszer a cs\u00facson termel, de alig van fogyaszt\u00e1s. Ezt az energi\u00e1t tudja hat\u00e9konyan elt\u00e1rolni a hibrid \u00fczem\u0171 napelemes rendszer. Amennyiben az akkumul\u00e1tor megtelik, de a napelemes rendszer m\u00e9g mindig termeli az \u00e1ramot, akkor az m\u00e1r a h\u00e1l\u00f3zatba ker\u00fcl bet\u00e1pl\u00e1l\u00e1sra.<\/p>\n\n\n\n<figure class=\"wp-block-image size-full\"><img loading=\"lazy\" decoding=\"async\" width=\"1540\" height=\"866\" src=\"https:\/\/dev.kompaktdesign.hu\/hodszolar.hu\/wp-content\/uploads\/2021\/12\/illu-multi-flow-symo-hybrid-169.gif\" alt=\"\" class=\"wp-image-820\"\/><\/figure>\n\n\n\n<p><strong>A hibrid napelemes rendszerek jelent\u0151s\u00e9ge<\/strong><br><br>A hibrid \u00fczem\u0171 napelemes rendszerek egy be\u00e9p\u00edtett sz\u00fcnetmentes akkumul\u00e1torba gy\u0171jtik az energi\u00e1t. Ehhez a rendszerbe egy \u00e1ramm\u00e9r\u0151 szenzort is sz\u00fcks\u00e9ges be\u00e9p\u00edteni, amivel ki lehet k\u00fcsz\u00f6b\u00f6lni a felmer\u00fcl\u0151 \u00e1ramingadoz\u00e1st. A hibrid \u00fczem\u0171 napelemes rendszer alkalmaz\u00e1sa els\u0151sorban olyan h\u00e1ztart\u00e1sok eset\u00e9ben javasolt, ahol olyan fogyaszt\u00f3k is vannak, amelyekn\u00e9l sz\u00fcks\u00e9g van a folyamatos \u00e1ramell\u00e1t\u00e1sra (pl. f\u0171t\u00e9s keringtet\u0151). Azt viszont \u00e9rdemes tudni, hogy itt nem besz\u00e9lhet\u00fcnk sz\u00fcnetmentes ell\u00e1t\u00e1sr\u00f3l, a rendszer kb. 60 m\u00e1sodperc alatt kapcsol \u00e1t. Az \u00e1ramsz\u00fcnet id\u0151szak\u00e1ban \u00e1thidalhat\u00f3 id\u0151tartam a fogyaszt\u00f3k mennyis\u00e9g\u00e9nek, energiaig\u00e9ny\u00e9nek \u00e9s az akkumul\u00e1tor kapacit\u00e1s\u00e1nak f\u00fcggv\u00e9nye.<br><br>Ha a piacon k\u00f6rben\u00e9z\u00fcnk, akkor gyakran hallhatunk m\u00e9g hibrid inverterekr\u0151l is, melyekn\u00e9l \u00e9rdemes azzal is tiszt\u00e1ban lenni, hogy a legt\u00f6bb inverter gy\u00e1rt\u00f3 hibridnek titul\u00e1lt berendez\u00e9se csak azt jelzi, hogy egy\u00fctt tud m\u0171k\u00f6dni az energiat\u00e1rol\u00f3val, vagyis van benne akkumul\u00e1tort\u00f6lt\u0151, amit a telep\u00edtett szoftver kezelni k\u00e9pes. Viszont az ilyen inverterek \u00e1ramsz\u00fcnet eset\u00e9n lekapcsolnak, \u00e9s nem teszik lehet\u0151v\u00e9 a sz\u00fcnetmentes \u00e1ramell\u00e1t\u00e1st akkor sem, ha az akkumul\u00e1tor fel van t\u00f6ltve. Ugyanakkor vannak olyan gy\u00e1rt\u00f3k is, amelynek hibrid inverter t\u00edpusai val\u00f3s hibrid \u00fczemet biztos\u00edtanak.<br><br>A hibrid napelemes rendszer \u00e9s hibrid inverter h\u00e1l\u00f3zatra kapcsol\u00e1s\u00e1nak enged\u00e9lyeztet\u00e9se egy\u00e1ltal\u00e1n nem bonyolult folyamat. A folyamat gyakorlatilag megegyezik a hagyom\u00e1nyos, h\u00e1l\u00f3zatba visszat\u00e1pl\u00e1l\u00f3 t\u00edpusok\u00e9val. Az a hibrid inverter, amely rendelkezik t\u00edpusenged\u00e9llyel minden gond n\u00e9lk\u00fcl h\u00e1l\u00f3zatra k\u00f6thet\u0151. A hibrid napelemes rendszer eset\u00e9ben csak annyi a teend\u0151, hogy \u00e1tv\u00e9tel, \u00fczembe helyez\u00e9s el\u0151tt fel kell h\u00edvni a szolg\u00e1ltat\u00f3 figyelm\u00e9t arra, hogy a hagyom\u00e1nyost\u00f3l elt\u00e9r\u0151 rendszerr\u0151l van sz\u00f3.<br><br>Ezek ut\u00e1n joggal ad\u00f3dhat a k\u00e9rd\u00e9s, hogy mennyi is egy hibrid napelemes rendszer \u00e1ra. A hagyom\u00e1nyos rendszerekhez k\u00e9pest az \u00e1rk\u00fcl\u00f6nb\u00f6zet nem jelent\u0151s, f\u0151leg, ha azt is figyelembe vessz\u00fck, hogy a hibrid napelemes rendszer seg\u00edts\u00e9g\u00e9vel jelent\u0151sen cs\u00f6kkenthet\u0151 a h\u00e1l\u00f3zatr\u00f3l v\u00e9telezett energia mennyis\u00e9ge.<br><br><\/p>\n","protected":false},"excerpt":{"rendered":"<p>A fotovoltaikus rendszerek folyamatosan fejl\u0151dnek \u00e9s egy olyan \u00faj\u00edt\u00e1s is el\u00e9rhet\u0151 m\u00e1r, ami m\u00e9g ink\u00e1bb szolg\u00e1lja a h\u00e1ztart\u00e1sokat, a lakoss\u00e1gi ig\u00e9nyeket. Ez az innovat\u00edv megold\u00e1s pedig nem m\u00e1s, mint a hibrid napelem rendszer, ami lehet\u0151v\u00e9 teszi a termel\u0151-fogyaszt\u00f3k sz\u00e1m\u00e1ra azt, hogy napnyugt\u00e1t k\u00f6vet\u0151en is z\u00f6ld, ingyenes energi\u00e1t haszn\u00e1ljanak fel a h\u00e1l\u00f3zatr\u00f3l v\u00e9telezett helyett. Mindezt pedig [&hellip;]<\/p>\n","protected":false},"author":3,"featured_media":823,"comment_status":"open","ping_status":"open","sticky":false,"template":"","format":"standard","meta":{"footnotes":""},"categories":[1],"tags":[],"class_list":["post-819","post","type-post","status-publish","format-standard","has-post-thumbnail","hentry","category-egyeb"],"yoast_head":"<!-- This site is optimized with the Yoast SEO plugin v19.5.1 - https:\/\/yoast.com\/wordpress\/plugins\/seo\/ -->\n<title>Mit kell tudni egy hibrid napelemes rendszerr\u0151l | H\u00f3dszol\u00e1r<\/title>\n<meta name=\"robots\" content=\"noindex, follow, max-snippet:-1, max-image-preview:large, max-video-preview:-1\" \/>\n<meta property=\"og:locale\" content=\"hu_HU\" \/>\n<meta property=\"og:type\" content=\"article\" \/>\n<meta property=\"og:title\" content=\"Mit kell tudni egy hibrid napelemes rendszerr\u0151l | H\u00f3dszol\u00e1r\" \/>\n<meta property=\"og:description\" content=\"A fotovoltaikus rendszerek folyamatosan fejl\u0151dnek \u00e9s egy olyan \u00faj\u00edt\u00e1s is el\u00e9rhet\u0151 m\u00e1r, ami m\u00e9g ink\u00e1bb szolg\u00e1lja a h\u00e1ztart\u00e1sokat, a lakoss\u00e1gi ig\u00e9nyeket. Ez az innovat\u00edv megold\u00e1s pedig nem m\u00e1s, mint a hibrid napelem rendszer, ami lehet\u0151v\u00e9 teszi a termel\u0151-fogyaszt\u00f3k sz\u00e1m\u00e1ra azt, hogy napnyugt\u00e1t k\u00f6vet\u0151en is z\u00f6ld, ingyenes energi\u00e1t haszn\u00e1ljanak fel a h\u00e1l\u00f3zatr\u00f3l v\u00e9telezett helyett. Mindezt pedig [&hellip;]\" \/>\n<meta property=\"og:url\" content=\"https:\/\/dev.kompaktdesign.hu\/hodszolar.hu\/2021\/12\/07\/mit-kell-tudni-egy-hibrid-napelemes-rendszerrol\/\" \/>\n<meta property=\"og:site_name\" content=\"H\u00f3dszol\u00e1r\" \/>\n<meta property=\"article:publisher\" content=\"https:\/\/www.facebook.com\/hodszolar\" \/>\n<meta property=\"article:published_time\" content=\"2021-12-07T15:05:45+00:00\" \/>\n<meta property=\"article:modified_time\" content=\"2021-12-07T15:05:46+00:00\" \/>\n<meta property=\"og:image\" content=\"https:\/\/dev.kompaktdesign.hu\/hodszolar.hu\/wp-content\/uploads\/2021\/12\/se-news-symo-hybrid-byd-169-1.jpg\" \/>\n\t<meta property=\"og:image:width\" content=\"616\" \/>\n\t<meta property=\"og:image:height\" content=\"433\" \/>\n\t<meta property=\"og:image:type\" content=\"image\/jpeg\" \/>\n<meta name=\"author\" content=\"H\u00f3dszol\u00e1r Kft.\" \/>\n<meta name=\"twitter:card\" content=\"summary_large_image\" \/>\n<meta name=\"twitter:label1\" content=\"Szerz\u0151:\" \/>\n\t<meta name=\"twitter:data1\" content=\"H\u00f3dszol\u00e1r Kft.\" \/>\n\t<meta name=\"twitter:label2\" content=\"Becs\u00fclt olvas\u00e1si id\u0151\" \/>\n\t<meta name=\"twitter:data2\" content=\"5 perc\" \/>\n<script type=\"application\/ld+json\" class=\"yoast-schema-graph\">{\"@context\":\"https:\/\/schema.org\",\"@graph\":[{\"@type\":\"Article\",\"@id\":\"https:\/\/dev.kompaktdesign.hu\/hodszolar.hu\/2021\/12\/07\/mit-kell-tudni-egy-hibrid-napelemes-rendszerrol\/#article\",\"isPartOf\":{\"@id\":\"https:\/\/dev.kompaktdesign.hu\/hodszolar.hu\/2021\/12\/07\/mit-kell-tudni-egy-hibrid-napelemes-rendszerrol\/\"},\"author\":{\"name\":\"H\u00f3dszol\u00e1r Kft.\",\"@id\":\"https:\/\/dev.kompaktdesign.hu\/hodszolar.hu\/#\/schema\/person\/a788af940a3d6b2829396312340dd08c\"},\"headline\":\"Mit kell tudni egy hibrid napelemes rendszerr\u0151l\",\"datePublished\":\"2021-12-07T15:05:45+00:00\",\"dateModified\":\"2021-12-07T15:05:46+00:00\",\"mainEntityOfPage\":{\"@id\":\"https:\/\/dev.kompaktdesign.hu\/hodszolar.hu\/2021\/12\/07\/mit-kell-tudni-egy-hibrid-napelemes-rendszerrol\/\"},\"wordCount\":1259,\"commentCount\":0,\"publisher\":{\"@id\":\"https:\/\/dev.kompaktdesign.hu\/hodszolar.hu\/#organization\"},\"articleSection\":[\"Egy\u00e9b kateg\u00f3ria\"],\"inLanguage\":\"hu\",\"potentialAction\":[{\"@type\":\"CommentAction\",\"name\":\"Comment\",\"target\":[\"https:\/\/dev.kompaktdesign.hu\/hodszolar.hu\/2021\/12\/07\/mit-kell-tudni-egy-hibrid-napelemes-rendszerrol\/#respond\"]}]},{\"@type\":\"WebPage\",\"@id\":\"https:\/\/dev.kompaktdesign.hu\/hodszolar.hu\/2021\/12\/07\/mit-kell-tudni-egy-hibrid-napelemes-rendszerrol\/\",\"url\":\"https:\/\/dev.kompaktdesign.hu\/hodszolar.hu\/2021\/12\/07\/mit-kell-tudni-egy-hibrid-napelemes-rendszerrol\/\",\"name\":\"Mit kell tudni egy hibrid napelemes rendszerr\u0151l | H\u00f3dszol\u00e1r\",\"isPartOf\":{\"@id\":\"https:\/\/dev.kompaktdesign.hu\/hodszolar.hu\/#website\"},\"datePublished\":\"2021-12-07T15:05:45+00:00\",\"dateModified\":\"2021-12-07T15:05:46+00:00\",\"breadcrumb\":{\"@id\":\"https:\/\/dev.kompaktdesign.hu\/hodszolar.hu\/2021\/12\/07\/mit-kell-tudni-egy-hibrid-napelemes-rendszerrol\/#breadcrumb\"},\"inLanguage\":\"hu\",\"potentialAction\":[{\"@type\":\"ReadAction\",\"target\":[\"https:\/\/dev.kompaktdesign.hu\/hodszolar.hu\/2021\/12\/07\/mit-kell-tudni-egy-hibrid-napelemes-rendszerrol\/\"]}]},{\"@type\":\"BreadcrumbList\",\"@id\":\"https:\/\/dev.kompaktdesign.hu\/hodszolar.hu\/2021\/12\/07\/mit-kell-tudni-egy-hibrid-napelemes-rendszerrol\/#breadcrumb\",\"itemListElement\":[{\"@type\":\"ListItem\",\"position\":1,\"name\":\"Kezd\u0151lap\",\"item\":\"https:\/\/dev.kompaktdesign.hu\/hodszolar.hu\/\"},{\"@type\":\"ListItem\",\"position\":2,\"name\":\"Mit kell tudni egy hibrid napelemes rendszerr\u0151l\"}]},{\"@type\":\"WebSite\",\"@id\":\"https:\/\/dev.kompaktdesign.hu\/hodszolar.hu\/#website\",\"url\":\"https:\/\/dev.kompaktdesign.hu\/hodszolar.hu\/\",\"name\":\"H\u00f3dszol\u00e1r\",\"description\":\"A v\u00e1s\u00e1rhelyi napelemes\",\"publisher\":{\"@id\":\"https:\/\/dev.kompaktdesign.hu\/hodszolar.hu\/#organization\"},\"potentialAction\":[{\"@type\":\"SearchAction\",\"target\":{\"@type\":\"EntryPoint\",\"urlTemplate\":\"https:\/\/dev.kompaktdesign.hu\/hodszolar.hu\/?s={search_term_string}\"},\"query-input\":\"required name=search_term_string\"}],\"inLanguage\":\"hu\"},{\"@type\":\"Organization\",\"@id\":\"https:\/\/dev.kompaktdesign.hu\/hodszolar.hu\/#organization\",\"name\":\"H\u00f3dszol\u00e1r Kft.\",\"url\":\"https:\/\/dev.kompaktdesign.hu\/hodszolar.hu\/\",\"sameAs\":[\"https:\/\/www.facebook.com\/hodszolar\"],\"logo\":{\"@type\":\"ImageObject\",\"inLanguage\":\"hu\",\"@id\":\"https:\/\/dev.kompaktdesign.hu\/hodszolar.hu\/#\/schema\/logo\/image\/\",\"url\":\"https:\/\/dev.kompaktdesign.hu\/hodszolar.hu\/wp-content\/uploads\/2021\/05\/fvicon.png\",\"contentUrl\":\"https:\/\/dev.kompaktdesign.hu\/hodszolar.hu\/wp-content\/uploads\/2021\/05\/fvicon.png\",\"width\":132,\"height\":132,\"caption\":\"H\u00f3dszol\u00e1r Kft.\"},\"image\":{\"@id\":\"https:\/\/dev.kompaktdesign.hu\/hodszolar.hu\/#\/schema\/logo\/image\/\"}},{\"@type\":\"Person\",\"@id\":\"https:\/\/dev.kompaktdesign.hu\/hodszolar.hu\/#\/schema\/person\/a788af940a3d6b2829396312340dd08c\",\"name\":\"H\u00f3dszol\u00e1r Kft.\",\"image\":{\"@type\":\"ImageObject\",\"inLanguage\":\"hu\",\"@id\":\"https:\/\/dev.kompaktdesign.hu\/hodszolar.hu\/#\/schema\/person\/image\/\",\"url\":\"https:\/\/secure.gravatar.com\/avatar\/38df000db6f2e93b7f0ccccf7714392424ca033738d34dfe71f19fdb70329830?s=96&d=mm&r=g\",\"contentUrl\":\"https:\/\/secure.gravatar.com\/avatar\/38df000db6f2e93b7f0ccccf7714392424ca033738d34dfe71f19fdb70329830?s=96&d=mm&r=g\",\"caption\":\"H\u00f3dszol\u00e1r Kft.\"},\"url\":\"https:\/\/dev.kompaktdesign.hu\/hodszolar.hu\/author\/hodszolar\/\"}]}<\/script>\n<!-- \/ Yoast SEO plugin. -->","yoast_head_json":{"title":"Mit kell tudni egy hibrid napelemes rendszerr\u0151l | H\u00f3dszol\u00e1r","robots":{"index":"noindex","follow":"follow","max-snippet":"max-snippet:-1","max-image-preview":"max-image-preview:large","max-video-preview":"max-video-preview:-1"},"og_locale":"hu_HU","og_type":"article","og_title":"Mit kell tudni egy hibrid napelemes rendszerr\u0151l | H\u00f3dszol\u00e1r","og_description":"A fotovoltaikus rendszerek folyamatosan fejl\u0151dnek \u00e9s egy olyan \u00faj\u00edt\u00e1s is el\u00e9rhet\u0151 m\u00e1r, ami m\u00e9g ink\u00e1bb szolg\u00e1lja a h\u00e1ztart\u00e1sokat, a lakoss\u00e1gi ig\u00e9nyeket. Ez az innovat\u00edv megold\u00e1s pedig nem m\u00e1s, mint a hibrid napelem rendszer, ami lehet\u0151v\u00e9 teszi a termel\u0151-fogyaszt\u00f3k sz\u00e1m\u00e1ra azt, hogy napnyugt\u00e1t k\u00f6vet\u0151en is z\u00f6ld, ingyenes energi\u00e1t haszn\u00e1ljanak fel a h\u00e1l\u00f3zatr\u00f3l v\u00e9telezett helyett. Mindezt pedig [&hellip;]","og_url":"https:\/\/dev.kompaktdesign.hu\/hodszolar.hu\/2021\/12\/07\/mit-kell-tudni-egy-hibrid-napelemes-rendszerrol\/","og_site_name":"H\u00f3dszol\u00e1r","article_publisher":"https:\/\/www.facebook.com\/hodszolar","article_published_time":"2021-12-07T15:05:45+00:00","article_modified_time":"2021-12-07T15:05:46+00:00","og_image":[{"width":616,"height":433,"url":"https:\/\/dev.kompaktdesign.hu\/hodszolar.hu\/wp-content\/uploads\/2021\/12\/se-news-symo-hybrid-byd-169-1.jpg","type":"image\/jpeg"}],"author":"H\u00f3dszol\u00e1r Kft.","twitter_card":"summary_large_image","twitter_misc":{"Szerz\u0151:":"H\u00f3dszol\u00e1r Kft.","Becs\u00fclt olvas\u00e1si id\u0151":"5 perc"},"schema":{"@context":"https:\/\/schema.org","@graph":[{"@type":"Article","@id":"https:\/\/dev.kompaktdesign.hu\/hodszolar.hu\/2021\/12\/07\/mit-kell-tudni-egy-hibrid-napelemes-rendszerrol\/#article","isPartOf":{"@id":"https:\/\/dev.kompaktdesign.hu\/hodszolar.hu\/2021\/12\/07\/mit-kell-tudni-egy-hibrid-napelemes-rendszerrol\/"},"author":{"name":"H\u00f3dszol\u00e1r Kft.","@id":"https:\/\/dev.kompaktdesign.hu\/hodszolar.hu\/#\/schema\/person\/a788af940a3d6b2829396312340dd08c"},"headline":"Mit kell tudni egy hibrid napelemes rendszerr\u0151l","datePublished":"2021-12-07T15:05:45+00:00","dateModified":"2021-12-07T15:05:46+00:00","mainEntityOfPage":{"@id":"https:\/\/dev.kompaktdesign.hu\/hodszolar.hu\/2021\/12\/07\/mit-kell-tudni-egy-hibrid-napelemes-rendszerrol\/"},"wordCount":1259,"commentCount":0,"publisher":{"@id":"https:\/\/dev.kompaktdesign.hu\/hodszolar.hu\/#organization"},"articleSection":["Egy\u00e9b kateg\u00f3ria"],"inLanguage":"hu","potentialAction":[{"@type":"CommentAction","name":"Comment","target":["https:\/\/dev.kompaktdesign.hu\/hodszolar.hu\/2021\/12\/07\/mit-kell-tudni-egy-hibrid-napelemes-rendszerrol\/#respond"]}]},{"@type":"WebPage","@id":"https:\/\/dev.kompaktdesign.hu\/hodszolar.hu\/2021\/12\/07\/mit-kell-tudni-egy-hibrid-napelemes-rendszerrol\/","url":"https:\/\/dev.kompaktdesign.hu\/hodszolar.hu\/2021\/12\/07\/mit-kell-tudni-egy-hibrid-napelemes-rendszerrol\/","name":"Mit kell tudni egy hibrid napelemes rendszerr\u0151l | H\u00f3dszol\u00e1r","isPartOf":{"@id":"https:\/\/dev.kompaktdesign.hu\/hodszolar.hu\/#website"},"datePublished":"2021-12-07T15:05:45+00:00","dateModified":"2021-12-07T15:05:46+00:00","breadcrumb":{"@id":"https:\/\/dev.kompaktdesign.hu\/hodszolar.hu\/2021\/12\/07\/mit-kell-tudni-egy-hibrid-napelemes-rendszerrol\/#breadcrumb"},"inLanguage":"hu","potentialAction":[{"@type":"ReadAction","target":["https:\/\/dev.kompaktdesign.hu\/hodszolar.hu\/2021\/12\/07\/mit-kell-tudni-egy-hibrid-napelemes-rendszerrol\/"]}]},{"@type":"BreadcrumbList","@id":"https:\/\/dev.kompaktdesign.hu\/hodszolar.hu\/2021\/12\/07\/mit-kell-tudni-egy-hibrid-napelemes-rendszerrol\/#breadcrumb","itemListElement":[{"@type":"ListItem","position":1,"name":"Kezd\u0151lap","item":"https:\/\/dev.kompaktdesign.hu\/hodszolar.hu\/"},{"@type":"ListItem","position":2,"name":"Mit kell tudni egy hibrid napelemes rendszerr\u0151l"}]},{"@type":"WebSite","@id":"https:\/\/dev.kompaktdesign.hu\/hodszolar.hu\/#website","url":"https:\/\/dev.kompaktdesign.hu\/hodszolar.hu\/","name":"H\u00f3dszol\u00e1r","description":"A v\u00e1s\u00e1rhelyi napelemes","publisher":{"@id":"https:\/\/dev.kompaktdesign.hu\/hodszolar.hu\/#organization"},"potentialAction":[{"@type":"SearchAction","target":{"@type":"EntryPoint","urlTemplate":"https:\/\/dev.kompaktdesign.hu\/hodszolar.hu\/?s={search_term_string}"},"query-input":"required name=search_term_string"}],"inLanguage":"hu"},{"@type":"Organization","@id":"https:\/\/dev.kompaktdesign.hu\/hodszolar.hu\/#organization","name":"H\u00f3dszol\u00e1r Kft.","url":"https:\/\/dev.kompaktdesign.hu\/hodszolar.hu\/","sameAs":["https:\/\/www.facebook.com\/hodszolar"],"logo":{"@type":"ImageObject","inLanguage":"hu","@id":"https:\/\/dev.kompaktdesign.hu\/hodszolar.hu\/#\/schema\/logo\/image\/","url":"https:\/\/dev.kompaktdesign.hu\/hodszolar.hu\/wp-content\/uploads\/2021\/05\/fvicon.png","contentUrl":"https:\/\/dev.kompaktdesign.hu\/hodszolar.hu\/wp-content\/uploads\/2021\/05\/fvicon.png","width":132,"height":132,"caption":"H\u00f3dszol\u00e1r Kft."},"image":{"@id":"https:\/\/dev.kompaktdesign.hu\/hodszolar.hu\/#\/schema\/logo\/image\/"}},{"@type":"Person","@id":"https:\/\/dev.kompaktdesign.hu\/hodszolar.hu\/#\/schema\/person\/a788af940a3d6b2829396312340dd08c","name":"H\u00f3dszol\u00e1r Kft.","image":{"@type":"ImageObject","inLanguage":"hu","@id":"https:\/\/dev.kompaktdesign.hu\/hodszolar.hu\/#\/schema\/person\/image\/","url":"https:\/\/secure.gravatar.com\/avatar\/38df000db6f2e93b7f0ccccf7714392424ca033738d34dfe71f19fdb70329830?s=96&d=mm&r=g","contentUrl":"https:\/\/secure.gravatar.com\/avatar\/38df000db6f2e93b7f0ccccf7714392424ca033738d34dfe71f19fdb70329830?s=96&d=mm&r=g","caption":"H\u00f3dszol\u00e1r Kft."},"url":"https:\/\/dev.kompaktdesign.hu\/hodszolar.hu\/author\/hodszolar\/"}]}},"_links":{"self":[{"href":"https:\/\/dev.kompaktdesign.hu\/hodszolar.hu\/wp-json\/wp\/v2\/posts\/819","targetHints":{"allow":["GET"]}}],"collection":[{"href":"https:\/\/dev.kompaktdesign.hu\/hodszolar.hu\/wp-json\/wp\/v2\/posts"}],"about":[{"href":"https:\/\/dev.kompaktdesign.hu\/hodszolar.hu\/wp-json\/wp\/v2\/types\/post"}],"author":[{"embeddable":true,"href":"https:\/\/dev.kompaktdesign.hu\/hodszolar.hu\/wp-json\/wp\/v2\/users\/3"}],"replies":[{"embeddable":true,"href":"https:\/\/dev.kompaktdesign.hu\/hodszolar.hu\/wp-json\/wp\/v2\/comments?post=819"}],"version-history":[{"count":1,"href":"https:\/\/dev.kompaktdesign.hu\/hodszolar.hu\/wp-json\/wp\/v2\/posts\/819\/revisions"}],"predecessor-version":[{"id":824,"href":"https:\/\/dev.kompaktdesign.hu\/hodszolar.hu\/wp-json\/wp\/v2\/posts\/819\/revisions\/824"}],"wp:featuredmedia":[{"embeddable":true,"href":"https:\/\/dev.kompaktdesign.hu\/hodszolar.hu\/wp-json\/wp\/v2\/media\/823"}],"wp:attachment":[{"href":"https:\/\/dev.kompaktdesign.hu\/hodszolar.hu\/wp-json\/wp\/v2\/media?parent=819"}],"wp:term":[{"taxonomy":"category","embeddable":true,"href":"https:\/\/dev.kompaktdesign.hu\/hodszolar.hu\/wp-json\/wp\/v2\/categories?post=819"},{"taxonomy":"post_tag","embeddable":true,"href":"https:\/\/dev.kompaktdesign.hu\/hodszolar.hu\/wp-json\/wp\/v2\/tags?post=819"}],"curies":[{"name":"wp","href":"https:\/\/api.w.org\/{rel}","templated":true}]}}