{"id":828,"date":"2022-01-13T09:43:08","date_gmt":"2022-01-13T09:43:08","guid":{"rendered":"https:\/\/hodszolar.hu\/?p=828"},"modified":"2022-01-13T09:43:11","modified_gmt":"2022-01-13T09:43:11","slug":"miert-utasitjak-el-a-leggyakrabban-az-otthonfelujitasi-kerelmet","status":"publish","type":"post","link":"https:\/\/dev.kompaktdesign.hu\/hodszolar.hu\/2022\/01\/13\/miert-utasitjak-el-a-leggyakrabban-az-otthonfelujitasi-kerelmet\/","title":{"rendered":"Mi\u00e9rt utas\u00edtj\u00e1k el a leggyakrabban az otthonfel\u00faj\u00edt\u00e1si k\u00e9relmet?"},"content":{"rendered":"\n<p>A Magyar \u00c1llamkincst\u00e1r t\u00e1j\u00e9koztat\u00e1sa alapj\u00e1n a legjellemz\u0151bb hib\u00e1k az al\u00e1bbiak, ezekre k\u00fcl\u00f6n\u00f6sen \u00fcgyelni kell, \u00e9rdemes a k\u00e9relem beny\u00fajt\u00e1sa el\u0151tt v\u00e9gigfutni a list\u00e1t. Azonban szerencs\u00e9re nemcsak elutas\u00edt\u00e1shoz, hi\u00e1nyp\u00f3tl\u00e1shoz is vezethetnek bizonyos hib\u00e1k. A k\u00e9relem elutas\u00edt\u00e1sa eset\u00e9n \u2013 amennyiben megfelel a felt\u00e9teleknek \u2013 lehet\u0151s\u00e9g van \u00fajabb k\u00e9relmet beny\u00fajtani 2022. december 31-ig.<strong><\/strong><\/p>\n\n\n\n<ol class=\"wp-block-list\" type=\"1\"><li>az ig\u00e9nyl\u0151nek \u2013 vagy egy\u00fcttes ig\u00e9nyl\u00e9s eset\u00e9n valamelyik f\u00e9lnek \u2013 az ig\u00e9nyl\u00e9s id\u0151pontj\u00e1ban&nbsp;<strong>k\u00f6ztartoz\u00e1s<\/strong>a volt (Az ig\u00e9nyl\u0151, egy\u00fcttes ig\u00e9nyl\u00e9s eset\u00e9n h\u00e1zast\u00e1rsa vagy \u00e9lett\u00e1rsa sem rendelkezhet az \u00e1llami ad\u00f3hat\u00f3s\u00e1gn\u00e1l nyilv\u00e1ntartott, az ad\u00f3igazgat\u00e1si elj\u00e1r\u00e1s r\u00e9szletszab\u00e1lyair\u00f3l sz\u00f3l\u00f3 465\/2017. (XII. 28.) Korm. rendelet 22. \u00a7 (1) bekezd\u00e9s <em>a) <\/em>pontja szerinti \u00f6sszeget (\u00f6tezer forintot) meghalad\u00f3 k\u00f6ztartoz\u00e1ssal.);<\/li><li>az ig\u00e9nyl\u0151 vagy a t\u00e1mogat\u00e1sra jogos\u00edt\u00f3 gyermek <strong>\u00e1lland\u00f3 lak\u00f3helye nem a fel\u00faj\u00edtott ingatlanban<\/strong> van, illetve, ha a beny\u00fajt\u00e1st megel\u0151z\u0151 egy \u00e9ven t\u00fal ker\u00fclt a tulajdonukba a lak\u00e1s, <strong>nincs egy \u00e9ve, hogy bejelentkeztek <\/strong>(a tart\u00f3zkod\u00e1si hely nem azonos az \u00e1lland\u00f3 lakc\u00edmmel);<\/li><li>az ingatlan f\u0151 rendeltet\u00e9se a tulajdoni lap szerint&nbsp;<strong>nem lak\u00e1s <\/strong>(hanem pl. be\u00e9p\u00edtetlen ter\u00fclet);<\/li><li>nincs meg a megfelel\u0151&nbsp;<strong>tulajdoni h\u00e1nyad <\/strong>(a t\u00e1mogat\u00e1ssal \u00e9rintett lak\u00e1sban egy\u00fcttesen (egy\u00fcttes ig\u00e9nyl\u00e9s eset\u00e9n az ig\u00e9nyl\u0151knek egy\u00fctt, vagy kiskor\u00fa gyermekeiknek) legal\u00e1bb 50%-os m\u00e9rt\u00e9k\u0171, az ingatlan-nyilv\u00e1ntart\u00e1sba bejegyzett tulajdoni h\u00e1nyaddal kell rendelkezni\u00fck);<\/li><li>a k\u00e9relem beny\u00fajt\u00e1sakor a gyermek <strong>m\u00e1r bet\u00f6lt\u00f6tte a 25. \u00e9let\u00e9v\u00e9t<\/strong>;<\/li><li>nem megfelel\u0151en teljes\u00edtik a <strong>hi\u00e1nyp\u00f3tl\u00e1s<\/strong>t.<\/li><li><strong>Hi\u00e1nyos dokument\u00e1ci\u00f3<\/strong>: nem ker\u00fclt beny\u00fajt\u00e1sra valamennyi, k\u00f6telez\u0151en beny\u00fajtand\u00f3 dokumentum: ilyen a jogszab\u00e1ly szerint a k\u00e9relem \u00e9s a sz\u00e1ml\u00e1k mellett a v\u00e1llalkoz\u00e1si szerz\u0151d\u00e9s m\u00e1solata, a lakc\u00edmet igazol\u00f3 hat\u00f3s\u00e1gi igazolv\u00e1ny m\u00e1solata, a sz\u00e1mla\u00f6sszes\u00edt\u0151, az 1. sz\u00e1m\u00fa nyilatkozat, az ig\u00e9nyl\u0151(k) szem\u00e9lyazonoss\u00e1g\u00e1nak igazol\u00e1s\u00e1ra szolg\u00e1l\u00f3 dokumentum m\u00e1solata.<\/li><li><strong>Nem egy\u00fcttes ig\u00e9nyl\u00e9s<\/strong>: a t\u00e1mogat\u00e1st h\u00e1zas- \u00e9s \u00e9lett\u00e1rsaknak egy\u00fcttesen kell ig\u00e9nyelni\u00fck, de gyakran el\u0151fordult eddig, hogy az ig\u00e9nyl\u0151 egyed\u00fcli ig\u00e9nyl\u0151k\u00e9nt ny\u00fajtotta be a k\u00e9relmet, melyb\u0151l meg\u00e1llap\u00edthat\u00f3, hogy az h\u00e1zast\u00e1rs\u00e1val\/\u00e9lett\u00e1rs\u00e1val egy\u00fcttes ig\u00e9nyl\u00e9st kellett volna beny\u00fajtaniuk.<\/li><li><strong>Nem minden gyermek felt\u00fcntet\u00e9se<\/strong>: az ig\u00e9nyl\u0151 a k\u00e9relemben nem minden, - vele azonos lak\u00f3hellyel rendelkez\u0151 - gyermeket t\u00fcntetett fel.<\/li><li><strong>Hi\u00e1nyz\u00f3 al\u00e1\u00edr\u00e1s<\/strong>: az ig\u00e9nyl\u0151 nem \u00edrta al\u00e1 a k\u00e9relem nyomtatv\u00e1nyt.<\/li><li><strong>K\u00f6telez\u0151 mez\u0151k \u00fcresen hagy\u00e1sa<\/strong>: a k\u00e9relem nyomtatv\u00e1nyon nincs kit\u00f6ltve minden k\u00f6telez\u0151en t\u00f6ltend\u0151 mez\u0151, melyek (\u201d*\u201d) csillaggal jel\u00f6ltek.<\/li><li><strong>Hi\u00e1nyz\u00f3 sz\u00fcl\u0151i adatok<\/strong>: egyed\u00fcli ig\u00e9nyl\u00e9sn\u00e9l a gyermek adatain\u00e1l sokszor nem ker\u00fclnek felt\u00fcntet\u00e9sre az apa vagy az anya adatai.<\/li><li><strong>Hi\u00e1nyz\u00f3 al\u00e1h\u00faz\u00e1sok<\/strong>: az 1. sz\u00e1m\u00fa nyilatkozaton a 2., a 3. \u00e9s a 4. pontban a megfelel\u0151 d\u0151ltbet\u0171s r\u00e9szek al\u00e1h\u00faz\u00e1sa nem t\u00f6rt\u00e9nt meg.<\/li><li><strong>Hi\u00e1nyz\u00f3 t\u00f6rl\u00e9s a nyilatkozaton<\/strong>: az ig\u00e9nyl\u0151 nem kiskor\u00fa rokona gy\u00e1mjak\u00e9nt ny\u00fajtja be a k\u00e9relmet, ennek ellen\u00e9re az 1. sz\u00e1m\u00fa nyilatkozat 5. pontj\u00e1nak t\u00f6rl\u00e9se nem t\u00f6rt\u00e9nt meg.<\/li><li><strong>Hib\u00e1s t\u00f6rl\u00e9s a nyilatkozaton<\/strong>: Az 1. sz\u00e1m\u00fa nyilatkozaton az 5. pont t\u00f6rl\u00e9se ut\u00e1n a k\u00f6vetkez\u0151 3 bekezd\u00e9s (\u201eHozz\u00e1j\u00e1rulok ahhoz, hogy\u2026) is t\u00f6rl\u00e9sre ker\u00fclt.<\/li><li><strong>Felcser\u00e9lt adatok:<\/strong> a 2. sz\u00e1m\u00fa nyilatkozaton az ig\u00e9nyl\u0151 \u00e9s a k\u00e9relmez\u0151 ig\u00e9nyl\u0151 adatait felcser\u00e9lik, illetve nem a h\u00e1zast\u00e1rs, hanem a k\u00e9relmez\u0151 \u00edrja al\u00e1.<\/li><li><strong>Nagykor\u00fa gyermek hozz\u00e1j\u00e1rul\u00e1s\u00e1nak hi\u00e1nya<\/strong>: a 3. sz\u00e1m\u00fa nyilatkozat nem ker\u00fclt kit\u00f6lt\u00e9sre \u00e9s al\u00e1\u00edr\u00e1sra a nagykor\u00fa gyermek \u00e1ltal, melyben hozz\u00e1j\u00e1rul adatai kezel\u00e9s\u00e9hez.<\/li><li><strong>Felcser\u00e9lt adatok<\/strong>: a 3. sz\u00e1m\u00fa nyilatkozaton a nyilatkozattev\u0151 (nagykor\u00fa gyermek) \u00e9s a k\u00e9relmez\u0151 adatait felcser\u00e9lt\u00e9k.<\/li><li><strong>Hi\u00e1nyz\u00f3 elektronikus hiteles\u00edt\u00e9s<\/strong>: az \u00fcgyf\u00e9lkapu (SZ\u00dcF) fel\u00fcleten beny\u00fajtott k\u00e9relmet \u00e9s mell\u00e9kleteit az ig\u00e9nyl\u0151 nem l\u00e1tta el elektronikus hiteles\u00edt\u00e9ssel.<\/li><li><strong>Elt\u00e9r\u0151 lakc\u00edmek<\/strong>: az ingatlan-nyilv\u00e1ntart\u00e1sban szerepl\u0151 c\u00edm nem egyezik meg a lakc\u00edmk\u00e1rty\u00e1n szerepl\u0151 c\u00edmmel.<\/li><li><strong>Hib\u00e1s helyrajzi sz\u00e1m:<\/strong> t\u00e1rsash\u00e1zi ingatlan eset\u00e9ben nem az albet\u00e9t, hanem a t\u00e1rsash\u00e1z helyrajzi sz\u00e1ma ker\u00fcl felt\u00fcntet\u00e9sre a k\u00e9relemben \u00e9s\/vagy szerz\u0151d\u00e9seken.<\/li><li><strong>Hi\u00e1nyos v\u00e1llalkoz\u00f3i szerz\u0151d\u00e9s<\/strong>: a v\u00e1llalkoz\u00f3i szerz\u0151d\u00e9s nem tartalmazza valamennyi, a Kincst\u00e1r honlapj\u00e1n k\u00f6zz\u00e9tett v\u00e1llalkoz\u00e1si szerz\u0151d\u00e9smint\u00e1ban szerepl\u0151 elemet.<\/li><li><strong>Hi\u00e1nyz\u00f3 v\u00e1llalkoz\u00f3i szerz\u0151d\u00e9s<\/strong>: a munkad\u00edjat tartalmaz\u00f3 sz\u00e1ml\u00e1hoz nem csatolnak v\u00e1llalkoz\u00e1si szerz\u0151d\u00e9st.<\/li><li><strong>Hi\u00e1nyz\u00f3 mell\u00e9klet az elv\u00e9gzett munk\u00e1kr\u00f3l<\/strong>: hi\u00e1nyzik a v\u00e1llalkoz\u00e1si szerz\u0151d\u00e9s 1. sz. mell\u00e9klete.<\/li><li><strong>Hib\u00e1san felt\u00fcntetett anyagk\u00f6lts\u00e9g<\/strong>: a v\u00e1llalkoz\u00e1si szerz\u0151d\u00e9s 1. sz\u00e1m\u00fa mell\u00e9klet\u00e9ben felt\u00fcntet\u00e9sre ker\u00fcl az anyagk\u00f6lts\u00e9g, melyr\u0151l nem a v\u00e1llalkoz\u00f3 \u00e1ll\u00edtott ki sz\u00e1ml\u00e1t, hanem a k\u00e9relmez\u0151 v\u00e1s\u00e1rolta meg.<\/li><li><strong>\u00d6sszevont sz\u00e1mla\u00f6sszeg<\/strong>: a k\u00e9relemhez csatolt sz\u00e1ml\u00e1n az anyagk\u00f6lts\u00e9g \u00e9s a v\u00e1llalkoz\u00f3i d\u00edj egy \u00f6sszegben ker\u00fclt felt\u00fcntet\u00e9sre.<\/li><li><strong>Fel\u00faj\u00edt\u00e1si munk\u00e1latok hi\u00e1nyos r\u00e9szletezetts\u00e9ge<\/strong>: a beny\u00fajtott dokumentumok alapj\u00e1n a fel\u00faj\u00edt\u00e1si munk\u00e1latok nincsenek megfelel\u0151en r\u00e9szletezve, azoknak megismer\u00e9se nem lehets\u00e9ges.<\/li><li><strong>T\u00f6bb sz\u00e1mla\u00f6sszes\u00edt\u0151:<\/strong> nem egy darab, \u00e9p\u00edt\u00e9si tev\u00e9kenys\u00e9genk\u00e9nt \u00f6sszes\u00edtett sz\u00e1mla\u00f6sszes\u00edt\u0151t csatolnak a k\u00e9relemhez, hanem t\u00f6bbet, ah\u00e1ny t\u00edpus\u00fa tev\u00e9kenys\u00e9get v\u00e9geztek.<\/li><li><strong>\u00d6sszevont sz\u00e1mlat\u00e9telek a sz\u00e1mla\u00f6sszes\u00edt\u0151n<\/strong>: a sz\u00e1mla\u00f6sszes\u00edt\u0151ben nem \u00e9p\u00edt\u00e9si tev\u00e9kenys\u00e9genk\u00e9nt megbontva szerepel az anyagk\u00f6lts\u00e9g \u00e9s a munkad\u00edj, hanem a sz\u00e1mlat\u00e9telek ker\u00fclnek felsorol\u00e1sra.<\/li><li><strong>Hi\u00e1nyz\u00f3 kifizet\u00e9st igazol\u00f3 dokumentum<\/strong>: az \u00e1tutal\u00e1ssal teljes\u00edtett sz\u00e1mla kifizet\u00e9s\u00e9t igazol\u00f3 dokumentum nem ker\u00fcl beny\u00fajt\u00e1sra. Az \u00e1tutal\u00e1ssal teljes\u00edtett sz\u00e1ml\u00e1k eset\u00e9n a kifizet\u00e9st igazol\u00f3 dokumentum beny\u00fajt\u00e1si sz\u00fcks\u00e9ges. Ez lehet a banksz\u00e1mlakivonat, de a netbankb\u00f3l kinyomtatott tranzakci\u00f3s bizonylat is megfelel\u0151, a bank k\u00fcl\u00f6n al\u00e1\u00edr\u00e1sa, pecs\u00e9tje n\u00e9lk\u00fcl is. A sz\u00e1mla ellen\u00e9rt\u00e9k\u00e9t b\u00e1rki kiegyenl\u00edtheti. A k\u00f6zlem\u00e9ny rovatban azonban egy\u00e9rtelm\u0171en fel kell t\u00fcntetni, hogy mely sz\u00e1ml\u00e1ra vonatkozik. Nem felt\u00e9tlen sz\u00fcks\u00e9ges arr\u00f3l a sz\u00e1ml\u00e1r\u00f3l kiegyenl\u00edteni a k\u00f6lts\u00e9get, amelyik a k\u00e9relmen szerepel.<\/li><li><strong>Hi\u00e1nyz\u00f3 el\u0151legsz\u00e1mla<\/strong>: csak v\u00e9gsz\u00e1mla ker\u00fcl beny\u00fajt\u00e1sra, az el\u0151leg sz\u00e1ml\u00e1t nem csatolj\u00e1k hozz\u00e1.<\/li><li><strong>Ad\u00f3sz\u00e1m felt\u00fcntet\u00e9se<\/strong>: a sz\u00e1ml\u00e1n ad\u00f3sz\u00e1m is szerepel a vev\u0151 adatai k\u00f6z\u00f6tt (a t\u00e1mogat\u00e1st mag\u00e1nszem\u00e9lyk\u00e9nt sz\u00fcks\u00e9ges beny\u00fajtani, mag\u00e1nszem\u00e9lyeknek pedig nincs ad\u00f3sz\u00e1muk).<\/li><\/ol>\n\n\n\n<p><br><br><\/p>\n","protected":false},"excerpt":{"rendered":"<p>A Magyar \u00c1llamkincst\u00e1r t\u00e1j\u00e9koztat\u00e1sa alapj\u00e1n a legjellemz\u0151bb hib\u00e1k az al\u00e1bbiak, ezekre k\u00fcl\u00f6n\u00f6sen \u00fcgyelni kell, \u00e9rdemes a k\u00e9relem beny\u00fajt\u00e1sa el\u0151tt v\u00e9gigfutni a list\u00e1t. Azonban szerencs\u00e9re nemcsak elutas\u00edt\u00e1shoz, hi\u00e1nyp\u00f3tl\u00e1shoz is vezethetnek bizonyos hib\u00e1k. A k\u00e9relem elutas\u00edt\u00e1sa eset\u00e9n \u2013 amennyiben megfelel a felt\u00e9teleknek \u2013 lehet\u0151s\u00e9g van \u00fajabb k\u00e9relmet beny\u00fajtani 2022. december 31-ig. az ig\u00e9nyl\u0151nek \u2013 vagy egy\u00fcttes ig\u00e9nyl\u00e9s [&hellip;]<\/p>\n","protected":false},"author":3,"featured_media":829,"comment_status":"open","ping_status":"open","sticky":false,"template":"","format":"standard","meta":{"footnotes":""},"categories":[1],"tags":[],"class_list":["post-828","post","type-post","status-publish","format-standard","has-post-thumbnail","hentry","category-egyeb"],"yoast_head":"<!-- This site is optimized with the Yoast SEO plugin v19.5.1 - https:\/\/yoast.com\/wordpress\/plugins\/seo\/ -->\n<title>Mi\u00e9rt utas\u00edtj\u00e1k el a leggyakrabban az otthonfel\u00faj\u00edt\u00e1si k\u00e9relmet? | H\u00f3dszol\u00e1r<\/title>\n<meta name=\"robots\" content=\"noindex, follow, max-snippet:-1, max-image-preview:large, max-video-preview:-1\" \/>\n<meta property=\"og:locale\" content=\"hu_HU\" \/>\n<meta property=\"og:type\" content=\"article\" \/>\n<meta property=\"og:title\" content=\"Mi\u00e9rt utas\u00edtj\u00e1k el a leggyakrabban az otthonfel\u00faj\u00edt\u00e1si k\u00e9relmet? | H\u00f3dszol\u00e1r\" \/>\n<meta property=\"og:description\" content=\"A Magyar \u00c1llamkincst\u00e1r t\u00e1j\u00e9koztat\u00e1sa alapj\u00e1n a legjellemz\u0151bb hib\u00e1k az al\u00e1bbiak, ezekre k\u00fcl\u00f6n\u00f6sen \u00fcgyelni kell, \u00e9rdemes a k\u00e9relem beny\u00fajt\u00e1sa el\u0151tt v\u00e9gigfutni a list\u00e1t. Azonban szerencs\u00e9re nemcsak elutas\u00edt\u00e1shoz, hi\u00e1nyp\u00f3tl\u00e1shoz is vezethetnek bizonyos hib\u00e1k. A k\u00e9relem elutas\u00edt\u00e1sa eset\u00e9n \u2013 amennyiben megfelel a felt\u00e9teleknek \u2013 lehet\u0151s\u00e9g van \u00fajabb k\u00e9relmet beny\u00fajtani 2022. december 31-ig. az ig\u00e9nyl\u0151nek \u2013 vagy egy\u00fcttes ig\u00e9nyl\u00e9s [&hellip;]\" \/>\n<meta property=\"og:url\" content=\"https:\/\/dev.kompaktdesign.hu\/hodszolar.hu\/2022\/01\/13\/miert-utasitjak-el-a-leggyakrabban-az-otthonfelujitasi-kerelmet\/\" \/>\n<meta property=\"og:site_name\" content=\"H\u00f3dszol\u00e1r\" \/>\n<meta property=\"article:publisher\" content=\"https:\/\/www.facebook.com\/hodszolar\" \/>\n<meta property=\"article:published_time\" content=\"2022-01-13T09:43:08+00:00\" \/>\n<meta property=\"article:modified_time\" content=\"2022-01-13T09:43:11+00:00\" \/>\n<meta property=\"og:image\" content=\"https:\/\/dev.kompaktdesign.hu\/hodszolar.hu\/wp-content\/uploads\/2022\/01\/hp.png\" \/>\n\t<meta property=\"og:image:width\" content=\"544\" \/>\n\t<meta property=\"og:image:height\" content=\"405\" \/>\n\t<meta property=\"og:image:type\" content=\"image\/png\" \/>\n<meta name=\"author\" content=\"H\u00f3dszol\u00e1r Kft.\" \/>\n<meta name=\"twitter:card\" content=\"summary_large_image\" \/>\n<meta name=\"twitter:label1\" content=\"Szerz\u0151:\" \/>\n\t<meta name=\"twitter:data1\" content=\"H\u00f3dszol\u00e1r Kft.\" \/>\n\t<meta name=\"twitter:label2\" content=\"Becs\u00fclt olvas\u00e1si id\u0151\" \/>\n\t<meta name=\"twitter:data2\" content=\"4 perc\" \/>\n<script type=\"application\/ld+json\" class=\"yoast-schema-graph\">{\"@context\":\"https:\/\/schema.org\",\"@graph\":[{\"@type\":\"Article\",\"@id\":\"https:\/\/dev.kompaktdesign.hu\/hodszolar.hu\/2022\/01\/13\/miert-utasitjak-el-a-leggyakrabban-az-otthonfelujitasi-kerelmet\/#article\",\"isPartOf\":{\"@id\":\"https:\/\/dev.kompaktdesign.hu\/hodszolar.hu\/2022\/01\/13\/miert-utasitjak-el-a-leggyakrabban-az-otthonfelujitasi-kerelmet\/\"},\"author\":{\"name\":\"H\u00f3dszol\u00e1r Kft.\",\"@id\":\"https:\/\/dev.kompaktdesign.hu\/hodszolar.hu\/#\/schema\/person\/a788af940a3d6b2829396312340dd08c\"},\"headline\":\"Mi\u00e9rt utas\u00edtj\u00e1k el a leggyakrabban az otthonfel\u00faj\u00edt\u00e1si k\u00e9relmet?\",\"datePublished\":\"2022-01-13T09:43:08+00:00\",\"dateModified\":\"2022-01-13T09:43:11+00:00\",\"mainEntityOfPage\":{\"@id\":\"https:\/\/dev.kompaktdesign.hu\/hodszolar.hu\/2022\/01\/13\/miert-utasitjak-el-a-leggyakrabban-az-otthonfelujitasi-kerelmet\/\"},\"wordCount\":1312,\"commentCount\":0,\"publisher\":{\"@id\":\"https:\/\/dev.kompaktdesign.hu\/hodszolar.hu\/#organization\"},\"articleSection\":[\"Egy\u00e9b kateg\u00f3ria\"],\"inLanguage\":\"hu\",\"potentialAction\":[{\"@type\":\"CommentAction\",\"name\":\"Comment\",\"target\":[\"https:\/\/dev.kompaktdesign.hu\/hodszolar.hu\/2022\/01\/13\/miert-utasitjak-el-a-leggyakrabban-az-otthonfelujitasi-kerelmet\/#respond\"]}]},{\"@type\":\"WebPage\",\"@id\":\"https:\/\/dev.kompaktdesign.hu\/hodszolar.hu\/2022\/01\/13\/miert-utasitjak-el-a-leggyakrabban-az-otthonfelujitasi-kerelmet\/\",\"url\":\"https:\/\/dev.kompaktdesign.hu\/hodszolar.hu\/2022\/01\/13\/miert-utasitjak-el-a-leggyakrabban-az-otthonfelujitasi-kerelmet\/\",\"name\":\"Mi\u00e9rt utas\u00edtj\u00e1k el a leggyakrabban az otthonfel\u00faj\u00edt\u00e1si k\u00e9relmet? | H\u00f3dszol\u00e1r\",\"isPartOf\":{\"@id\":\"https:\/\/dev.kompaktdesign.hu\/hodszolar.hu\/#website\"},\"datePublished\":\"2022-01-13T09:43:08+00:00\",\"dateModified\":\"2022-01-13T09:43:11+00:00\",\"breadcrumb\":{\"@id\":\"https:\/\/dev.kompaktdesign.hu\/hodszolar.hu\/2022\/01\/13\/miert-utasitjak-el-a-leggyakrabban-az-otthonfelujitasi-kerelmet\/#breadcrumb\"},\"inLanguage\":\"hu\",\"potentialAction\":[{\"@type\":\"ReadAction\",\"target\":[\"https:\/\/dev.kompaktdesign.hu\/hodszolar.hu\/2022\/01\/13\/miert-utasitjak-el-a-leggyakrabban-az-otthonfelujitasi-kerelmet\/\"]}]},{\"@type\":\"BreadcrumbList\",\"@id\":\"https:\/\/dev.kompaktdesign.hu\/hodszolar.hu\/2022\/01\/13\/miert-utasitjak-el-a-leggyakrabban-az-otthonfelujitasi-kerelmet\/#breadcrumb\",\"itemListElement\":[{\"@type\":\"ListItem\",\"position\":1,\"name\":\"Kezd\u0151lap\",\"item\":\"https:\/\/dev.kompaktdesign.hu\/hodszolar.hu\/\"},{\"@type\":\"ListItem\",\"position\":2,\"name\":\"Mi\u00e9rt utas\u00edtj\u00e1k el a leggyakrabban az otthonfel\u00faj\u00edt\u00e1si k\u00e9relmet?\"}]},{\"@type\":\"WebSite\",\"@id\":\"https:\/\/dev.kompaktdesign.hu\/hodszolar.hu\/#website\",\"url\":\"https:\/\/dev.kompaktdesign.hu\/hodszolar.hu\/\",\"name\":\"H\u00f3dszol\u00e1r\",\"description\":\"A v\u00e1s\u00e1rhelyi napelemes\",\"publisher\":{\"@id\":\"https:\/\/dev.kompaktdesign.hu\/hodszolar.hu\/#organization\"},\"potentialAction\":[{\"@type\":\"SearchAction\",\"target\":{\"@type\":\"EntryPoint\",\"urlTemplate\":\"https:\/\/dev.kompaktdesign.hu\/hodszolar.hu\/?s={search_term_string}\"},\"query-input\":\"required name=search_term_string\"}],\"inLanguage\":\"hu\"},{\"@type\":\"Organization\",\"@id\":\"https:\/\/dev.kompaktdesign.hu\/hodszolar.hu\/#organization\",\"name\":\"H\u00f3dszol\u00e1r Kft.\",\"url\":\"https:\/\/dev.kompaktdesign.hu\/hodszolar.hu\/\",\"sameAs\":[\"https:\/\/www.facebook.com\/hodszolar\"],\"logo\":{\"@type\":\"ImageObject\",\"inLanguage\":\"hu\",\"@id\":\"https:\/\/dev.kompaktdesign.hu\/hodszolar.hu\/#\/schema\/logo\/image\/\",\"url\":\"https:\/\/dev.kompaktdesign.hu\/hodszolar.hu\/wp-content\/uploads\/2021\/05\/fvicon.png\",\"contentUrl\":\"https:\/\/dev.kompaktdesign.hu\/hodszolar.hu\/wp-content\/uploads\/2021\/05\/fvicon.png\",\"width\":132,\"height\":132,\"caption\":\"H\u00f3dszol\u00e1r Kft.\"},\"image\":{\"@id\":\"https:\/\/dev.kompaktdesign.hu\/hodszolar.hu\/#\/schema\/logo\/image\/\"}},{\"@type\":\"Person\",\"@id\":\"https:\/\/dev.kompaktdesign.hu\/hodszolar.hu\/#\/schema\/person\/a788af940a3d6b2829396312340dd08c\",\"name\":\"H\u00f3dszol\u00e1r Kft.\",\"image\":{\"@type\":\"ImageObject\",\"inLanguage\":\"hu\",\"@id\":\"https:\/\/dev.kompaktdesign.hu\/hodszolar.hu\/#\/schema\/person\/image\/\",\"url\":\"https:\/\/secure.gravatar.com\/avatar\/38df000db6f2e93b7f0ccccf7714392424ca033738d34dfe71f19fdb70329830?s=96&d=mm&r=g\",\"contentUrl\":\"https:\/\/secure.gravatar.com\/avatar\/38df000db6f2e93b7f0ccccf7714392424ca033738d34dfe71f19fdb70329830?s=96&d=mm&r=g\",\"caption\":\"H\u00f3dszol\u00e1r Kft.\"},\"url\":\"https:\/\/dev.kompaktdesign.hu\/hodszolar.hu\/author\/hodszolar\/\"}]}<\/script>\n<!-- \/ Yoast SEO plugin. -->","yoast_head_json":{"title":"Mi\u00e9rt utas\u00edtj\u00e1k el a leggyakrabban az otthonfel\u00faj\u00edt\u00e1si k\u00e9relmet? | H\u00f3dszol\u00e1r","robots":{"index":"noindex","follow":"follow","max-snippet":"max-snippet:-1","max-image-preview":"max-image-preview:large","max-video-preview":"max-video-preview:-1"},"og_locale":"hu_HU","og_type":"article","og_title":"Mi\u00e9rt utas\u00edtj\u00e1k el a leggyakrabban az otthonfel\u00faj\u00edt\u00e1si k\u00e9relmet? | H\u00f3dszol\u00e1r","og_description":"A Magyar \u00c1llamkincst\u00e1r t\u00e1j\u00e9koztat\u00e1sa alapj\u00e1n a legjellemz\u0151bb hib\u00e1k az al\u00e1bbiak, ezekre k\u00fcl\u00f6n\u00f6sen \u00fcgyelni kell, \u00e9rdemes a k\u00e9relem beny\u00fajt\u00e1sa el\u0151tt v\u00e9gigfutni a list\u00e1t. Azonban szerencs\u00e9re nemcsak elutas\u00edt\u00e1shoz, hi\u00e1nyp\u00f3tl\u00e1shoz is vezethetnek bizonyos hib\u00e1k. A k\u00e9relem elutas\u00edt\u00e1sa eset\u00e9n \u2013 amennyiben megfelel a felt\u00e9teleknek \u2013 lehet\u0151s\u00e9g van \u00fajabb k\u00e9relmet beny\u00fajtani 2022. december 31-ig. az ig\u00e9nyl\u0151nek \u2013 vagy egy\u00fcttes ig\u00e9nyl\u00e9s [&hellip;]","og_url":"https:\/\/dev.kompaktdesign.hu\/hodszolar.hu\/2022\/01\/13\/miert-utasitjak-el-a-leggyakrabban-az-otthonfelujitasi-kerelmet\/","og_site_name":"H\u00f3dszol\u00e1r","article_publisher":"https:\/\/www.facebook.com\/hodszolar","article_published_time":"2022-01-13T09:43:08+00:00","article_modified_time":"2022-01-13T09:43:11+00:00","og_image":[{"width":544,"height":405,"url":"https:\/\/dev.kompaktdesign.hu\/hodszolar.hu\/wp-content\/uploads\/2022\/01\/hp.png","type":"image\/png"}],"author":"H\u00f3dszol\u00e1r Kft.","twitter_card":"summary_large_image","twitter_misc":{"Szerz\u0151:":"H\u00f3dszol\u00e1r Kft.","Becs\u00fclt olvas\u00e1si id\u0151":"4 perc"},"schema":{"@context":"https:\/\/schema.org","@graph":[{"@type":"Article","@id":"https:\/\/dev.kompaktdesign.hu\/hodszolar.hu\/2022\/01\/13\/miert-utasitjak-el-a-leggyakrabban-az-otthonfelujitasi-kerelmet\/#article","isPartOf":{"@id":"https:\/\/dev.kompaktdesign.hu\/hodszolar.hu\/2022\/01\/13\/miert-utasitjak-el-a-leggyakrabban-az-otthonfelujitasi-kerelmet\/"},"author":{"name":"H\u00f3dszol\u00e1r Kft.","@id":"https:\/\/dev.kompaktdesign.hu\/hodszolar.hu\/#\/schema\/person\/a788af940a3d6b2829396312340dd08c"},"headline":"Mi\u00e9rt utas\u00edtj\u00e1k el a leggyakrabban az otthonfel\u00faj\u00edt\u00e1si k\u00e9relmet?","datePublished":"2022-01-13T09:43:08+00:00","dateModified":"2022-01-13T09:43:11+00:00","mainEntityOfPage":{"@id":"https:\/\/dev.kompaktdesign.hu\/hodszolar.hu\/2022\/01\/13\/miert-utasitjak-el-a-leggyakrabban-az-otthonfelujitasi-kerelmet\/"},"wordCount":1312,"commentCount":0,"publisher":{"@id":"https:\/\/dev.kompaktdesign.hu\/hodszolar.hu\/#organization"},"articleSection":["Egy\u00e9b kateg\u00f3ria"],"inLanguage":"hu","potentialAction":[{"@type":"CommentAction","name":"Comment","target":["https:\/\/dev.kompaktdesign.hu\/hodszolar.hu\/2022\/01\/13\/miert-utasitjak-el-a-leggyakrabban-az-otthonfelujitasi-kerelmet\/#respond"]}]},{"@type":"WebPage","@id":"https:\/\/dev.kompaktdesign.hu\/hodszolar.hu\/2022\/01\/13\/miert-utasitjak-el-a-leggyakrabban-az-otthonfelujitasi-kerelmet\/","url":"https:\/\/dev.kompaktdesign.hu\/hodszolar.hu\/2022\/01\/13\/miert-utasitjak-el-a-leggyakrabban-az-otthonfelujitasi-kerelmet\/","name":"Mi\u00e9rt utas\u00edtj\u00e1k el a leggyakrabban az otthonfel\u00faj\u00edt\u00e1si k\u00e9relmet? | H\u00f3dszol\u00e1r","isPartOf":{"@id":"https:\/\/dev.kompaktdesign.hu\/hodszolar.hu\/#website"},"datePublished":"2022-01-13T09:43:08+00:00","dateModified":"2022-01-13T09:43:11+00:00","breadcrumb":{"@id":"https:\/\/dev.kompaktdesign.hu\/hodszolar.hu\/2022\/01\/13\/miert-utasitjak-el-a-leggyakrabban-az-otthonfelujitasi-kerelmet\/#breadcrumb"},"inLanguage":"hu","potentialAction":[{"@type":"ReadAction","target":["https:\/\/dev.kompaktdesign.hu\/hodszolar.hu\/2022\/01\/13\/miert-utasitjak-el-a-leggyakrabban-az-otthonfelujitasi-kerelmet\/"]}]},{"@type":"BreadcrumbList","@id":"https:\/\/dev.kompaktdesign.hu\/hodszolar.hu\/2022\/01\/13\/miert-utasitjak-el-a-leggyakrabban-az-otthonfelujitasi-kerelmet\/#breadcrumb","itemListElement":[{"@type":"ListItem","position":1,"name":"Kezd\u0151lap","item":"https:\/\/dev.kompaktdesign.hu\/hodszolar.hu\/"},{"@type":"ListItem","position":2,"name":"Mi\u00e9rt utas\u00edtj\u00e1k el a leggyakrabban az otthonfel\u00faj\u00edt\u00e1si k\u00e9relmet?"}]},{"@type":"WebSite","@id":"https:\/\/dev.kompaktdesign.hu\/hodszolar.hu\/#website","url":"https:\/\/dev.kompaktdesign.hu\/hodszolar.hu\/","name":"H\u00f3dszol\u00e1r","description":"A v\u00e1s\u00e1rhelyi napelemes","publisher":{"@id":"https:\/\/dev.kompaktdesign.hu\/hodszolar.hu\/#organization"},"potentialAction":[{"@type":"SearchAction","target":{"@type":"EntryPoint","urlTemplate":"https:\/\/dev.kompaktdesign.hu\/hodszolar.hu\/?s={search_term_string}"},"query-input":"required name=search_term_string"}],"inLanguage":"hu"},{"@type":"Organization","@id":"https:\/\/dev.kompaktdesign.hu\/hodszolar.hu\/#organization","name":"H\u00f3dszol\u00e1r Kft.","url":"https:\/\/dev.kompaktdesign.hu\/hodszolar.hu\/","sameAs":["https:\/\/www.facebook.com\/hodszolar"],"logo":{"@type":"ImageObject","inLanguage":"hu","@id":"https:\/\/dev.kompaktdesign.hu\/hodszolar.hu\/#\/schema\/logo\/image\/","url":"https:\/\/dev.kompaktdesign.hu\/hodszolar.hu\/wp-content\/uploads\/2021\/05\/fvicon.png","contentUrl":"https:\/\/dev.kompaktdesign.hu\/hodszolar.hu\/wp-content\/uploads\/2021\/05\/fvicon.png","width":132,"height":132,"caption":"H\u00f3dszol\u00e1r Kft."},"image":{"@id":"https:\/\/dev.kompaktdesign.hu\/hodszolar.hu\/#\/schema\/logo\/image\/"}},{"@type":"Person","@id":"https:\/\/dev.kompaktdesign.hu\/hodszolar.hu\/#\/schema\/person\/a788af940a3d6b2829396312340dd08c","name":"H\u00f3dszol\u00e1r Kft.","image":{"@type":"ImageObject","inLanguage":"hu","@id":"https:\/\/dev.kompaktdesign.hu\/hodszolar.hu\/#\/schema\/person\/image\/","url":"https:\/\/secure.gravatar.com\/avatar\/38df000db6f2e93b7f0ccccf7714392424ca033738d34dfe71f19fdb70329830?s=96&d=mm&r=g","contentUrl":"https:\/\/secure.gravatar.com\/avatar\/38df000db6f2e93b7f0ccccf7714392424ca033738d34dfe71f19fdb70329830?s=96&d=mm&r=g","caption":"H\u00f3dszol\u00e1r Kft."},"url":"https:\/\/dev.kompaktdesign.hu\/hodszolar.hu\/author\/hodszolar\/"}]}},"_links":{"self":[{"href":"https:\/\/dev.kompaktdesign.hu\/hodszolar.hu\/wp-json\/wp\/v2\/posts\/828","targetHints":{"allow":["GET"]}}],"collection":[{"href":"https:\/\/dev.kompaktdesign.hu\/hodszolar.hu\/wp-json\/wp\/v2\/posts"}],"about":[{"href":"https:\/\/dev.kompaktdesign.hu\/hodszolar.hu\/wp-json\/wp\/v2\/types\/post"}],"author":[{"embeddable":true,"href":"https:\/\/dev.kompaktdesign.hu\/hodszolar.hu\/wp-json\/wp\/v2\/users\/3"}],"replies":[{"embeddable":true,"href":"https:\/\/dev.kompaktdesign.hu\/hodszolar.hu\/wp-json\/wp\/v2\/comments?post=828"}],"version-history":[{"count":1,"href":"https:\/\/dev.kompaktdesign.hu\/hodszolar.hu\/wp-json\/wp\/v2\/posts\/828\/revisions"}],"predecessor-version":[{"id":830,"href":"https:\/\/dev.kompaktdesign.hu\/hodszolar.hu\/wp-json\/wp\/v2\/posts\/828\/revisions\/830"}],"wp:featuredmedia":[{"embeddable":true,"href":"https:\/\/dev.kompaktdesign.hu\/hodszolar.hu\/wp-json\/wp\/v2\/media\/829"}],"wp:attachment":[{"href":"https:\/\/dev.kompaktdesign.hu\/hodszolar.hu\/wp-json\/wp\/v2\/media?parent=828"}],"wp:term":[{"taxonomy":"category","embeddable":true,"href":"https:\/\/dev.kompaktdesign.hu\/hodszolar.hu\/wp-json\/wp\/v2\/categories?post=828"},{"taxonomy":"post_tag","embeddable":true,"href":"https:\/\/dev.kompaktdesign.hu\/hodszolar.hu\/wp-json\/wp\/v2\/tags?post=828"}],"curies":[{"name":"wp","href":"https:\/\/api.w.org\/{rel}","templated":true}]}}