{"id":831,"date":"2022-01-14T10:56:59","date_gmt":"2022-01-14T10:56:59","guid":{"rendered":"https:\/\/hodszolar.hu\/?p=831"},"modified":"2022-01-14T10:57:00","modified_gmt":"2022-01-14T10:57:00","slug":"mar-csak-iden-veheto-igenybe-az-otthonfelujitasi-tamogatas-mit-kell-rola-tudni-napelemes-rendszer-telepitese-eseten","status":"publish","type":"post","link":"https:\/\/dev.kompaktdesign.hu\/hodszolar.hu\/2022\/01\/14\/mar-csak-iden-veheto-igenybe-az-otthonfelujitasi-tamogatas-mit-kell-rola-tudni-napelemes-rendszer-telepitese-eseten\/","title":{"rendered":"M\u00e1r csak id\u00e9n vehet\u0151 ig\u00e9nybe az Otthonfel\u00faj\u00edt\u00e1si T\u00e1mogat\u00e1s! Mit kell r\u00f3la tudni napelemes rendszer telep\u00edt\u00e9se eset\u00e9n?"},"content":{"rendered":"\n<p>2021. janu\u00e1r 1-je \u00f3ta ak\u00e1r 3 milli\u00f3 forintot is felvehetnek az \u00e1llamt\u00f3l otthonfel\u00faj\u00edt\u00e1si t\u00e1mogat\u00e1s form\u00e1j\u00e1ban mindazok, akik saj\u00e1t tulajdon\u00fa ingatlanukban 25 \u00e9v alatti gyermeket nevelnek, \u00e9s fel\u00faj\u00edtj\u00e1k a lak\u00e1sukat. Mivel a napelemes rendszer eset\u00e9ben az \u00e1ramszolg\u00e1ltat\u00f3 fel\u00e9 t\u00f6rt\u00e9n\u0151 enged\u00e9lyeztet\u00e9s t\u00f6bb h\u00f3napot vesz ig\u00e9nybe, \u00edgy mi mindenk\u00e9ppen azt javasoljuk, hogy a v\u00e9gs\u0151 hat\u00e1rid\u0151 el\u0151tt f\u00e9l \u00e9vvel ind\u00edtsuk meg a folyamatot. Az enged\u00e9lyeztet\u00e9s folyamat\u00e1r\u00f3l itt \u00edrtunk kor\u00e1bban. A 100%-os lakoss\u00e1gi p\u00e1ly\u00e1zati k\u00e9relmek elb\u00edr\u00e1l\u00e1sa valamikor tavasszal v\u00e1rhat\u00f3, \u00edgy a t\u00f6bb ezer ig\u00e9nybejelent\u00e9s nagyj\u00e1b\u00f3l egyszerre lesz megind\u00edtva az \u00e1ramszolg\u00e1ltat\u00f3 fel\u00e9. A 100%-os vs. otthonfel\u00faj\u00edt\u00e1si t\u00e1mogat\u00e1sr\u00f3l <a href=\"https:\/\/dev.kompaktdesign.hu\/hodszolar.hu\/2021\/11\/02\/100-os-lakossagi-tamogatas-vs-50-os-otthonfelujitasi-tamogatas\/\">itt<\/a> \u00edrtunk, ahol \u00f6sszeszedt\u00fcnk 10+1 szempontot, amit \u00e9rdemes figyelembe venni, miel\u0151tt eld\u00f6ntj\u00fck, hogy milyen forr\u00e1sb\u00f3l szeretn\u00e9nk megoldani a finansz\u00edroz\u00e1st. Mivel egy\u00e9bk\u00e9nt is elh\u00faz\u00f3dhat ak\u00e1r a kivitelez\u00e9s is (otthonfel\u00faj\u00edt\u00e1sban megval\u00f3s\u00edtott tet\u0151csere, tet\u0151fel\u00faj\u00edt\u00e1s, h\u00e1l\u00f3zatfejleszt\u00e9s, stb), az \u00e1ramszolg\u00e1ltat\u00f3 r\u00e9sz\u00e9r\u0151l sz\u00fcks\u00e9ges id\u0151 pedig teljesen bizonytalan, semmik\u00e9pp sem \u00e9ri meg kock\u00e1ztatni, hogy k\u00e9s\u0151bb v\u00e1gunk bele a napelemes rendszer megval\u00f3s\u00edt\u00e1s\u00e1ba, ugyanis t\u00f6bb milli\u00f3 forintot is bukhatunk ez\u00e1ltal.<\/p>\n\n\n\n<figure class=\"wp-block-image is-resized\"><img loading=\"lazy\" decoding=\"async\" src=\"https:\/\/media.istockphoto.com\/photos\/young-family-getting-to-know-alternative-energy-picture-id1198580060?k=20&amp;m=1198580060&amp;s=612x612&amp;w=0&amp;h=_DOG6mIZ9q9Q4kd0pBMUPZFXx1LxeMawm30QpGlYiHo=\" alt=\"503 Solar Panel Family Stock Photos, Pictures &amp; Royalty-Free Images - iStock\" width=\"839\" height=\"559\"\/><\/figure>\n\n\n\n<p>A Magyar \u00c1llamkincst\u00e1r t\u00e1j\u00e9koztat\u00e1sa szerinti, leggyakoribb hib\u00e1kr\u00f3l <a href=\"https:\/\/dev.kompaktdesign.hu\/hodszolar.hu\/2022\/01\/13\/miert-utasitjak-el-a-leggyakrabban-az-otthonfelujitasi-kerelmet\/\">itt<\/a> \u00edrtunk kor\u00e1bban.<\/p>\n\n\n\n<p><strong>Ig\u00e9nyl\u0151<\/strong><\/p>\n\n\n\n<p>Az otthonteremt\u00e9si t\u00e1mogat\u00e1st szab\u00e1lyoz\u00f3 518\/2020-as korm\u00e1nyrendelet alapj\u00e1n az ig\u00e9nyelheti a t\u00e1mogat\u00e1st, aki<\/p>\n\n\n\n<ul class=\"wp-block-list\"><li>nagykor\u00fa, cselekv\u0151k\u00e9pes szem\u00e9ly,<\/li><li>legal\u00e1bb egy 25 \u00e9v alatti gyermeket nevel saj\u00e1t h\u00e1ztart\u00e1s\u00e1ban (a gyermek 25. \u00e9let\u00e9v\u00e9nek bet\u00f6lt\u00e9se el\u0151tt a k\u00e9relmet be kell ny\u00fajtani a Magyar \u00c1llamkincst\u00e1rhoz, \u00edgy be kell, hogy fejez\u0151dj\u00f6n a fel\u00faj\u00edt\u00e1s, valamint a sz\u00e1ml\u00e1kat is ki kell egyenl\u00edteni addigra; nem kiz\u00e1r\u00f3 ok, ha a 25 \u00e9v alatti gyermeknek van munkaviszonya, \u00f6n\u00e1ll\u00f3 j\u00f6vedelme, csak a lakc\u00edmk\u00e1rty\u00e1n kell, hogy az \u00e9rintett ingatlan lak\u00f3helyk\u00e9nt szerepeljen),<\/li><li>magyar \u00e1llampolg\u00e1r vagy a szabad mozg\u00e1s \u00e9s a h\u00e1rom h\u00f3napot meghalad\u00f3 tart\u00f3zkod\u00e1s jog\u00e1t Magyarorsz\u00e1g ter\u00fclet\u00e9n gyakorolja,<\/li><li>magyarorsz\u00e1gi tb-jogviszonnyal rendelkezik, \u00e9s legal\u00e1bb 1 \u00e9ves (ak\u00e1r k\u00fclf\u00f6ldi) tb-jogviszonya van legfeljebb 30 napos megszak\u00edt\u00e1ssal (a fels\u0151oktat\u00e1si jogviszonyt, a gyedet, a nyugd\u00edjasok kieg\u00e9sz\u00edt\u0151 tev\u00e9kenys\u00e9g\u00e9t vagy a kat\u00e1sok tb-j\u00e9t is figyelembe v\u00e9ve),<\/li><li>nem rendelkezik k\u00f6ztartoz\u00e1ssal,<\/li><li>egyed\u00fcl\u00e1ll\u00f3, h\u00e1zas, elv\u00e1lt vagy \u00e9lett\u00e1rsi kapcsolatban \u00e9l\u0151 egyar\u00e1nt \u00e9lhet.<\/li><\/ul>\n\n\n\n<p>Azonos lak\u00f3hellyel rendelkez\u0151 h\u00e1zas- \u00e9s \u00e9lett\u00e1rsak csak egy\u00fcttes ig\u00e9nyl\u0151k\u00e9nt ig\u00e9nyelhetik a t\u00e1mogat\u00e1st, a tb-jogviszonyra vonatkoz\u00f3 felt\u00e9telt el\u00e9g egyik\u00fcknek teljes\u00edteni, a k\u00f6ztartoz\u00e1sra vonatkoz\u00f3t viszont mindkettej\u00fcknek kell. K\u00f6zfoglalkoztatottak (vagyis a k\u00f6znyelvben k\u00f6zmunk\u00e1sok) nem ig\u00e9nyelhetik a t\u00e1mogat\u00e1st.<\/p>\n\n\n\n<p><strong>Ig\u00e9nyl\u00e9s<\/strong><\/p>\n\n\n\n<p>A t\u00e1mogat\u00e1s a fel\u00faj\u00edt\u00e1si munk\u00e1kat k\u00f6vet\u0151en ut\u00f3lag, csak egy alkalommal vehet\u0151 ig\u00e9nybe \u00fagy, hogy<\/p>\n\n\n\n<ul class=\"wp-block-list\"><li>2022. december 31-\u00e9ig ny\u00fajthat\u00f3 be a k\u00e9relem,<\/li><li>az utols\u00f3 fel\u00faj\u00edt\u00e1si sz\u00e1mla kiegyenl\u00edt\u00e9s\u00e9t k\u00f6vet\u0151 60 napon bel\u00fcl adhat\u00f3 be,<\/li><li>teljes elutas\u00edt\u00e1s eset\u00e9n az el\u0151\u00edrt hat\u00e1rid\u0151k\u00f6n bel\u00fcl ism\u00e9telten is beny\u00fajthat\u00f3 az ig\u00e9nyl\u00e9s.<\/li><\/ul>\n\n\n\n<p>Az ig\u00e9nybe vev\u0151 szem\u00e9ly\u00e9re, gyermek\u00e9re \u00e9s az ingatlanra vonatkoz\u00f3 felt\u00e9teleknek el\u00e9g az ig\u00e9nyl\u00e9s id\u0151pontj\u00e1ban megfelelni (a sz\u00e1ml\u00e1k gy\u0171jt\u00e9s\u00e9vel nem sz\u00fcks\u00e9ges megv\u00e1rni a lak\u00f3hely bejelent\u00e9s\u00e9t\u0151l sz\u00e1m\u00edtott egy \u00e9v eltelt\u00e9t, a magzat 12. hetes kor\u00e1t \u00e9s a TB jogviszony megl\u00e9t\u00e9t, csak a beny\u00fajt\u00e1skor \u00e9rv\u00e9nyes \u00e1llapotot vizsg\u00e1lj\u00e1k). A t\u00e1mogat\u00e1s ir\u00e1nti k\u00e9relem a Magyar \u00c1llam Kincst\u00e1r \u00e1ltal rendszeres\u00edtett formanyomtatv\u00e1nyon a kincst\u00e1r \u00e1ltal \u00fczemeltetett elektronikus fel\u00fcleten, postai \u00faton vagy szem\u00e9lyesen, korm\u00e1nyablakn\u00e1l ny\u00fajthat\u00f3 be. Egy\u00fcttes ig\u00e9nyl\u00e9s eset\u00e9n az ig\u00e9nyl\u0151k b\u00e1rmelyik\u00e9nek \u00fcgyf\u00e9lkapuj\u00e1val bek\u00fcldhet\u0151 az ig\u00e9nyl\u00e9s. Az ig\u00e9nyl\u00e9s sor\u00e1n a v\u00e1llalkoz\u00f3i szerz\u0151d\u00e9s \u00e9s az anyag-, illetve munkad\u00edjr\u00f3l sz\u00f3l\u00f3 sz\u00e1ml\u00e1k, valamint a sz\u00e1mla\u00f6sszes\u00edt\u0151 mellett sz\u00e1mos dokumentumot \u00e9s nyilatkozatot mell\u00e9kelni kell, a nyomtatv\u00e1nyokat let\u00f6lteni <a href=\"http:\/\/www.allamkincstar.gov.hu\/hu\/lakossagi-ugyfelek\/kerelem-benyujtasanak-nyomtatvanyai\">innen<\/a> lehet, ahol szint\u00e9n el\u00e9rhet\u0151 egy kalkul\u00e1tor, amely kisz\u00e1molja, hogy a megadott anyagk\u00f6lts\u00e9g \u00e9s munkad\u00edj mellett mekkora t\u00e1mogat\u00e1st ig\u00e9nyelhet\u00fcnk vissza.<\/p>\n\n\n\n<p><strong>T\u00e1mogat\u00e1s<\/strong><\/p>\n\n\n\n<p>Az otthonfel\u00faj\u00edt\u00e1si t\u00e1mogat\u00e1s \u00f6sszege<\/p>\n\n\n\n<ul class=\"wp-block-list\"><li>maximum 3 milli\u00f3 forint,<\/li><li>a sz\u00e1ml\u00e1kkal igazolt fel\u00faj\u00edt\u00e1si k\u00f6lts\u00e9gek legfeljebb 50%-a (vagyis 6 milli\u00f3s \u00f6sszegk\u00f6lts\u00e9g eset\u00e9ben maximaliz\u00e1lhat\u00f3),<\/li><li>fele-fele ar\u00e1nyban anyagk\u00f6lts\u00e9gre, illetve munkad\u00edjra vehet\u0151 ig\u00e9nybe,<\/li><\/ul>\n\n\n\n<p>Nem a beny\u00fajtott sz\u00e1ml\u00e1k \u00f6sszeg\u00e9re, hanem a t\u00e1mogat\u00e1sra vonatkozik az 50-50%-os szab\u00e1ly, vagyis mindk\u00e9t k\u00f6lts\u00e9gt\u00edpusnak el kell \u00e9rnie akkora \u00f6sszeget, hogy bel\u0151le a teljes megc\u00e9lzott t\u00e1mogat\u00e1si \u00f6sszeg 50%-a kij\u00f6jj\u00f6n. Ez jellemz\u0151en azt jelenti, hogy&nbsp;a teljes sz\u00e1mla\u00f6sszeg 25%-\u00e1t mind az anyagk\u00f6lts\u00e9gnek, mind a munkad\u00edjnak el kell \u00e9rnie ahhoz, hogy a teljes sz\u00e1mla\u00f6sszeg fel\u00e9t t\u00e1mogat\u00e1sk\u00e9nt elnyerje az ig\u00e9nyl\u0151. Minderr\u0151l kalkul\u00e1tor is el\u00e9rhet\u0151. Ez a krit\u00e9rium nem vonatkozik az egyes r\u00e9szmunk\u00e1kra, csak a teljes sz\u00e1mla\u00f6sszegre, \u00edgy p\u00e9ld\u00e1ul beadhat\u00f3 olyan tev\u00e9kenys\u00e9gr\u0151l is sz\u00e1mla, amelyhez nem tartozik munkad\u00edj vagy v\u00e1llalkoz\u00f3i szerz\u0151d\u00e9s. Teh\u00e1t a minimum 25-75%-os bont\u00e1snak is a legv\u00e9g\u00e9n kell \u00e9rv\u00e9nyes\u00fclni.<\/p>\n\n\n\n<p><strong>Ingatlan<\/strong><\/p>\n\n\n\n<p>Olyan ingatlanra ig\u00e9nyelhet\u0151 a t\u00e1mogat\u00e1s, amely<\/p>\n\n\n\n<ul class=\"wp-block-list\"><li>az ingatlan-nyilv\u00e1ntart\u00e1sban lak\u00e1sk\u00e9nt vagy lak\u00f3h\u00e1zk\u00e9nt van nyilv\u00e1ntartva, illetve tanya vagy birtokk\u00f6zpont (nyaral\u00f3 teh\u00e1t nem lehet, a tulajdonjog megszerz\u00e9s\u00e9nek d\u00e1tuma az ingatlan-nyilv\u00e1ntart\u00e1sban val\u00f3 bejegyz\u00e9s napja),<\/li><li>az ig\u00e9nyl\u0151 \u00e9s\/vagy kiskor\u00fa gyermeke legal\u00e1bb 50%-os tulajdon\u00e1ban van (l\u00edzingelt vagy a Nemzeti Eszk\u00f6zkezel\u0151 tulajdon\u00e1ban l\u00e9v\u0151 ingatlanra teh\u00e1t nem vehet\u0151 fel),<\/li><li>legal\u00e1bb egy \u00e9ve az ig\u00e9nyl\u0151 \u00e9s legal\u00e1bb egy gyermeke lak\u00f3hely\u00e9\u00fcl szolg\u00e1l, vagyis \u00e1lland\u00f3 lakc\u00edm\u00fck van benne (a sz\u00e1ml\u00e1kat ett\u0151l f\u00fcggetlen\u00fcl kor\u00e1bban is el lehet kezdeni gy\u0171jteni).<\/li><\/ul>\n\n\n\n<p>Ez ut\u00f3bbi felt\u00e9tel al\u00f3l kiv\u00e9tel az elm\u00falt egy \u00e9vben tulajdonba ker\u00fclt (pl. megv\u00e1s\u00e1rolt) vagy ingatlannyilv\u00e1ntart\u00e1sba \u00fajonnan bejegyezett ingatlan. Az 1 \u00e9ves id\u0151tartamra vonatkoz\u00f3 felt\u00e9telt nem kell alkalmazni, ha a t\u00e1mogat\u00e1ssal \u00e9rintett lak\u00e1s tulajdonjog\u00e1nak megszerz\u00e9s\u00e9re, a lak\u00e1s ingatlan-nyilv\u00e1ntart\u00e1si bejegyz\u00e9s\u00e9re a t\u00e1mogat\u00e1si k\u00e9relem beny\u00fajt\u00e1s\u00e1t megel\u0151z\u0151 egy \u00e9ven bel\u00fcl ker\u00fclt sor. Ugyanakkor, ha a tulajdonv\u00e1lt\u00e1s a Ptk. szerinti hozz\u00e1tartoz\u00f3k k\u00f6z\u00f6tt t\u00f6rt\u00e9nt, akkor a m\u00e1r t\u00e1mogat\u00e1ssal \u00e9rintett lak\u00e1sra a tulajdonv\u00e1lt\u00e1ssal sem ig\u00e9nyelhet\u0151 \u00fajabb t\u00e1mogat\u00e1s.<\/p>\n\n\n\n<p>Az egy\u00e9ves lak\u00f3helyre vonatkoz\u00f3 felt\u00e9telnek nem kell teljes\u00fclnie a t\u00e1mogat\u00e1si k\u00e9relem beny\u00fajt\u00e1s\u00e1nak id\u0151pontj\u00e1ban a v\u00e1rand\u00f3ss\u00e1g 12. het\u00e9t bet\u00f6lt\u00f6tt magzat, illetve az egy \u00e9vn\u00e9l nem r\u00e9gebben sz\u00fcletett gyermek eset\u00e9ben. Fontos ugyanakkor, hogy ez a kiv\u00e9tel csak a gyermekre vonatkozik, az ig\u00e9nyl\u0151knek ebben az esetben is meg kell felelni\u00fck az egy\u00e9ves lak\u00f3helyre vonatkoz\u00f3 felt\u00e9telnek.<\/p>\n\n\n\n<p>Csak tart\u00f3zkod\u00e1si hely c\u00edm\u00e9n l\u00e9v\u0151 vagy kiz\u00e1r\u00f3lag a nagykor\u00fa gyermek tulajdon\u00e1ban l\u00e9v\u0151 lak\u00e1sra nem vehet\u0151 fel a t\u00e1mogat\u00e1s, m\u00e1svalaki haszon\u00e9lvezeti jog\u00e1nak fenn\u00e1ll\u00e1sa, bejegyezett jelz\u00e1logjog vagy z\u00e1rtkerti besorol\u00e1s viszont nem kiz\u00e1r\u00f3 t\u00e9nyez\u0151, s\u0151t, a lak\u00f3h\u00e1zzal azonos helyrajzi sz\u00e1mon szerepl\u0151 gazdas\u00e1gi \u00e9p\u00fclet, t\u00e1rol\u00f3 vagy pince fel\u00faj\u00edt\u00e1sa is t\u00e1mogathat\u00f3. A m\u00e9g fel nem \u00e9p\u00fclt otthonra nem vehet\u0151 ig\u00e9nybe a t\u00e1mogat\u00e1s, am\u00edg az ingatlan-nyilv\u00e1ntart\u00e1sba m\u00e9g nincs bejegyezve. Az eladott ingatlanra az \u00faj tulajdonos is ism\u00e9t ig\u00e9nyelheti az otthonfel\u00faj\u00edt\u00e1si t\u00e1mogat\u00e1st akkor, ha az \u00faj tulajdonos az el\u0151z\u0151 ig\u00e9nyl\u0151nek nem a hozz\u00e1tartoz\u00f3ja.<\/p>\n\n\n\n<p><strong>Gyermek<\/strong><\/p>\n\n\n\n<p>Olyan gyermek ut\u00e1n ig\u00e9nyelhet\u0151 a t\u00e1mogat\u00e1s, aki<\/p>\n\n\n\n<ul class=\"wp-block-list\"><li>az ig\u00e9nyl\u0151 v\u00e9r szerinti vagy \u00f6r\u00f6kbefogadott gyermeke,<\/li><li>25 \u00e9v alatti, vagy fogyat\u00e9koss\u00e1gi t\u00e1mogat\u00e1sra vagy vakok szem\u00e9lyi j\u00e1rad\u00e9k\u00e1ra jogosult,<\/li><li>az ig\u00e9nyl\u0151vel k\u00f6z\u00f6s lak\u00f3hellyel (vagyis \u00e1lland\u00f3 lakc\u00edmmel) rendelkezik a fel\u00faj\u00edtott ingatlanban.<\/li><\/ul>\n\n\n\n<p>A t\u00e1mogat\u00e1s a m\u00e9g meg nem sz\u00fcletett, de 12. het\u00e9t m\u00e1r el\u00e9rt magzatra \u00e9s fels\u0151oktat\u00e1sban tanul\u00f3 vagy \u00f6n\u00e1ll\u00f3 munkaviszonyban \u00e1ll\u00f3 gyermekre is ig\u00e9nyelhet\u0151. Ha a sz\u00fcl\u0151k lak\u00f3helye nem azonos, akkor a gyermeket nevel\u0151 f\u00e9l ig\u00e9nyelheti a t\u00e1mogat\u00e1st, ha viszont mindketten nevelnek gyermeket, akkor a legfeljebb 3 milli\u00f3s t\u00e1mogat\u00e1s 50-50%-\u00e1ra jogosultak. Az egyik f\u00e9l lemond\u00f3 nyilatkozattal azonban lemondhat a teljes \u00f6sszegr\u0151l, a m\u00e1sik sz\u00fcl\u0151 jav\u00e1ra.<\/p>\n\n\n\n<figure class=\"wp-block-image is-resized\"><img loading=\"lazy\" decoding=\"async\" src=\"https:\/\/cdn.penzcentrum.hu\/upload\/cimlapimg\/F\/felujitas-20201014.jpg\" alt=\"Itt vannak a r\u00e9szletek: v\u00e1rhat\u00f3an erre lehet majd k\u00f6lteni az \u00e1llami  ingyenp\u00e9nzt\" width=\"839\" height=\"474\"\/><\/figure>\n\n\n\n<p><strong>Sz\u00e1ml\u00e1k<\/strong><\/p>\n\n\n\n<p>A fel\u00faj\u00edt\u00e1si munk\u00e1k igazol\u00e1s\u00e1ra v\u00e1llalkoz\u00f3i szerz\u0151d\u00e9st, anyagk\u00f6lts\u00e9gr\u0151l \u00e9s munkad\u00edjr\u00f3l sz\u00e1ml\u00e1t, valamint sz\u00e1mla\u00f6sszes\u00edt\u0151t is be kell ny\u00fajtani:<\/p>\n\n\n\n<ul class=\"wp-block-list\"><li>a rendeletben meghat\u00e1rozott \u00e9p\u00edt\u00e9si tev\u00e9kenys\u00e9gek valamelyik\u00e9re a kivitelez\u00e9st v\u00e9gz\u0151 v\u00e1llalkoz\u00f3val janu\u00e1r 1-je ut\u00e1n megk\u00f6t\u00f6tt szerz\u0151d\u00e9ssel kell rendelkeznie az ig\u00e9nyl\u0151nek,<\/li><li>a fel\u00faj\u00edt\u00e1si munk\u00e1kat 2021. janu\u00e1r 1-je ut\u00e1n ki\u00e1ll\u00edtott \u00e9s teljes\u00edtett sz\u00e1ml\u00e1k m\u00e1solat\u00e1val kell igazolni, egy\u00fcttes ig\u00e9nyl\u00e9s eset\u00e9n h\u00e1zast\u00e1rsak vagy \u00e9lett\u00e1rsak nev\u00e9re \u00e9s c\u00edm\u00e9re kell sz\u00f3lniuk,<\/li><li>\u00e1tutal\u00e1ssal teljes\u00edtett sz\u00e1ml\u00e1k eset\u00e9n igazolni kell a sz\u00e1mla kiegyenl\u00edt\u00e9s\u00e9t a banki \u00e1tutal\u00e1st igazol\u00f3 dokumentum vagy a fizet\u00e9si sz\u00e1mlakivonat (bankkivonat) m\u00e1solat\u00e1val, amelyen egy\u00e9rtelm\u0171en beazonos\u00edthat\u00f3k az egyes kiegyenl\u00edtett sz\u00e1ml\u00e1k t\u00e9telei.<\/li><\/ul>\n\n\n\n<p>5%-os \u00e1fatartalm\u00fa, illetve falusi CSOK kapcs\u00e1n m\u00e1r elsz\u00e1molt vagy elsz\u00e1molni k\u00edv\u00e1nt sz\u00e1ml\u00e1k nem fogadhat\u00f3k el, lak\u00e1s-takar\u00e9kp\u00e9nzt\u00e1ri megtakar\u00edt\u00e1s felhaszn\u00e1l\u00e1s\u00e1hoz beny\u00fajtott \u00e9s p\u00e9ld\u00e1ul kat\u00e1s v\u00e1llalkoz\u00f3 sz\u00e1ml\u00e1i viszont igen. Fontos, hogy a szerz\u0151d\u00f6tt v\u00e1llalkoz\u00f3 nem lehet az ig\u00e9nyl\u0151(k) k\u00f6zeli hozz\u00e1tartoz\u00f3ja, \u00e9s az ig\u00e9nyl\u0151(k)nek nem lehet tulajdoni r\u00e9szesed\u00e9s\u00fck vagy tiszts\u00e9g\u00fck a v\u00e1llalkoz\u00e1sban.<\/p>\n\n\n\n<p>Az anyagk\u00f6lts\u00e9g vagy munkad\u00edj a sz\u00e1ml\u00e1n egy t\u00e9telk\u00e9nt \u00f6sszevontan nem szerepelhet. A v\u00e1llalkoz\u00e1si szerz\u0151d\u00e9sben, vagy annak mell\u00e9klet\u00e9ben mind az anyag, mind a munkad\u00edj olyan r\u00e9szletezetts\u00e9g\u0171 legyen (\u201eszerz\u0151d\u00f6tt konkr\u00e9t fel\u00faj\u00edt\u00e1si munka\u201d), mely a megval\u00f3s\u00edtott fel\u00faj\u00edt\u00e1s pontos tartalm\u00e1nak megismer\u00e9s\u00e9t, annak ellen\u0151rizhet\u0151s\u00e9g\u00e9t lehet\u0151v\u00e9 teszi. Anyagv\u00e1s\u00e1rl\u00e1s eset\u00e9n, amennyiben a sz\u00e1mla sz\u00e1ll\u00edt\u00e1si k\u00f6lts\u00e9get\/fuvard\u00edjat is tartalmaz, az anyagk\u00f6lts\u00e9gk\u00e9nt t\u00e1mogathat\u00f3. K\u00fcl\u00f6n sz\u00e1ml\u00e1n szerepl\u0151, sz\u00e1ll\u00edt\u00e1si k\u00f6lts\u00e9gre\/fuvard\u00edjra nem vehet\u0151 ig\u00e9nybe t\u00e1mogat\u00e1s. A kont\u00e9neres \u00e9s egy\u00e9b hullad\u00e9k elsz\u00e1ll\u00edt\u00e1sa \u00f6n\u00e1ll\u00f3an nem t\u00e1mogathat\u00f3, csak abban az esetben, ha a kivitelez\u0151vel k\u00f6t\u00f6tt meg\u00e1llapod\u00e1sban a hullad\u00e9k elsz\u00e1ll\u00edt\u00e1sa is szerepel.<\/p>\n\n\n\n<p><strong>Elb\u00edr\u00e1l\u00e1s<\/strong><\/p>\n\n\n\n<p>A Magyar \u00c1llamkincst\u00e1r a hozz\u00e1 t\u00f6rt\u00e9n\u0151 be\u00e9rkez\u00e9s id\u0151pontj\u00e1t k\u00f6vet\u0151en - a be\u00e9rkez\u00e9s sorrendj\u00e9ben - 30 napon bel\u00fcl b\u00edr\u00e1lja el a k\u00e9relmet azzal, hogy<\/p>\n\n\n\n<ul class=\"wp-block-list\"><li>a k\u00e9relem elb\u00edr\u00e1l\u00e1sa sor\u00e1n hi\u00e1nyp\u00f3tl\u00e1sra egy alkalommal ker\u00fclhet sor,<\/li><li>a hi\u00e1nyp\u00f3tl\u00e1sra meghat\u00e1rozott - legfeljebb 30 napos - id\u0151tartam az elb\u00edr\u00e1l\u00e1si hat\u00e1rid\u0151be nem sz\u00e1m\u00edt be,<\/li><li>a t\u00e1mogat\u00e1s ig\u00e9nybev\u00e9tel\u00e9nek jogszer\u0171s\u00e9g\u00e9t a kincst\u00e1r, legk\u00e9s\u0151bb a t\u00e1mogat\u00e1s foly\u00f3s\u00edt\u00e1s\u00e1t k\u00f6vet\u0151 180. napig jogosult a lak\u00e1s fekv\u00e9se szerint illet\u00e9kes f\u0151v\u00e1rosi \u00e9s megyei korm\u00e1nyhivatal bevon\u00e1s\u00e1val helysz\u00edni ellen\u0151rz\u00e9s keret\u00e9ben vizsg\u00e1lni,<\/li><\/ul>\n\n\n\n<p>Ha az ig\u00e9nyl\u0151 jogosulatlanul vette ig\u00e9nybe a t\u00e1mogat\u00e1st, k\u00e9sedelmi kamattal kell visszafizetnie.<\/p>\n\n\n\n<p><strong>Hitel<\/strong><\/p>\n\n\n\n<p>Azok sz\u00e1m\u00e1ra, akik nem rendelkeznek a fel\u00faj\u00edt\u00e1sok elv\u00e9gz\u00e9s\u00e9hez sz\u00fcks\u00e9ges saj\u00e1t forr\u00e1ssal, otthonfel\u00faj\u00edt\u00e1si hitel \u00e9rhet\u0151 el a 641\/2020-as korm\u00e1nyrendelet szerint, amely<\/p>\n\n\n\n<ul class=\"wp-block-list\"><li>febru\u00e1r 1-je \u00f3ta t\u00f6bb hitelint\u00e9zetn\u00e9l is ig\u00e9nyelhet\u0151,<\/li><li>a futamid\u0151 v\u00e9g\u00e9ig \u00e1llamilag kamatt\u00e1mogatott hitelforma fix, 3%-os kamattal,<\/li><li>maxim\u00e1lis \u00f6sszege 6 milli\u00f3 forint,<\/li><li>maxim\u00e1lis futamideje 10 \u00e9v (e k\u00e9t param\u00e9ter mellett a kezdeti t\u00f6rleszt\u0151r\u00e9szlet mintegy havi 58 ezer forint),<\/li><li>jelz\u00e1logfedezet\u0171 hitel, a legt\u00f6bb esetben \u00edgy k\u00f6zjegyz\u0151i \u00e9s \u00e9rt\u00e9kbecsl\u0151i k\u00f6zrem\u0171k\u00f6d\u00e9s sz\u00fcks\u00e9ges hozz\u00e1, \u00e1m ezek k\u00f6lts\u00e9g\u00e9t a bankok \u00e1llj\u00e1k,<\/li><li>az ig\u00e9nybe vett otthonfel\u00faj\u00edt\u00e1si t\u00e1mogat\u00e1s \u00f6sszege a hitelben el\u0151t\u00f6rleszt\u00e9sre ker\u00fcl, ekkor ennek megfelel\u0151en cs\u00f6kken a t\u00f6rleszt\u0151r\u00e9szlet.<\/li><\/ul>\n\n\n\n<p>Fontos, hogy az otthonfel\u00faj\u00edt\u00e1si hitel felv\u00e9tele eset\u00e9n a foly\u00f3s\u00edt\u00e1st k\u00f6vet\u0151 1 \u00e9ven bel\u00fcl be kell mutatni a hitelny\u00fajt\u00f3nak a kifizetett sz\u00e1ml\u00e1kat vagy azok m\u00e1solat\u00e1t, az ig\u00e9nybe vett otthonfel\u00faj\u00edt\u00e1si t\u00e1mogat\u00e1snak pedig el kell \u00e9rnie a felvett hitel\u00f6sszeg 25%-\u00e1t, \u00e9s a t\u00e1mogat\u00e1sr\u00f3l sz\u00f3l\u00f3 okiratot 2022. december 31-\u00e9t\u0151l sz\u00e1m\u00edtott 150. napig ki kell \u00e1ll\u00edtania a Magyar \u00c1llamkincst\u00e1rnak. Ellenkez\u0151 esetben (visszamen\u0151leg is) elv\u00e9sz a kamatt\u00e1mogat\u00e1s.<\/p>\n\n\n\n<h3 class=\"wp-block-heading\">Munk\u00e1k<\/h3>\n\n\n\n<p>A fel\u00faj\u00edt\u00e1s t\u00f6bb \u00fctemben \u00e9s t\u00f6bb v\u00e1llalkoz\u00f3val is t\u00f6rt\u00e9nhet, ezek sz\u00e1m\u00e1t a rendelet nem korl\u00e1tozza. Az otthonfel\u00faj\u00edt\u00e1si t\u00e1mogat\u00e1s az al\u00e1bbi, sz\u00e1ml\u00e1val igazolt tev\u00e9kenys\u00e9gek ut\u00e1n vehet\u0151 ig\u00e9nybe:<\/p>\n\n\n\n<p>a) v\u00edz-, csatorna-, elektromos-, g\u00e1z-k\u00f6zm\u0171szolg\u00e1ltat\u00e1s bevezet\u00e9se, illetve bels\u0151, illetve k\u00fcls\u0151 h\u00e1l\u00f3zat\u00e1nak ki\u00e9p\u00edt\u00e9se vagy cser\u00e9je,<\/p>\n\n\n\n<p>b) f\u00fcrd\u0151helyis\u00e9g, illetve WC l\u00e9tes\u00edt\u00e9se olyan lak\u00e1sban, amely nem rendelkezik ilyen helyis\u00e9ggel,<\/p>\n\n\n\n<p>c) f\u0171t\u00e9si rendszer kialak\u00edt\u00e1sa, korszer\u0171s\u00edt\u00e9se vagy elemeinek cser\u00e9je, ide\u00e9rtve a meg\u00fajul\u00f3 energiaforr\u00e1sok alkalmaz\u00e1s\u00e1t is,<\/p>\n\n\n\n<p>d) az \u00e9p\u00fclet k\u00fcls\u0151 fest\u00e9se, sz\u00ednez\u00e9se, valamint szigetel\u00e9se, ut\u00f3bbin\u00e1l, ide\u00e9rtve a l\u00e1bazatszigetel\u00e9st, a h\u0151-, hang-, illetve v\u00edzszigetel\u00e9si munk\u00e1latokat,<\/p>\n\n\n\n<p>e) a k\u00fcls\u0151 ny\u00edl\u00e1sz\u00e1r\u00f3 cser\u00e9je, red\u0151ny, \u00e1rny\u00e9kol\u00f3, spaletta, rovarh\u00e1l\u00f3, biztons\u00e1gi r\u00e1cs felszerel\u00e9se vagy cser\u00e9je, p\u00e1rk\u00e1nyok, k\u00fcsz\u00f6b\u00f6k l\u00e9tes\u00edt\u00e9se, cser\u00e9je vagy fel\u00faj\u00edt\u00e1sa,<\/p>\n\n\n\n<p>f) tet\u0151 cser\u00e9je, fel\u00faj\u00edt\u00e1sa, szigetel\u00e9se,<\/p>\n\n\n\n<p>g) \u00e9g\u00e9sterm\u00e9k-elvezet\u0151 \u00e9p\u00edt\u00e9se, korszer\u0171s\u00edt\u00e9se,<\/p>\n\n\n\n<p>h) kl\u00edmaberendez\u00e9s be\u00e9p\u00edt\u00e9se, cser\u00e9je,<\/p>\n\n\n\n<p><strong>i) napkollektor, napelemes rendszer telep\u00edt\u00e9se, cser\u00e9je (napelemes rendszer eset\u00e9n az anyagk\u00f6lts\u00e9g \u00e9s a kapcsol\u00f3d\u00f3 v\u00e1llalkoz\u00f3i d\u00edj \u00f6sszes\u00edtve nem haladhatja meg a brutt\u00f3 450 000 Ft\/kWp \u00f6sszeget - ha efelett van, akkor teljes eg\u00e9sz\u00e9ben elutas\u00edtj\u00e1k),<\/strong><\/p>\n\n\n\n<figure class=\"wp-block-image size-full\"><img loading=\"lazy\" decoding=\"async\" width=\"2000\" height=\"1124\" src=\"https:\/\/dev.kompaktdesign.hu\/hodszolar.hu\/wp-content\/uploads\/2022\/01\/dji_0394_optimized.jpg\" alt=\"\" class=\"wp-image-832\"\/><\/figure>\n\n\n\n<p>j) bels\u0151 t\u00e9r fel\u00faj\u00edt\u00e1sa, ide\u00e9rtve ja) a lak\u00e1s helyis\u00e9geinek bels\u0151 fali, padl\u00f3-, f\u00f6d\u00e9m- vagy \u00e1lmennyezeti burkolat cser\u00e9j\u00e9t, fel\u00faj\u00edt\u00e1s\u00e1t, fest\u00e9s\u00e9t, tap\u00e9t\u00e1z\u00e1s\u00e1t, jb) a gal\u00e9ria\u00e9p\u00edt\u00e9st, jc) a bels\u0151 l\u00e9pcs\u0151 kialak\u00edt\u00e1s\u00e1t \u00e9s cser\u00e9j\u00e9t, jd) a szaniterek be\u00e9p\u00edt\u00e9s\u00e9t vagy cser\u00e9j\u00e9t, je) a villanykapcsol\u00f3k \u00e9s -dugaljak kialak\u00edt\u00e1s\u00e1t \u00e9s cser\u00e9j\u00e9t, jf) a bels\u0151 ny\u00edl\u00e1sz\u00e1r\u00f3k, bels\u0151 p\u00e1rk\u00e1nyok, k\u00fcsz\u00f6b\u00f6k be\u00e9p\u00edt\u00e9s\u00e9t, cser\u00e9j\u00e9t vagy fel\u00faj\u00edt\u00e1s\u00e1t, jg) a l\u00e1mp\u00e1k vagy vil\u00e1g\u00edt\u00f3testek be\u00e9p\u00edt\u00e9s\u00e9t vagy cser\u00e9j\u00e9t,<\/p>\n\n\n\n<p>k) a lak\u00e1ssal azonos ingatlan-nyilv\u00e1ntart\u00e1si helyrajzi sz\u00e1mon tal\u00e1lhat\u00f3 \u00e9p\u00fclet, nem lak\u00e1s c\u00e9lj\u00e1ra szolg\u00e1l\u00f3 helyis\u00e9g (\u00edgy k\u00fcl\u00f6n\u00f6sen: ny\u00e1ri konyha, mos\u00f3konyha, t\u00e1rol\u00f3) fel\u00faj\u00edt\u00e1sa,<\/p>\n\n\n\n<p>l) ker\u00edt\u00e9s \u00e9p\u00edt\u00e9se,<\/p>\n\n\n\n<p>m) g\u00e9pj\u00e1rm\u0171t\u00e1rol\u00f3 \u00e9p\u00edt\u00e9se vagy nyitott g\u00e9pkocsibe\u00e1ll\u00f3 kialak\u00edt\u00e1sa,<\/p>\n\n\n\n<p>n) terasz, loggia, erk\u00e9ly, el\u0151tet\u0151 \u00e9p\u00edt\u00e9se,<\/p>\n\n\n\n<p>o) t\u00e9rburkolat, illetve k\u00fcls\u0151 l\u00e9pcs\u0151 k\u00e9sz\u00edt\u00e9se, cser\u00e9je,<\/p>\n\n\n\n<p>p) t\u00e9likert kialak\u00edt\u00e1sa,<\/p>\n\n\n\n<p>q) - amennyiben az ig\u00e9nyl\u0151 vagy gyermeke mozg\u00e1skorl\u00e1tozott szem\u00e9lynek min\u0151s\u00fcl - a 12\/2001. (I. 31.) Korm. rendelet 9. \u00a7 (10) bekezd\u00e9s\u00e9ben meghat\u00e1rozott akad\u00e1lymentes\u00edt\u00e9si munk\u00e1k,<\/p>\n\n\n\n<p>r) alapoz\u00e1si szerkezet meger\u0151s\u00edt\u00e9se, valamint<\/p>\n\n\n\n<p>s) be\u00e9p\u00edthet\u0151 b\u00fator vagy konyhai g\u00e9p be\u00e9p\u00edt\u00e9se, cser\u00e9je,<\/p>\n\n\n\n<p>t) haszn\u00e1lati melegv\u00edz rendszer kialak\u00edt\u00e1sa, korszer\u0171s\u00edt\u00e9se vagy elemeinek cser\u00e9je, ide\u00e9rtve a meg\u00fajul\u00f3 energiaforr\u00e1sok alkalmaz\u00e1s\u00e1t is.<\/p>\n\n\n\n<p>u) szab\u00e1lyozott szell\u0151z\u00e9si rendszer kialak\u00edt\u00e1sa, korszer\u0171s\u00edt\u00e9se vagy elemeinek cser\u00e9je,<\/p>\n\n\n\n<p>v) szennyv\u00edz tiszt\u00edt\u00e1s\u00e1ra \u00e9s elhelyez\u00e9s\u00e9re szolg\u00e1l\u00f3 egyedi szennyv\u00edzkezel\u0151 berendez\u00e9s vagy tiszt\u00edt\u00f3mez\u0151vel ell\u00e1tott old\u00f3medenc\u00e9s m\u0171t\u00e1rgy telep\u00edt\u00e9se vagy cser\u00e9je<\/p>\n\n\n\n<p>Lak\u00f3t\u00e9r b\u0151v\u00fcl\u00e9s\u00e9vel a fel\u00faj\u00edt\u00e1s nem j\u00e1rhat, \u00edgy pl. tet\u0151t\u00e9r-be\u00e9p\u00edt\u00e9sre vagy emelet-r\u00e1\u00e9p\u00edt\u00e9sre nem ig\u00e9nyelhet\u0151. Azokra a napelemes rendszerekre, amelyek eset\u00e9n a villamosenergia-v\u00e1s\u00e1rl\u00e1si szerz\u0151d\u00e9s 2021. j\u00falius 1-je ut\u00e1n ker\u00fcl megk\u00f6t\u00e9sre, marad a szald\u00f3 elsz\u00e1mol\u00e1s (az eredeti ki\u00edr\u00e1shoz k\u00e9pest), err\u0151l a v\u00e1ltoz\u00e1sr\u00f3l <a href=\"https:\/\/dev.kompaktdesign.hu\/hodszolar.hu\/2021\/07\/01\/jo-hir-az-otthonfelujitast-igenybevevoknek-marad-a-szaldo-elszamolas\/\">itt<\/a> \u00edrtunk kor\u00e1bban.<\/p>\n\n\n\n<p><br><br><\/p>\n","protected":false},"excerpt":{"rendered":"<p>2021. janu\u00e1r 1-je \u00f3ta ak\u00e1r 3 milli\u00f3 forintot is felvehetnek az \u00e1llamt\u00f3l otthonfel\u00faj\u00edt\u00e1si t\u00e1mogat\u00e1s form\u00e1j\u00e1ban mindazok, akik saj\u00e1t tulajdon\u00fa ingatlanukban 25 \u00e9v alatti gyermeket nevelnek, \u00e9s fel\u00faj\u00edtj\u00e1k a lak\u00e1sukat. Mivel a napelemes rendszer eset\u00e9ben az \u00e1ramszolg\u00e1ltat\u00f3 fel\u00e9 t\u00f6rt\u00e9n\u0151 enged\u00e9lyeztet\u00e9s t\u00f6bb h\u00f3napot vesz ig\u00e9nybe, \u00edgy mi mindenk\u00e9ppen azt javasoljuk, hogy a v\u00e9gs\u0151 hat\u00e1rid\u0151 el\u0151tt f\u00e9l \u00e9vvel [&hellip;]<\/p>\n","protected":false},"author":3,"featured_media":833,"comment_status":"open","ping_status":"open","sticky":false,"template":"","format":"standard","meta":{"footnotes":""},"categories":[1],"tags":[],"class_list":["post-831","post","type-post","status-publish","format-standard","has-post-thumbnail","hentry","category-egyeb"],"yoast_head":"<!-- This site is optimized with the Yoast SEO plugin v19.5.1 - https:\/\/yoast.com\/wordpress\/plugins\/seo\/ -->\n<title>M\u00e1r csak id\u00e9n vehet\u0151 ig\u00e9nybe az Otthonfel\u00faj\u00edt\u00e1si T\u00e1mogat\u00e1s! Mit kell r\u00f3la tudni napelemes rendszer telep\u00edt\u00e9se eset\u00e9n? | H\u00f3dszol\u00e1r<\/title>\n<meta name=\"robots\" content=\"noindex, follow, max-snippet:-1, max-image-preview:large, max-video-preview:-1\" \/>\n<meta property=\"og:locale\" content=\"hu_HU\" \/>\n<meta property=\"og:type\" content=\"article\" \/>\n<meta property=\"og:title\" content=\"M\u00e1r csak id\u00e9n vehet\u0151 ig\u00e9nybe az Otthonfel\u00faj\u00edt\u00e1si T\u00e1mogat\u00e1s! Mit kell r\u00f3la tudni napelemes rendszer telep\u00edt\u00e9se eset\u00e9n? | H\u00f3dszol\u00e1r\" \/>\n<meta property=\"og:description\" content=\"2021. janu\u00e1r 1-je \u00f3ta ak\u00e1r 3 milli\u00f3 forintot is felvehetnek az \u00e1llamt\u00f3l otthonfel\u00faj\u00edt\u00e1si t\u00e1mogat\u00e1s form\u00e1j\u00e1ban mindazok, akik saj\u00e1t tulajdon\u00fa ingatlanukban 25 \u00e9v alatti gyermeket nevelnek, \u00e9s fel\u00faj\u00edtj\u00e1k a lak\u00e1sukat. Mivel a napelemes rendszer eset\u00e9ben az \u00e1ramszolg\u00e1ltat\u00f3 fel\u00e9 t\u00f6rt\u00e9n\u0151 enged\u00e9lyeztet\u00e9s t\u00f6bb h\u00f3napot vesz ig\u00e9nybe, \u00edgy mi mindenk\u00e9ppen azt javasoljuk, hogy a v\u00e9gs\u0151 hat\u00e1rid\u0151 el\u0151tt f\u00e9l \u00e9vvel [&hellip;]\" \/>\n<meta property=\"og:url\" content=\"https:\/\/dev.kompaktdesign.hu\/hodszolar.hu\/2022\/01\/14\/mar-csak-iden-veheto-igenybe-az-otthonfelujitasi-tamogatas-mit-kell-rola-tudni-napelemes-rendszer-telepitese-eseten\/\" \/>\n<meta property=\"og:site_name\" content=\"H\u00f3dszol\u00e1r\" \/>\n<meta property=\"article:publisher\" content=\"https:\/\/www.facebook.com\/hodszolar\" \/>\n<meta property=\"article:published_time\" content=\"2022-01-14T10:56:59+00:00\" \/>\n<meta property=\"article:modified_time\" content=\"2022-01-14T10:57:00+00:00\" \/>\n<meta property=\"og:image\" content=\"https:\/\/dev.kompaktdesign.hu\/hodszolar.hu\/wp-content\/uploads\/2022\/01\/34933033_2673607_b741b412084f310770b29305d3416505_wm.jpg\" \/>\n\t<meta property=\"og:image:width\" content=\"1308\" \/>\n\t<meta property=\"og:image:height\" content=\"872\" \/>\n\t<meta property=\"og:image:type\" content=\"image\/jpeg\" \/>\n<meta name=\"author\" content=\"H\u00f3dszol\u00e1r Kft.\" \/>\n<meta name=\"twitter:card\" content=\"summary_large_image\" \/>\n<meta name=\"twitter:label1\" content=\"Szerz\u0151:\" \/>\n\t<meta name=\"twitter:data1\" content=\"H\u00f3dszol\u00e1r Kft.\" \/>\n\t<meta name=\"twitter:label2\" content=\"Becs\u00fclt olvas\u00e1si id\u0151\" \/>\n\t<meta name=\"twitter:data2\" content=\"9 perc\" \/>\n<script type=\"application\/ld+json\" class=\"yoast-schema-graph\">{\"@context\":\"https:\/\/schema.org\",\"@graph\":[{\"@type\":\"Article\",\"@id\":\"https:\/\/dev.kompaktdesign.hu\/hodszolar.hu\/2022\/01\/14\/mar-csak-iden-veheto-igenybe-az-otthonfelujitasi-tamogatas-mit-kell-rola-tudni-napelemes-rendszer-telepitese-eseten\/#article\",\"isPartOf\":{\"@id\":\"https:\/\/dev.kompaktdesign.hu\/hodszolar.hu\/2022\/01\/14\/mar-csak-iden-veheto-igenybe-az-otthonfelujitasi-tamogatas-mit-kell-rola-tudni-napelemes-rendszer-telepitese-eseten\/\"},\"author\":{\"name\":\"H\u00f3dszol\u00e1r Kft.\",\"@id\":\"https:\/\/dev.kompaktdesign.hu\/hodszolar.hu\/#\/schema\/person\/a788af940a3d6b2829396312340dd08c\"},\"headline\":\"M\u00e1r csak id\u00e9n vehet\u0151 ig\u00e9nybe az Otthonfel\u00faj\u00edt\u00e1si T\u00e1mogat\u00e1s! Mit kell r\u00f3la tudni napelemes rendszer telep\u00edt\u00e9se eset\u00e9n?\",\"datePublished\":\"2022-01-14T10:56:59+00:00\",\"dateModified\":\"2022-01-14T10:57:00+00:00\",\"mainEntityOfPage\":{\"@id\":\"https:\/\/dev.kompaktdesign.hu\/hodszolar.hu\/2022\/01\/14\/mar-csak-iden-veheto-igenybe-az-otthonfelujitasi-tamogatas-mit-kell-rola-tudni-napelemes-rendszer-telepitese-eseten\/\"},\"wordCount\":3248,\"commentCount\":0,\"publisher\":{\"@id\":\"https:\/\/dev.kompaktdesign.hu\/hodszolar.hu\/#organization\"},\"articleSection\":[\"Egy\u00e9b kateg\u00f3ria\"],\"inLanguage\":\"hu\",\"potentialAction\":[{\"@type\":\"CommentAction\",\"name\":\"Comment\",\"target\":[\"https:\/\/dev.kompaktdesign.hu\/hodszolar.hu\/2022\/01\/14\/mar-csak-iden-veheto-igenybe-az-otthonfelujitasi-tamogatas-mit-kell-rola-tudni-napelemes-rendszer-telepitese-eseten\/#respond\"]}]},{\"@type\":\"WebPage\",\"@id\":\"https:\/\/dev.kompaktdesign.hu\/hodszolar.hu\/2022\/01\/14\/mar-csak-iden-veheto-igenybe-az-otthonfelujitasi-tamogatas-mit-kell-rola-tudni-napelemes-rendszer-telepitese-eseten\/\",\"url\":\"https:\/\/dev.kompaktdesign.hu\/hodszolar.hu\/2022\/01\/14\/mar-csak-iden-veheto-igenybe-az-otthonfelujitasi-tamogatas-mit-kell-rola-tudni-napelemes-rendszer-telepitese-eseten\/\",\"name\":\"M\u00e1r csak id\u00e9n vehet\u0151 ig\u00e9nybe az Otthonfel\u00faj\u00edt\u00e1si T\u00e1mogat\u00e1s! Mit kell r\u00f3la tudni napelemes rendszer telep\u00edt\u00e9se eset\u00e9n? | H\u00f3dszol\u00e1r\",\"isPartOf\":{\"@id\":\"https:\/\/dev.kompaktdesign.hu\/hodszolar.hu\/#website\"},\"datePublished\":\"2022-01-14T10:56:59+00:00\",\"dateModified\":\"2022-01-14T10:57:00+00:00\",\"breadcrumb\":{\"@id\":\"https:\/\/dev.kompaktdesign.hu\/hodszolar.hu\/2022\/01\/14\/mar-csak-iden-veheto-igenybe-az-otthonfelujitasi-tamogatas-mit-kell-rola-tudni-napelemes-rendszer-telepitese-eseten\/#breadcrumb\"},\"inLanguage\":\"hu\",\"potentialAction\":[{\"@type\":\"ReadAction\",\"target\":[\"https:\/\/dev.kompaktdesign.hu\/hodszolar.hu\/2022\/01\/14\/mar-csak-iden-veheto-igenybe-az-otthonfelujitasi-tamogatas-mit-kell-rola-tudni-napelemes-rendszer-telepitese-eseten\/\"]}]},{\"@type\":\"BreadcrumbList\",\"@id\":\"https:\/\/dev.kompaktdesign.hu\/hodszolar.hu\/2022\/01\/14\/mar-csak-iden-veheto-igenybe-az-otthonfelujitasi-tamogatas-mit-kell-rola-tudni-napelemes-rendszer-telepitese-eseten\/#breadcrumb\",\"itemListElement\":[{\"@type\":\"ListItem\",\"position\":1,\"name\":\"Kezd\u0151lap\",\"item\":\"https:\/\/dev.kompaktdesign.hu\/hodszolar.hu\/\"},{\"@type\":\"ListItem\",\"position\":2,\"name\":\"M\u00e1r csak id\u00e9n vehet\u0151 ig\u00e9nybe az Otthonfel\u00faj\u00edt\u00e1si T\u00e1mogat\u00e1s! Mit kell r\u00f3la tudni napelemes rendszer telep\u00edt\u00e9se eset\u00e9n?\"}]},{\"@type\":\"WebSite\",\"@id\":\"https:\/\/dev.kompaktdesign.hu\/hodszolar.hu\/#website\",\"url\":\"https:\/\/dev.kompaktdesign.hu\/hodszolar.hu\/\",\"name\":\"H\u00f3dszol\u00e1r\",\"description\":\"A v\u00e1s\u00e1rhelyi napelemes\",\"publisher\":{\"@id\":\"https:\/\/dev.kompaktdesign.hu\/hodszolar.hu\/#organization\"},\"potentialAction\":[{\"@type\":\"SearchAction\",\"target\":{\"@type\":\"EntryPoint\",\"urlTemplate\":\"https:\/\/dev.kompaktdesign.hu\/hodszolar.hu\/?s={search_term_string}\"},\"query-input\":\"required name=search_term_string\"}],\"inLanguage\":\"hu\"},{\"@type\":\"Organization\",\"@id\":\"https:\/\/dev.kompaktdesign.hu\/hodszolar.hu\/#organization\",\"name\":\"H\u00f3dszol\u00e1r Kft.\",\"url\":\"https:\/\/dev.kompaktdesign.hu\/hodszolar.hu\/\",\"sameAs\":[\"https:\/\/www.facebook.com\/hodszolar\"],\"logo\":{\"@type\":\"ImageObject\",\"inLanguage\":\"hu\",\"@id\":\"https:\/\/dev.kompaktdesign.hu\/hodszolar.hu\/#\/schema\/logo\/image\/\",\"url\":\"https:\/\/dev.kompaktdesign.hu\/hodszolar.hu\/wp-content\/uploads\/2021\/05\/fvicon.png\",\"contentUrl\":\"https:\/\/dev.kompaktdesign.hu\/hodszolar.hu\/wp-content\/uploads\/2021\/05\/fvicon.png\",\"width\":132,\"height\":132,\"caption\":\"H\u00f3dszol\u00e1r Kft.\"},\"image\":{\"@id\":\"https:\/\/dev.kompaktdesign.hu\/hodszolar.hu\/#\/schema\/logo\/image\/\"}},{\"@type\":\"Person\",\"@id\":\"https:\/\/dev.kompaktdesign.hu\/hodszolar.hu\/#\/schema\/person\/a788af940a3d6b2829396312340dd08c\",\"name\":\"H\u00f3dszol\u00e1r Kft.\",\"image\":{\"@type\":\"ImageObject\",\"inLanguage\":\"hu\",\"@id\":\"https:\/\/dev.kompaktdesign.hu\/hodszolar.hu\/#\/schema\/person\/image\/\",\"url\":\"https:\/\/secure.gravatar.com\/avatar\/38df000db6f2e93b7f0ccccf7714392424ca033738d34dfe71f19fdb70329830?s=96&d=mm&r=g\",\"contentUrl\":\"https:\/\/secure.gravatar.com\/avatar\/38df000db6f2e93b7f0ccccf7714392424ca033738d34dfe71f19fdb70329830?s=96&d=mm&r=g\",\"caption\":\"H\u00f3dszol\u00e1r Kft.\"},\"url\":\"https:\/\/dev.kompaktdesign.hu\/hodszolar.hu\/author\/hodszolar\/\"}]}<\/script>\n<!-- \/ Yoast SEO plugin. -->","yoast_head_json":{"title":"M\u00e1r csak id\u00e9n vehet\u0151 ig\u00e9nybe az Otthonfel\u00faj\u00edt\u00e1si T\u00e1mogat\u00e1s! Mit kell r\u00f3la tudni napelemes rendszer telep\u00edt\u00e9se eset\u00e9n? | H\u00f3dszol\u00e1r","robots":{"index":"noindex","follow":"follow","max-snippet":"max-snippet:-1","max-image-preview":"max-image-preview:large","max-video-preview":"max-video-preview:-1"},"og_locale":"hu_HU","og_type":"article","og_title":"M\u00e1r csak id\u00e9n vehet\u0151 ig\u00e9nybe az Otthonfel\u00faj\u00edt\u00e1si T\u00e1mogat\u00e1s! Mit kell r\u00f3la tudni napelemes rendszer telep\u00edt\u00e9se eset\u00e9n? | H\u00f3dszol\u00e1r","og_description":"2021. janu\u00e1r 1-je \u00f3ta ak\u00e1r 3 milli\u00f3 forintot is felvehetnek az \u00e1llamt\u00f3l otthonfel\u00faj\u00edt\u00e1si t\u00e1mogat\u00e1s form\u00e1j\u00e1ban mindazok, akik saj\u00e1t tulajdon\u00fa ingatlanukban 25 \u00e9v alatti gyermeket nevelnek, \u00e9s fel\u00faj\u00edtj\u00e1k a lak\u00e1sukat. Mivel a napelemes rendszer eset\u00e9ben az \u00e1ramszolg\u00e1ltat\u00f3 fel\u00e9 t\u00f6rt\u00e9n\u0151 enged\u00e9lyeztet\u00e9s t\u00f6bb h\u00f3napot vesz ig\u00e9nybe, \u00edgy mi mindenk\u00e9ppen azt javasoljuk, hogy a v\u00e9gs\u0151 hat\u00e1rid\u0151 el\u0151tt f\u00e9l \u00e9vvel [&hellip;]","og_url":"https:\/\/dev.kompaktdesign.hu\/hodszolar.hu\/2022\/01\/14\/mar-csak-iden-veheto-igenybe-az-otthonfelujitasi-tamogatas-mit-kell-rola-tudni-napelemes-rendszer-telepitese-eseten\/","og_site_name":"H\u00f3dszol\u00e1r","article_publisher":"https:\/\/www.facebook.com\/hodszolar","article_published_time":"2022-01-14T10:56:59+00:00","article_modified_time":"2022-01-14T10:57:00+00:00","og_image":[{"width":1308,"height":872,"url":"https:\/\/dev.kompaktdesign.hu\/hodszolar.hu\/wp-content\/uploads\/2022\/01\/34933033_2673607_b741b412084f310770b29305d3416505_wm.jpg","type":"image\/jpeg"}],"author":"H\u00f3dszol\u00e1r Kft.","twitter_card":"summary_large_image","twitter_misc":{"Szerz\u0151:":"H\u00f3dszol\u00e1r Kft.","Becs\u00fclt olvas\u00e1si id\u0151":"9 perc"},"schema":{"@context":"https:\/\/schema.org","@graph":[{"@type":"Article","@id":"https:\/\/dev.kompaktdesign.hu\/hodszolar.hu\/2022\/01\/14\/mar-csak-iden-veheto-igenybe-az-otthonfelujitasi-tamogatas-mit-kell-rola-tudni-napelemes-rendszer-telepitese-eseten\/#article","isPartOf":{"@id":"https:\/\/dev.kompaktdesign.hu\/hodszolar.hu\/2022\/01\/14\/mar-csak-iden-veheto-igenybe-az-otthonfelujitasi-tamogatas-mit-kell-rola-tudni-napelemes-rendszer-telepitese-eseten\/"},"author":{"name":"H\u00f3dszol\u00e1r Kft.","@id":"https:\/\/dev.kompaktdesign.hu\/hodszolar.hu\/#\/schema\/person\/a788af940a3d6b2829396312340dd08c"},"headline":"M\u00e1r csak id\u00e9n vehet\u0151 ig\u00e9nybe az Otthonfel\u00faj\u00edt\u00e1si T\u00e1mogat\u00e1s! Mit kell r\u00f3la tudni napelemes rendszer telep\u00edt\u00e9se eset\u00e9n?","datePublished":"2022-01-14T10:56:59+00:00","dateModified":"2022-01-14T10:57:00+00:00","mainEntityOfPage":{"@id":"https:\/\/dev.kompaktdesign.hu\/hodszolar.hu\/2022\/01\/14\/mar-csak-iden-veheto-igenybe-az-otthonfelujitasi-tamogatas-mit-kell-rola-tudni-napelemes-rendszer-telepitese-eseten\/"},"wordCount":3248,"commentCount":0,"publisher":{"@id":"https:\/\/dev.kompaktdesign.hu\/hodszolar.hu\/#organization"},"articleSection":["Egy\u00e9b kateg\u00f3ria"],"inLanguage":"hu","potentialAction":[{"@type":"CommentAction","name":"Comment","target":["https:\/\/dev.kompaktdesign.hu\/hodszolar.hu\/2022\/01\/14\/mar-csak-iden-veheto-igenybe-az-otthonfelujitasi-tamogatas-mit-kell-rola-tudni-napelemes-rendszer-telepitese-eseten\/#respond"]}]},{"@type":"WebPage","@id":"https:\/\/dev.kompaktdesign.hu\/hodszolar.hu\/2022\/01\/14\/mar-csak-iden-veheto-igenybe-az-otthonfelujitasi-tamogatas-mit-kell-rola-tudni-napelemes-rendszer-telepitese-eseten\/","url":"https:\/\/dev.kompaktdesign.hu\/hodszolar.hu\/2022\/01\/14\/mar-csak-iden-veheto-igenybe-az-otthonfelujitasi-tamogatas-mit-kell-rola-tudni-napelemes-rendszer-telepitese-eseten\/","name":"M\u00e1r csak id\u00e9n vehet\u0151 ig\u00e9nybe az Otthonfel\u00faj\u00edt\u00e1si T\u00e1mogat\u00e1s! Mit kell r\u00f3la tudni napelemes rendszer telep\u00edt\u00e9se eset\u00e9n? | H\u00f3dszol\u00e1r","isPartOf":{"@id":"https:\/\/dev.kompaktdesign.hu\/hodszolar.hu\/#website"},"datePublished":"2022-01-14T10:56:59+00:00","dateModified":"2022-01-14T10:57:00+00:00","breadcrumb":{"@id":"https:\/\/dev.kompaktdesign.hu\/hodszolar.hu\/2022\/01\/14\/mar-csak-iden-veheto-igenybe-az-otthonfelujitasi-tamogatas-mit-kell-rola-tudni-napelemes-rendszer-telepitese-eseten\/#breadcrumb"},"inLanguage":"hu","potentialAction":[{"@type":"ReadAction","target":["https:\/\/dev.kompaktdesign.hu\/hodszolar.hu\/2022\/01\/14\/mar-csak-iden-veheto-igenybe-az-otthonfelujitasi-tamogatas-mit-kell-rola-tudni-napelemes-rendszer-telepitese-eseten\/"]}]},{"@type":"BreadcrumbList","@id":"https:\/\/dev.kompaktdesign.hu\/hodszolar.hu\/2022\/01\/14\/mar-csak-iden-veheto-igenybe-az-otthonfelujitasi-tamogatas-mit-kell-rola-tudni-napelemes-rendszer-telepitese-eseten\/#breadcrumb","itemListElement":[{"@type":"ListItem","position":1,"name":"Kezd\u0151lap","item":"https:\/\/dev.kompaktdesign.hu\/hodszolar.hu\/"},{"@type":"ListItem","position":2,"name":"M\u00e1r csak id\u00e9n vehet\u0151 ig\u00e9nybe az Otthonfel\u00faj\u00edt\u00e1si T\u00e1mogat\u00e1s! Mit kell r\u00f3la tudni napelemes rendszer telep\u00edt\u00e9se eset\u00e9n?"}]},{"@type":"WebSite","@id":"https:\/\/dev.kompaktdesign.hu\/hodszolar.hu\/#website","url":"https:\/\/dev.kompaktdesign.hu\/hodszolar.hu\/","name":"H\u00f3dszol\u00e1r","description":"A v\u00e1s\u00e1rhelyi napelemes","publisher":{"@id":"https:\/\/dev.kompaktdesign.hu\/hodszolar.hu\/#organization"},"potentialAction":[{"@type":"SearchAction","target":{"@type":"EntryPoint","urlTemplate":"https:\/\/dev.kompaktdesign.hu\/hodszolar.hu\/?s={search_term_string}"},"query-input":"required name=search_term_string"}],"inLanguage":"hu"},{"@type":"Organization","@id":"https:\/\/dev.kompaktdesign.hu\/hodszolar.hu\/#organization","name":"H\u00f3dszol\u00e1r Kft.","url":"https:\/\/dev.kompaktdesign.hu\/hodszolar.hu\/","sameAs":["https:\/\/www.facebook.com\/hodszolar"],"logo":{"@type":"ImageObject","inLanguage":"hu","@id":"https:\/\/dev.kompaktdesign.hu\/hodszolar.hu\/#\/schema\/logo\/image\/","url":"https:\/\/dev.kompaktdesign.hu\/hodszolar.hu\/wp-content\/uploads\/2021\/05\/fvicon.png","contentUrl":"https:\/\/dev.kompaktdesign.hu\/hodszolar.hu\/wp-content\/uploads\/2021\/05\/fvicon.png","width":132,"height":132,"caption":"H\u00f3dszol\u00e1r Kft."},"image":{"@id":"https:\/\/dev.kompaktdesign.hu\/hodszolar.hu\/#\/schema\/logo\/image\/"}},{"@type":"Person","@id":"https:\/\/dev.kompaktdesign.hu\/hodszolar.hu\/#\/schema\/person\/a788af940a3d6b2829396312340dd08c","name":"H\u00f3dszol\u00e1r Kft.","image":{"@type":"ImageObject","inLanguage":"hu","@id":"https:\/\/dev.kompaktdesign.hu\/hodszolar.hu\/#\/schema\/person\/image\/","url":"https:\/\/secure.gravatar.com\/avatar\/38df000db6f2e93b7f0ccccf7714392424ca033738d34dfe71f19fdb70329830?s=96&d=mm&r=g","contentUrl":"https:\/\/secure.gravatar.com\/avatar\/38df000db6f2e93b7f0ccccf7714392424ca033738d34dfe71f19fdb70329830?s=96&d=mm&r=g","caption":"H\u00f3dszol\u00e1r Kft."},"url":"https:\/\/dev.kompaktdesign.hu\/hodszolar.hu\/author\/hodszolar\/"}]}},"_links":{"self":[{"href":"https:\/\/dev.kompaktdesign.hu\/hodszolar.hu\/wp-json\/wp\/v2\/posts\/831","targetHints":{"allow":["GET"]}}],"collection":[{"href":"https:\/\/dev.kompaktdesign.hu\/hodszolar.hu\/wp-json\/wp\/v2\/posts"}],"about":[{"href":"https:\/\/dev.kompaktdesign.hu\/hodszolar.hu\/wp-json\/wp\/v2\/types\/post"}],"author":[{"embeddable":true,"href":"https:\/\/dev.kompaktdesign.hu\/hodszolar.hu\/wp-json\/wp\/v2\/users\/3"}],"replies":[{"embeddable":true,"href":"https:\/\/dev.kompaktdesign.hu\/hodszolar.hu\/wp-json\/wp\/v2\/comments?post=831"}],"version-history":[{"count":1,"href":"https:\/\/dev.kompaktdesign.hu\/hodszolar.hu\/wp-json\/wp\/v2\/posts\/831\/revisions"}],"predecessor-version":[{"id":834,"href":"https:\/\/dev.kompaktdesign.hu\/hodszolar.hu\/wp-json\/wp\/v2\/posts\/831\/revisions\/834"}],"wp:featuredmedia":[{"embeddable":true,"href":"https:\/\/dev.kompaktdesign.hu\/hodszolar.hu\/wp-json\/wp\/v2\/media\/833"}],"wp:attachment":[{"href":"https:\/\/dev.kompaktdesign.hu\/hodszolar.hu\/wp-json\/wp\/v2\/media?parent=831"}],"wp:term":[{"taxonomy":"category","embeddable":true,"href":"https:\/\/dev.kompaktdesign.hu\/hodszolar.hu\/wp-json\/wp\/v2\/categories?post=831"},{"taxonomy":"post_tag","embeddable":true,"href":"https:\/\/dev.kompaktdesign.hu\/hodszolar.hu\/wp-json\/wp\/v2\/tags?post=831"}],"curies":[{"name":"wp","href":"https:\/\/api.w.org\/{rel}","templated":true}]}}