{"id":835,"date":"2022-01-19T08:42:46","date_gmt":"2022-01-19T08:42:46","guid":{"rendered":"https:\/\/hodszolar.hu\/?p=835"},"modified":"2022-01-19T08:42:47","modified_gmt":"2022-01-19T08:42:47","slug":"johet-az-attores-erkezhetnek-a-lebego-napelemek-magyarorszagra","status":"publish","type":"post","link":"https:\/\/dev.kompaktdesign.hu\/hodszolar.hu\/2022\/01\/19\/johet-az-attores-erkezhetnek-a-lebego-napelemek-magyarorszagra\/","title":{"rendered":"J\u00f6het az \u00e1tt\u00f6r\u00e9s: \u00e9rkezhetnek a lebeg\u0151 napelemek Magyarorsz\u00e1gra"},"content":{"rendered":"\n<p>T\u00f6bb sz\u00e1zezer hekt\u00e1rnyi v\u00edzfel\u00fclet kihaszn\u00e1latlan Magyarorsz\u00e1gon napenergia-termel\u00e9si szempontb\u00f3l, mik\u00f6zben \u00fasz\u00f3 napelemes szigetekkel hekt\u00e1ronk\u00e9nt, \u00e9vente ak\u00e1r m\u00e1sf\u00e9l milli\u00f3 kilowatt\u00f3ra (kWh) is megtermelhet\u0151 lenne. Erre jutott a holland v\u00edzgazd\u00e1lkod\u00e1si ter\u00fcletr\u0151l indult, ma m\u00e1r a nemzetk\u00f6zi porondon is m\u00e9ly\u00e9p\u00edt\u00e9ssel \u00e9s innovat\u00edv \u00e9p\u00fcletg\u00e9p\u00e9szettel is foglalkoz\u00f3 Wavin k\u00f6zlem\u00e9nye.<\/p>\n\n\n\n<figure class=\"wp-block-image\"><img decoding=\"async\" src=\"https:\/\/www.napi.hu\/fototar\/fototar\/202201\/orig\/image1642500526.jpg\/800\/?v=2022011401\" alt=\"J\u00f6het az \u00e1tt\u00f6r\u00e9s: \u00e9rkezhetnek a lebeg\u0151 napelemek Magyarorsz\u00e1gra\" title=\"J\u00f6het az \u00e1tt\u00f6r\u00e9s: \u00e9rkezhetnek a lebeg\u0151 napelemek Magyarorsz\u00e1gra\"\/><\/figure>\n\n\n\n<p>Az Orsz\u00e1gos V\u00edz\u00fcgyi F\u0151igazgat\u00f3s\u00e1g adatai szerint haz\u00e1nkban t\u00f6bb sz\u00e1zezer hekt\u00e1r mesters\u00e9ges v\u00edzfel\u00fclet \u00e1ll napenergia szempontj\u00e1b\u00f3l kihaszn\u00e1latlanul.&nbsp; Pedig az \u00f6nt\u00f6z\u00e9s\u00e9re \u00f6sszegy\u0171jt\u00f6tt es\u0151v\u00edz, de ak\u00e1r a szennyv\u00edzt\u00e1roz\u00f3k v\u00edzfel\u00fclete is energiaforr\u00e1ss\u00e1 v\u00e1lhatna, ha lebeg\u0151 napelem szigeteket telep\u00edtenek r\u00e1juk. \u00cdgy r\u00e1ad\u00e1sul nem puszt\u00e1n a plusz z\u00f6ldenergi\u00e1val lehet sz\u00e1molni, de az eddigiekn\u00e9l hat\u00e9konyabb v\u00edzgazd\u00e1lkod\u00e1s is megoldhat\u00f3, mivel a v\u00edzen lebeg\u0151 panelek kisebb ar\u00e1ny\u00fa p\u00e1rolg\u00e1st \u00e9s alg\u00e1sod\u00e1st tesznek lehet\u0151v\u00e9. Vagyis: egy v\u00e1zt\u00e1roz\u00f3 eset\u00e9ben ez a megold\u00e1s energi\u00e1t, illetve t\u00f6bb \u00e9s jobb min\u0151s\u00e9g\u0171 vizet egyar\u00e1nt adni tud - erre k\u00edn\u00e1l megold\u00e1st a holland gy\u00f6kerekkel rendelkez\u0151 Wavin.&nbsp;<\/p>\n\n\n\n<p>A Clicfloat nev\u0171, modul\u00e1ris fel\u00e9p\u00edt\u00e9s\u0171, lebeg\u0151 cs\u0151rendszer - \u00edrta k\u00f6zlem\u00e9ny\u00e9ben a magyar le\u00e1nyv\u00e1llalattal is rendelkez\u0151 c\u00e9g -&nbsp;megold\u00e1st k\u00edn\u00e1l a lehet\u0151s\u00e9g kiakn\u00e1z\u00e1s\u00e1ra.&nbsp;A napelemes \u00fasz\u00f3 szigeteket \u00fagy alak\u00edtott\u00e1k ki, hogy az \u00f3ri\u00e1si, k\u00f6rnyezeti hat\u00e1soknak ellen\u00e1ll\u00f3, ez\u00e9rt sok \u00e9ven \u00e1t haszn\u00e1lhat\u00f3 cs\u00f6vek k\u00f6nnyen egym\u00e1shoz pattinthat\u00f3k, m\u00e9gis stabil \u00e9s er\u0151s r\u00e1csot alkossanak, m\u00edg az illeszt\u0151elemek aff\u00e9le \"lebeg\u0151 \u00f6sv\u00e9nyt\" k\u00e9pezzenek, amelyen j\u00e1rva lehet a rendszert karbantartani, fel\u00fcgyelni, \u00fczemeltetni.<\/p>\n\n\n\n<p>Az \u00fasz\u00f3 fel\u00fcletek tetej\u00e9re szerelt napelemeket a v\u00edz h\u0171ti is, \u00e9s minden 1\u00b0C-nyi h\u0171t\u00e9s legal\u00e1bb 0,5 sz\u00e1zal\u00e9kkal nagyobb hat\u00e1sfokot eredm\u00e9nyezhet, mint a f\u00f6ldre vagy a tet\u0151re telep\u00edtett napelemek eset\u00e9ben. Ez a magasabb kilowatt-cs\u00facs\u00e9rt\u00e9kek miatt nagyobb hozamot is jelent, amib\u0151l viszont az is k\u00f6vetkezik, hogy a rendszer \u00f6nk\u00f6lts\u00e9gi \u00e1ra alacsonyabb, mivel azonos fel\u00fcleten a lebeg\u0151 napelemek t\u00f6bb \u00e9s olcs\u00f3bb energi\u00e1t tudnak biztos\u00edtani.<\/p>\n\n\n\n<p>A Wavin sz\u00e1m\u00edt\u00e1sai szerint egyetlen hekt\u00e1rnyi v\u00edzfel\u00fclet \u00fasz\u00f3 napelemes lefed\u00e9s\u00e9vel \u00e9vente t\u00f6bb, mint m\u00e1sf\u00e9l MWh villamos energi\u00e1t lehet megtermelni. Amib\u0151l pedig az k\u00f6vetkezik, hogy a Clickfloat haszn\u00e1lat\u00e1val sz\u00e1zezer hekt\u00e1ronk\u00e9nt, 70 sz\u00e1zal\u00e9kos lefedetts\u00e9g mellett is t\u00f6bb mint 1,1 TWh z\u00f6ldenergia \u00e1llhatna a magyarorsz\u00e1gi kert\u00e9szetek, szennyv\u00edztelepek, v\u00edzt\u00e1roz\u00f3kat \u00fczemeltet\u0151k rendelkez\u00e9s\u00e9re. Ez a m\u00e9ret b\u00e1r elm\u00e9leti, \u00e1m az orsz\u00e1g \u00e9vi 45-46 TWh \u00e1ramfogyaszt\u00e1s\u00e1hoz m\u00e9rve m\u00e1r l\u00e1that\u00f3 volumen.<\/p>\n\n\n\n<h2 class=\"wp-block-heading\"><strong>Ez az \u00fat j\u00e1rhat\u00f3<\/strong><\/h2>\n\n\n\n<p>Az \u00f6nt\u00f6z\u0151v\u00edz puffer t\u00e1roz\u00f3k napelemekkel t\u00f6rt\u00e9n\u0151 lefed\u00e9se hasznos k\u00f6rnyezetv\u00e9delmi fejleszt\u00e9s lehet - k\u00f6z\u00f6lte&nbsp;&nbsp;Sikl\u00f3s Gabriella, az Orsz\u00e1gos V\u00edz\u00fcgyi F\u0151igazgat\u00f3s\u00e1g sz\u00f3viv\u0151je, hozz\u00e1t\u00e9ve, hogy e technol\u00f3gia alkalmaz\u00e1sa&nbsp;nem csak cs\u00f6kkenti a p\u00e1rolg\u00e1si vesztes\u00e9get, illetve a fosszilis energia el\u0151\u00e1ll\u00edt\u00e1st, de \"barna mez\u0151s\" beruh\u00e1z\u00e1sk\u00e9nt sem foglal el hasznos term\u0151f\u00f6ld ter\u00fcleteket. - Amint elindul a tiszt\u00edtott szennyv\u00edz hasznos\u00edt\u00e1sa Magyarorsz\u00e1gon, a t\u00e1roz\u00f3k lefed\u00e9s\u00e9vel \u00e9s hasznos\u00edt\u00e1s\u00e1val az \u00f6nt\u00f6z\u0151v\u00edz sz\u00e9toszt\u00e1sa, az \u00f6nt\u00f6z\u00e9s energiaell\u00e1t\u00e1sa, \u00e9s tov\u00e1bbi energia el\u0151\u00e1ll\u00edt\u00e1sa is megoldhat\u00f3v\u00e1 v\u00e1lik - magyar\u00e1zta a szakember.&nbsp;<\/p>\n\n\n\n<figure class=\"wp-block-image\"><img decoding=\"async\" src=\"https:\/\/www.napi.hu\/fototar\/fototar\/202201\/orig\/image1642502622.jpg\/900\/\" alt=\"\"\/><\/figure>\n\n\n\n<p>Az \u00fasz\u00f3 napelemes rendszerek koncepci\u00f3ja \u00e9s \u00e9p\u00edt\u00e9se a vil\u00e1gban m\u00e1r nem sz\u00e1m\u00edt teljesen \u00fajdons\u00e1gnak, hiszen D\u00e9l-Kore\u00e1t\u00f3l\u00a0N\u00e9metorsz\u00e1gon \u00e1t\u00a0 Alb\u00e1ni\u00e1ig\u00a0sok orsz\u00e1gban adottak a k\u00f6r\u00fclm\u00e9nyek egy-egy ilyen pilot beruh\u00e1z\u00e1sra. Azt\u00e1n pedig\u00a0az sem meglep\u0151, hogy ahol kipr\u00f3b\u00e1lj\u00e1k, ott a kereslet is n\u0151 ir\u00e1ntuk (mivel\u00a0a v\u00edzre telep\u00edtett napelemek nem csak hat\u00e9konyabbak, de helytakar\u00e9kosak is) - ahogyan az Spanyolorsz\u00e1gban, a Navarra-i csatorn\u00e1val is igazol\u00f3dik.<\/p>\n\n\n\n<p>A Wavin napelemes szigetei egyel\u0151re pilot projektk\u00e9nt m\u0171k\u00f6dnek a Benelux \u00e1llamokban, de a teszt\u00fczem eredm\u00e9nyei m\u00e1ris bizakod\u00e1sra adnak okot - k\u00f6z\u00f6lte a c\u00e9g.<\/p>\n\n\n\n<p>Forr\u00e1s: napi.hu<\/p>\n","protected":false},"excerpt":{"rendered":"<p>T\u00f6bb sz\u00e1zezer hekt\u00e1rnyi v\u00edzfel\u00fclet kihaszn\u00e1latlan Magyarorsz\u00e1gon napenergia-termel\u00e9si szempontb\u00f3l, mik\u00f6zben \u00fasz\u00f3 napelemes szigetekkel hekt\u00e1ronk\u00e9nt, \u00e9vente ak\u00e1r m\u00e1sf\u00e9l milli\u00f3 kilowatt\u00f3ra (kWh) is megtermelhet\u0151 lenne. Erre jutott a holland v\u00edzgazd\u00e1lkod\u00e1si ter\u00fcletr\u0151l indult, ma m\u00e1r a nemzetk\u00f6zi porondon is m\u00e9ly\u00e9p\u00edt\u00e9ssel \u00e9s innovat\u00edv \u00e9p\u00fcletg\u00e9p\u00e9szettel is foglalkoz\u00f3 Wavin k\u00f6zlem\u00e9nye. Az Orsz\u00e1gos V\u00edz\u00fcgyi F\u0151igazgat\u00f3s\u00e1g adatai szerint haz\u00e1nkban t\u00f6bb sz\u00e1zezer hekt\u00e1r mesters\u00e9ges v\u00edzfel\u00fclet [&hellip;]<\/p>\n","protected":false},"author":3,"featured_media":836,"comment_status":"open","ping_status":"open","sticky":false,"template":"","format":"standard","meta":{"footnotes":""},"categories":[1],"tags":[],"class_list":["post-835","post","type-post","status-publish","format-standard","has-post-thumbnail","hentry","category-egyeb"],"yoast_head":"<!-- This site is optimized with the Yoast SEO plugin v19.5.1 - https:\/\/yoast.com\/wordpress\/plugins\/seo\/ -->\n<title>J\u00f6het az \u00e1tt\u00f6r\u00e9s: \u00e9rkezhetnek a lebeg\u0151 napelemek Magyarorsz\u00e1gra | H\u00f3dszol\u00e1r<\/title>\n<meta name=\"robots\" content=\"noindex, follow, max-snippet:-1, max-image-preview:large, max-video-preview:-1\" \/>\n<meta property=\"og:locale\" content=\"hu_HU\" \/>\n<meta property=\"og:type\" content=\"article\" \/>\n<meta property=\"og:title\" content=\"J\u00f6het az \u00e1tt\u00f6r\u00e9s: \u00e9rkezhetnek a lebeg\u0151 napelemek Magyarorsz\u00e1gra | H\u00f3dszol\u00e1r\" \/>\n<meta property=\"og:description\" content=\"T\u00f6bb sz\u00e1zezer hekt\u00e1rnyi v\u00edzfel\u00fclet kihaszn\u00e1latlan Magyarorsz\u00e1gon napenergia-termel\u00e9si szempontb\u00f3l, mik\u00f6zben \u00fasz\u00f3 napelemes szigetekkel hekt\u00e1ronk\u00e9nt, \u00e9vente ak\u00e1r m\u00e1sf\u00e9l milli\u00f3 kilowatt\u00f3ra (kWh) is megtermelhet\u0151 lenne. Erre jutott a holland v\u00edzgazd\u00e1lkod\u00e1si ter\u00fcletr\u0151l indult, ma m\u00e1r a nemzetk\u00f6zi porondon is m\u00e9ly\u00e9p\u00edt\u00e9ssel \u00e9s innovat\u00edv \u00e9p\u00fcletg\u00e9p\u00e9szettel is foglalkoz\u00f3 Wavin k\u00f6zlem\u00e9nye. Az Orsz\u00e1gos V\u00edz\u00fcgyi F\u0151igazgat\u00f3s\u00e1g adatai szerint haz\u00e1nkban t\u00f6bb sz\u00e1zezer hekt\u00e1r mesters\u00e9ges v\u00edzfel\u00fclet [&hellip;]\" \/>\n<meta property=\"og:url\" content=\"https:\/\/dev.kompaktdesign.hu\/hodszolar.hu\/2022\/01\/19\/johet-az-attores-erkezhetnek-a-lebego-napelemek-magyarorszagra\/\" \/>\n<meta property=\"og:site_name\" content=\"H\u00f3dszol\u00e1r\" \/>\n<meta property=\"article:publisher\" content=\"https:\/\/www.facebook.com\/hodszolar\" \/>\n<meta property=\"article:published_time\" content=\"2022-01-19T08:42:46+00:00\" \/>\n<meta property=\"article:modified_time\" content=\"2022-01-19T08:42:47+00:00\" \/>\n<meta property=\"og:image\" content=\"https:\/\/dev.kompaktdesign.hu\/hodszolar.hu\/wp-content\/uploads\/2022\/01\/napelem.jpg\" \/>\n\t<meta property=\"og:image:width\" content=\"1024\" \/>\n\t<meta property=\"og:image:height\" content=\"613\" \/>\n\t<meta property=\"og:image:type\" content=\"image\/jpeg\" \/>\n<meta name=\"author\" content=\"H\u00f3dszol\u00e1r Kft.\" \/>\n<meta name=\"twitter:card\" content=\"summary_large_image\" \/>\n<meta name=\"twitter:label1\" content=\"Szerz\u0151:\" \/>\n\t<meta name=\"twitter:data1\" content=\"H\u00f3dszol\u00e1r Kft.\" \/>\n\t<meta name=\"twitter:label2\" content=\"Becs\u00fclt olvas\u00e1si id\u0151\" \/>\n\t<meta name=\"twitter:data2\" content=\"3 perc\" \/>\n<script type=\"application\/ld+json\" class=\"yoast-schema-graph\">{\"@context\":\"https:\/\/schema.org\",\"@graph\":[{\"@type\":\"Article\",\"@id\":\"https:\/\/dev.kompaktdesign.hu\/hodszolar.hu\/2022\/01\/19\/johet-az-attores-erkezhetnek-a-lebego-napelemek-magyarorszagra\/#article\",\"isPartOf\":{\"@id\":\"https:\/\/dev.kompaktdesign.hu\/hodszolar.hu\/2022\/01\/19\/johet-az-attores-erkezhetnek-a-lebego-napelemek-magyarorszagra\/\"},\"author\":{\"name\":\"H\u00f3dszol\u00e1r Kft.\",\"@id\":\"https:\/\/dev.kompaktdesign.hu\/hodszolar.hu\/#\/schema\/person\/a788af940a3d6b2829396312340dd08c\"},\"headline\":\"J\u00f6het az \u00e1tt\u00f6r\u00e9s: \u00e9rkezhetnek a lebeg\u0151 napelemek Magyarorsz\u00e1gra\",\"datePublished\":\"2022-01-19T08:42:46+00:00\",\"dateModified\":\"2022-01-19T08:42:47+00:00\",\"mainEntityOfPage\":{\"@id\":\"https:\/\/dev.kompaktdesign.hu\/hodszolar.hu\/2022\/01\/19\/johet-az-attores-erkezhetnek-a-lebego-napelemek-magyarorszagra\/\"},\"wordCount\":827,\"commentCount\":0,\"publisher\":{\"@id\":\"https:\/\/dev.kompaktdesign.hu\/hodszolar.hu\/#organization\"},\"articleSection\":[\"Egy\u00e9b kateg\u00f3ria\"],\"inLanguage\":\"hu\",\"potentialAction\":[{\"@type\":\"CommentAction\",\"name\":\"Comment\",\"target\":[\"https:\/\/dev.kompaktdesign.hu\/hodszolar.hu\/2022\/01\/19\/johet-az-attores-erkezhetnek-a-lebego-napelemek-magyarorszagra\/#respond\"]}]},{\"@type\":\"WebPage\",\"@id\":\"https:\/\/dev.kompaktdesign.hu\/hodszolar.hu\/2022\/01\/19\/johet-az-attores-erkezhetnek-a-lebego-napelemek-magyarorszagra\/\",\"url\":\"https:\/\/dev.kompaktdesign.hu\/hodszolar.hu\/2022\/01\/19\/johet-az-attores-erkezhetnek-a-lebego-napelemek-magyarorszagra\/\",\"name\":\"J\u00f6het az \u00e1tt\u00f6r\u00e9s: \u00e9rkezhetnek a lebeg\u0151 napelemek Magyarorsz\u00e1gra | H\u00f3dszol\u00e1r\",\"isPartOf\":{\"@id\":\"https:\/\/dev.kompaktdesign.hu\/hodszolar.hu\/#website\"},\"datePublished\":\"2022-01-19T08:42:46+00:00\",\"dateModified\":\"2022-01-19T08:42:47+00:00\",\"breadcrumb\":{\"@id\":\"https:\/\/dev.kompaktdesign.hu\/hodszolar.hu\/2022\/01\/19\/johet-az-attores-erkezhetnek-a-lebego-napelemek-magyarorszagra\/#breadcrumb\"},\"inLanguage\":\"hu\",\"potentialAction\":[{\"@type\":\"ReadAction\",\"target\":[\"https:\/\/dev.kompaktdesign.hu\/hodszolar.hu\/2022\/01\/19\/johet-az-attores-erkezhetnek-a-lebego-napelemek-magyarorszagra\/\"]}]},{\"@type\":\"BreadcrumbList\",\"@id\":\"https:\/\/dev.kompaktdesign.hu\/hodszolar.hu\/2022\/01\/19\/johet-az-attores-erkezhetnek-a-lebego-napelemek-magyarorszagra\/#breadcrumb\",\"itemListElement\":[{\"@type\":\"ListItem\",\"position\":1,\"name\":\"Kezd\u0151lap\",\"item\":\"https:\/\/dev.kompaktdesign.hu\/hodszolar.hu\/\"},{\"@type\":\"ListItem\",\"position\":2,\"name\":\"J\u00f6het az \u00e1tt\u00f6r\u00e9s: \u00e9rkezhetnek a lebeg\u0151 napelemek Magyarorsz\u00e1gra\"}]},{\"@type\":\"WebSite\",\"@id\":\"https:\/\/dev.kompaktdesign.hu\/hodszolar.hu\/#website\",\"url\":\"https:\/\/dev.kompaktdesign.hu\/hodszolar.hu\/\",\"name\":\"H\u00f3dszol\u00e1r\",\"description\":\"A v\u00e1s\u00e1rhelyi napelemes\",\"publisher\":{\"@id\":\"https:\/\/dev.kompaktdesign.hu\/hodszolar.hu\/#organization\"},\"potentialAction\":[{\"@type\":\"SearchAction\",\"target\":{\"@type\":\"EntryPoint\",\"urlTemplate\":\"https:\/\/dev.kompaktdesign.hu\/hodszolar.hu\/?s={search_term_string}\"},\"query-input\":\"required name=search_term_string\"}],\"inLanguage\":\"hu\"},{\"@type\":\"Organization\",\"@id\":\"https:\/\/dev.kompaktdesign.hu\/hodszolar.hu\/#organization\",\"name\":\"H\u00f3dszol\u00e1r Kft.\",\"url\":\"https:\/\/dev.kompaktdesign.hu\/hodszolar.hu\/\",\"sameAs\":[\"https:\/\/www.facebook.com\/hodszolar\"],\"logo\":{\"@type\":\"ImageObject\",\"inLanguage\":\"hu\",\"@id\":\"https:\/\/dev.kompaktdesign.hu\/hodszolar.hu\/#\/schema\/logo\/image\/\",\"url\":\"https:\/\/dev.kompaktdesign.hu\/hodszolar.hu\/wp-content\/uploads\/2021\/05\/fvicon.png\",\"contentUrl\":\"https:\/\/dev.kompaktdesign.hu\/hodszolar.hu\/wp-content\/uploads\/2021\/05\/fvicon.png\",\"width\":132,\"height\":132,\"caption\":\"H\u00f3dszol\u00e1r Kft.\"},\"image\":{\"@id\":\"https:\/\/dev.kompaktdesign.hu\/hodszolar.hu\/#\/schema\/logo\/image\/\"}},{\"@type\":\"Person\",\"@id\":\"https:\/\/dev.kompaktdesign.hu\/hodszolar.hu\/#\/schema\/person\/a788af940a3d6b2829396312340dd08c\",\"name\":\"H\u00f3dszol\u00e1r Kft.\",\"image\":{\"@type\":\"ImageObject\",\"inLanguage\":\"hu\",\"@id\":\"https:\/\/dev.kompaktdesign.hu\/hodszolar.hu\/#\/schema\/person\/image\/\",\"url\":\"https:\/\/secure.gravatar.com\/avatar\/38df000db6f2e93b7f0ccccf7714392424ca033738d34dfe71f19fdb70329830?s=96&d=mm&r=g\",\"contentUrl\":\"https:\/\/secure.gravatar.com\/avatar\/38df000db6f2e93b7f0ccccf7714392424ca033738d34dfe71f19fdb70329830?s=96&d=mm&r=g\",\"caption\":\"H\u00f3dszol\u00e1r Kft.\"},\"url\":\"https:\/\/dev.kompaktdesign.hu\/hodszolar.hu\/author\/hodszolar\/\"}]}<\/script>\n<!-- \/ Yoast SEO plugin. -->","yoast_head_json":{"title":"J\u00f6het az \u00e1tt\u00f6r\u00e9s: \u00e9rkezhetnek a lebeg\u0151 napelemek Magyarorsz\u00e1gra | H\u00f3dszol\u00e1r","robots":{"index":"noindex","follow":"follow","max-snippet":"max-snippet:-1","max-image-preview":"max-image-preview:large","max-video-preview":"max-video-preview:-1"},"og_locale":"hu_HU","og_type":"article","og_title":"J\u00f6het az \u00e1tt\u00f6r\u00e9s: \u00e9rkezhetnek a lebeg\u0151 napelemek Magyarorsz\u00e1gra | H\u00f3dszol\u00e1r","og_description":"T\u00f6bb sz\u00e1zezer hekt\u00e1rnyi v\u00edzfel\u00fclet kihaszn\u00e1latlan Magyarorsz\u00e1gon napenergia-termel\u00e9si szempontb\u00f3l, mik\u00f6zben \u00fasz\u00f3 napelemes szigetekkel hekt\u00e1ronk\u00e9nt, \u00e9vente ak\u00e1r m\u00e1sf\u00e9l milli\u00f3 kilowatt\u00f3ra (kWh) is megtermelhet\u0151 lenne. Erre jutott a holland v\u00edzgazd\u00e1lkod\u00e1si ter\u00fcletr\u0151l indult, ma m\u00e1r a nemzetk\u00f6zi porondon is m\u00e9ly\u00e9p\u00edt\u00e9ssel \u00e9s innovat\u00edv \u00e9p\u00fcletg\u00e9p\u00e9szettel is foglalkoz\u00f3 Wavin k\u00f6zlem\u00e9nye. Az Orsz\u00e1gos V\u00edz\u00fcgyi F\u0151igazgat\u00f3s\u00e1g adatai szerint haz\u00e1nkban t\u00f6bb sz\u00e1zezer hekt\u00e1r mesters\u00e9ges v\u00edzfel\u00fclet [&hellip;]","og_url":"https:\/\/dev.kompaktdesign.hu\/hodszolar.hu\/2022\/01\/19\/johet-az-attores-erkezhetnek-a-lebego-napelemek-magyarorszagra\/","og_site_name":"H\u00f3dszol\u00e1r","article_publisher":"https:\/\/www.facebook.com\/hodszolar","article_published_time":"2022-01-19T08:42:46+00:00","article_modified_time":"2022-01-19T08:42:47+00:00","og_image":[{"width":1024,"height":613,"url":"https:\/\/dev.kompaktdesign.hu\/hodszolar.hu\/wp-content\/uploads\/2022\/01\/napelem.jpg","type":"image\/jpeg"}],"author":"H\u00f3dszol\u00e1r Kft.","twitter_card":"summary_large_image","twitter_misc":{"Szerz\u0151:":"H\u00f3dszol\u00e1r Kft.","Becs\u00fclt olvas\u00e1si id\u0151":"3 perc"},"schema":{"@context":"https:\/\/schema.org","@graph":[{"@type":"Article","@id":"https:\/\/dev.kompaktdesign.hu\/hodszolar.hu\/2022\/01\/19\/johet-az-attores-erkezhetnek-a-lebego-napelemek-magyarorszagra\/#article","isPartOf":{"@id":"https:\/\/dev.kompaktdesign.hu\/hodszolar.hu\/2022\/01\/19\/johet-az-attores-erkezhetnek-a-lebego-napelemek-magyarorszagra\/"},"author":{"name":"H\u00f3dszol\u00e1r Kft.","@id":"https:\/\/dev.kompaktdesign.hu\/hodszolar.hu\/#\/schema\/person\/a788af940a3d6b2829396312340dd08c"},"headline":"J\u00f6het az \u00e1tt\u00f6r\u00e9s: \u00e9rkezhetnek a lebeg\u0151 napelemek Magyarorsz\u00e1gra","datePublished":"2022-01-19T08:42:46+00:00","dateModified":"2022-01-19T08:42:47+00:00","mainEntityOfPage":{"@id":"https:\/\/dev.kompaktdesign.hu\/hodszolar.hu\/2022\/01\/19\/johet-az-attores-erkezhetnek-a-lebego-napelemek-magyarorszagra\/"},"wordCount":827,"commentCount":0,"publisher":{"@id":"https:\/\/dev.kompaktdesign.hu\/hodszolar.hu\/#organization"},"articleSection":["Egy\u00e9b kateg\u00f3ria"],"inLanguage":"hu","potentialAction":[{"@type":"CommentAction","name":"Comment","target":["https:\/\/dev.kompaktdesign.hu\/hodszolar.hu\/2022\/01\/19\/johet-az-attores-erkezhetnek-a-lebego-napelemek-magyarorszagra\/#respond"]}]},{"@type":"WebPage","@id":"https:\/\/dev.kompaktdesign.hu\/hodszolar.hu\/2022\/01\/19\/johet-az-attores-erkezhetnek-a-lebego-napelemek-magyarorszagra\/","url":"https:\/\/dev.kompaktdesign.hu\/hodszolar.hu\/2022\/01\/19\/johet-az-attores-erkezhetnek-a-lebego-napelemek-magyarorszagra\/","name":"J\u00f6het az \u00e1tt\u00f6r\u00e9s: \u00e9rkezhetnek a lebeg\u0151 napelemek Magyarorsz\u00e1gra | H\u00f3dszol\u00e1r","isPartOf":{"@id":"https:\/\/dev.kompaktdesign.hu\/hodszolar.hu\/#website"},"datePublished":"2022-01-19T08:42:46+00:00","dateModified":"2022-01-19T08:42:47+00:00","breadcrumb":{"@id":"https:\/\/dev.kompaktdesign.hu\/hodszolar.hu\/2022\/01\/19\/johet-az-attores-erkezhetnek-a-lebego-napelemek-magyarorszagra\/#breadcrumb"},"inLanguage":"hu","potentialAction":[{"@type":"ReadAction","target":["https:\/\/dev.kompaktdesign.hu\/hodszolar.hu\/2022\/01\/19\/johet-az-attores-erkezhetnek-a-lebego-napelemek-magyarorszagra\/"]}]},{"@type":"BreadcrumbList","@id":"https:\/\/dev.kompaktdesign.hu\/hodszolar.hu\/2022\/01\/19\/johet-az-attores-erkezhetnek-a-lebego-napelemek-magyarorszagra\/#breadcrumb","itemListElement":[{"@type":"ListItem","position":1,"name":"Kezd\u0151lap","item":"https:\/\/dev.kompaktdesign.hu\/hodszolar.hu\/"},{"@type":"ListItem","position":2,"name":"J\u00f6het az \u00e1tt\u00f6r\u00e9s: \u00e9rkezhetnek a lebeg\u0151 napelemek Magyarorsz\u00e1gra"}]},{"@type":"WebSite","@id":"https:\/\/dev.kompaktdesign.hu\/hodszolar.hu\/#website","url":"https:\/\/dev.kompaktdesign.hu\/hodszolar.hu\/","name":"H\u00f3dszol\u00e1r","description":"A v\u00e1s\u00e1rhelyi napelemes","publisher":{"@id":"https:\/\/dev.kompaktdesign.hu\/hodszolar.hu\/#organization"},"potentialAction":[{"@type":"SearchAction","target":{"@type":"EntryPoint","urlTemplate":"https:\/\/dev.kompaktdesign.hu\/hodszolar.hu\/?s={search_term_string}"},"query-input":"required name=search_term_string"}],"inLanguage":"hu"},{"@type":"Organization","@id":"https:\/\/dev.kompaktdesign.hu\/hodszolar.hu\/#organization","name":"H\u00f3dszol\u00e1r Kft.","url":"https:\/\/dev.kompaktdesign.hu\/hodszolar.hu\/","sameAs":["https:\/\/www.facebook.com\/hodszolar"],"logo":{"@type":"ImageObject","inLanguage":"hu","@id":"https:\/\/dev.kompaktdesign.hu\/hodszolar.hu\/#\/schema\/logo\/image\/","url":"https:\/\/dev.kompaktdesign.hu\/hodszolar.hu\/wp-content\/uploads\/2021\/05\/fvicon.png","contentUrl":"https:\/\/dev.kompaktdesign.hu\/hodszolar.hu\/wp-content\/uploads\/2021\/05\/fvicon.png","width":132,"height":132,"caption":"H\u00f3dszol\u00e1r Kft."},"image":{"@id":"https:\/\/dev.kompaktdesign.hu\/hodszolar.hu\/#\/schema\/logo\/image\/"}},{"@type":"Person","@id":"https:\/\/dev.kompaktdesign.hu\/hodszolar.hu\/#\/schema\/person\/a788af940a3d6b2829396312340dd08c","name":"H\u00f3dszol\u00e1r Kft.","image":{"@type":"ImageObject","inLanguage":"hu","@id":"https:\/\/dev.kompaktdesign.hu\/hodszolar.hu\/#\/schema\/person\/image\/","url":"https:\/\/secure.gravatar.com\/avatar\/38df000db6f2e93b7f0ccccf7714392424ca033738d34dfe71f19fdb70329830?s=96&d=mm&r=g","contentUrl":"https:\/\/secure.gravatar.com\/avatar\/38df000db6f2e93b7f0ccccf7714392424ca033738d34dfe71f19fdb70329830?s=96&d=mm&r=g","caption":"H\u00f3dszol\u00e1r Kft."},"url":"https:\/\/dev.kompaktdesign.hu\/hodszolar.hu\/author\/hodszolar\/"}]}},"_links":{"self":[{"href":"https:\/\/dev.kompaktdesign.hu\/hodszolar.hu\/wp-json\/wp\/v2\/posts\/835","targetHints":{"allow":["GET"]}}],"collection":[{"href":"https:\/\/dev.kompaktdesign.hu\/hodszolar.hu\/wp-json\/wp\/v2\/posts"}],"about":[{"href":"https:\/\/dev.kompaktdesign.hu\/hodszolar.hu\/wp-json\/wp\/v2\/types\/post"}],"author":[{"embeddable":true,"href":"https:\/\/dev.kompaktdesign.hu\/hodszolar.hu\/wp-json\/wp\/v2\/users\/3"}],"replies":[{"embeddable":true,"href":"https:\/\/dev.kompaktdesign.hu\/hodszolar.hu\/wp-json\/wp\/v2\/comments?post=835"}],"version-history":[{"count":1,"href":"https:\/\/dev.kompaktdesign.hu\/hodszolar.hu\/wp-json\/wp\/v2\/posts\/835\/revisions"}],"predecessor-version":[{"id":837,"href":"https:\/\/dev.kompaktdesign.hu\/hodszolar.hu\/wp-json\/wp\/v2\/posts\/835\/revisions\/837"}],"wp:featuredmedia":[{"embeddable":true,"href":"https:\/\/dev.kompaktdesign.hu\/hodszolar.hu\/wp-json\/wp\/v2\/media\/836"}],"wp:attachment":[{"href":"https:\/\/dev.kompaktdesign.hu\/hodszolar.hu\/wp-json\/wp\/v2\/media?parent=835"}],"wp:term":[{"taxonomy":"category","embeddable":true,"href":"https:\/\/dev.kompaktdesign.hu\/hodszolar.hu\/wp-json\/wp\/v2\/categories?post=835"},{"taxonomy":"post_tag","embeddable":true,"href":"https:\/\/dev.kompaktdesign.hu\/hodszolar.hu\/wp-json\/wp\/v2\/tags?post=835"}],"curies":[{"name":"wp","href":"https:\/\/api.w.org\/{rel}","templated":true}]}}