{"id":843,"date":"2022-02-23T09:23:08","date_gmt":"2022-02-23T09:23:08","guid":{"rendered":"https:\/\/hodszolar.hu\/?p=843"},"modified":"2022-02-23T09:23:09","modified_gmt":"2022-02-23T09:23:09","slug":"futes-tipusai-1-resz","status":"publish","type":"post","link":"https:\/\/dev.kompaktdesign.hu\/hodszolar.hu\/2022\/02\/23\/futes-tipusai-1-resz\/","title":{"rendered":"F\u0171t\u00e9s t\u00edpusai - 1. r\u00e9sz"},"content":{"rendered":"\n<p>Gyakran visszat\u00e9r\u0151 k\u00e9rd\u00e9s egy \u00faj csal\u00e1di h\u00e1z \u00e9p\u00edt\u00e9sekor, hogy milyen f\u0171t\u00e9si rendszer a legjobb? Els\u0151re kijelenthet\u0151, hogy erre nincs egy\u00e9rtelm\u0171 v\u00e1lasz. T\u00f6bb egyedi k\u00f6r\u00fclm\u00e9nyt\u0151l f\u00fcgghet, egyr\u00e9szt az \u00e9p\u00fclettel, m\u00e1sr\u00e9szt a felhaszn\u00e1l\u00f3val kapcsolatban.<\/p>\n\n\n\n<p>Az \u00e9p\u00fclettel kapcsolatosan fontos, hogy f\u00f6ldrajzilag hol helyezkedik el, milyen a t\u00e1jol\u00e1sa, h\u0151szigetel\u00e9se, m\u00e9rete, belmagass\u00e1ga, szintek sz\u00e1ma \u00e9s jellege. Valamint fontos, hogy a felhaszn\u00e1l\u00f3nak milyen a komfort ig\u00e9nye, h\u0151ig\u00e9nye, h\u0151t\u0171r\u0151 k\u00e9pess\u00e9ge, vannak-e speci\u00e1lis vez\u00e9rl\u00e9si ig\u00e9nyei, elv\u00e1r\u00e1sai, mennyire fontos sz\u00e1m\u00e1ra a k\u00f6rnyezet v\u00e9delme, milyen fok\u00fa relev\u00e1ns ismeretekkel rendelkezik, ragaszkodik-e a j\u00f3l ismert m\u00e1rk\u00e1k \u00e1ltal gy\u00e1rtott term\u00e9kekhez vagy kev\u00e9sb\u00e9 ismert, esetleg \u201enoname\u201d term\u00e9kekt\u0151l sem z\u00e1rk\u00f3zik el \u00e9s nem utols\u00f3 sorban, erre mennyi anyagi forr\u00e1st tud \u00e1ldozni.<\/p>\n\n\n\n<p>Az otthonunkban tal\u00e1lhat\u00f3 f\u0171t\u00e9s els\u0151dleges c\u00e9lja a sz\u00e1munkra megfelel\u0151 h\u0151m\u00e9rs\u00e9klet biztos\u00edt\u00e1sa a f\u0171t\u00e9si id\u0151szakban. A f\u0171t\u0151test \u00e1ltal el\u0151\u00e1ll\u00edtott h\u0151energi\u00e1t a helyis\u00e9gekben konvekci\u00f3val, sug\u00e1rz\u00e1ssal \u00e9s h\u0151vezet\u00e9ssel adja \u00e1t \u00fagy, hogy k\u00f6zben a helyis\u00e9gben tart\u00f3zkod\u00f3knak kellemes h\u0151\u00e9rzetet biztos\u00edt.<\/p>\n\n\n\n<p>Ezen fel\u00fcl a f\u0171t\u00e9si rendszer m\u00e1s feladatokat is ell\u00e1t. T\u00f6bbek k\u00f6z\u00f6tt meg\u00f3vja az otthonunkat a k\u00fcl\u00f6nb\u00f6z\u0151 k\u00f6rnyezeti hat\u00e1sokt\u00f3l \u00e9s seg\u00edt annak \u00e1llag\u00e1t meg\u0151rizni.<\/p>\n\n\n\n<p>A legt\u00f6bb lak\u00e1s tulajdonos, mint sok mindenben, \u00edgy a f\u0171t\u00e9s eset\u00e9ben is szeret az egyszer\u0171s\u00e9gre t\u00f6rekedni. F\u0171t\u00e9si szezon kezdetekor bekapcsolja a f\u0171t\u00e9st, be\u00e1ll\u00edtja a termoszt\u00e1tot a sz\u00e1m\u00e1ra ide\u00e1lis h\u0151fokra \u00e9s \u00e9lvezi az otthona kellemes meleg\u00e9t. Mivel senki sem szeret f\u00e1zni vagy azt m\u00e9rlegelni, hogy mire lesz el\u00e9g meleg v\u00edz, \u00edgy \u00e9rdemes j\u00f3l megtervezni \u00e9s kialak\u00edtani f\u0171t\u00e9si rendszer\u00fcnket. Sok kellemetlens\u00e9gt\u0151l meg\u00f3vhatjuk \u00edgy magunkat a k\u00e9s\u0151bbiekben, k\u00fcl\u00f6n\u00f6sen, ha gyermekek is \u00e9lnek a h\u00e1ztart\u00e1sban. El\u00e9g nagy fejt\u00f6r\u00e9st okozhat p\u00e9ld\u00e1ul t\u00e9len, ha olyan f\u0171t\u00e9si rendszert v\u00e1lasztunk, amely ak\u00e1r egy elem\u00e9nek a meghib\u00e1sod\u00e1sa is \u201esz\u00fcnetelteti\u201d f\u0171t\u00e9s\u00fcnket, ak\u00e1r hetekig, mert nem egyszer\u0171 hozz\u00e1 alkatr\u00e9szt kapni, nem egyszer\u0171 szerel\u0151t tal\u00e1lni stb. Ez az eset k\u00fcl\u00f6n\u00f6sen probl\u00e9m\u00e1s, ha a f\u0171t\u00e9s \u00e9s a melegv\u00edz is egy h\u0151termel\u0151r\u0151l m\u0171k\u00f6dik.<\/p>\n\n\n\n<p>Az \u0151st\u00f6rt\u00e9netben az otthon f\u0171t\u00e9se egyszer\u0171, ugyanakkor nagyon munkaig\u00e9nyes \u00e9s piszkos m\u0171velet volt. A kutat\u00f3k bizony\u00edt\u00e9kot tal\u00e1ltak arra vonatkoz\u00f3an, hogy az ember t\u00f6bb, mint egy milli\u00f3 \u00e9ve haszn\u00e1lja a t\u00fczet f\u0171t\u00e9sre \u00e9s f\u0151z\u00e9sre. A f\u0171t\u00e9s t\u00f6rt\u00e9nelm\u00e9ben \u00fajabb fordulatot jelentett Benjamin Franklin tal\u00e1lm\u00e1nya, a Franklin-k\u00e1lyha, amely egy szemb\u0151l nyitott, \u00f6nt\u00f6tt vask\u00e1lyha volt. A bels\u0151 terel\u0151lapok kialak\u00edt\u00e1s\u00e1val a k\u00e1lyha bels\u0151 tereibe terelte a forr\u00f3 f\u00fcst\u00f6t, ezzel n\u00f6velve a f\u0171t\u00e9s hat\u00e1sfok\u00e1t \u00e9s biztons\u00e1gosabb\u00e1 t\u00e9ve az otthonok f\u0171t\u00e9s\u00e9t. Az id\u0151 el\u0151rehaladt\u00e1val az emberek fokozatosan \u00e1tt\u00e9rtek a kandall\u00f3kr\u00f3l a k\u00e1lyh\u00e1kra. A f\u0151 t\u00fczel\u0151anyag a fa volt, amelyhez viszonylag k\u00f6nnyen hozz\u00e1 lehetett jutni. Az 1800-as \u00e9vekben a sz\u00e9n lett az els\u0151dleges t\u00fczel\u0151anyag forr\u00e1s, majd az olaj, amit hamarosan a g\u00e1z v\u00e1ltott le.<\/p>\n\n\n\n<p>A XXI. sz\u00e1zad h\u00e1z tulajdonosai szinte korl\u00e1tlan f\u0171t\u00e9si lehet\u0151s\u00e9g k\u00f6z\u00fcl tudnak v\u00e1lasztani az ig\u00e9nyeiknek megfelel\u0151en. Ugyan\u00fagy el\u00e9rhet\u0151 a f\u00e1val, g\u00e1zzal val\u00f3 f\u0171t\u00e9s is, mint a villanyf\u0171t\u00e9s vagy napelemes \u00e9s h\u0151szivatty\u00fas f\u0171t\u00e9si rendszerek is. Napjaink intelligens vez\u00e9rl\u00e9ses rendszerei gondoskodnak arr\u00f3l, hogy a f\u0171t\u00e9s a lehet\u0151 legoptim\u00e1lisabb \u00e9s energiatakar\u00e9kosabb legyen sz\u00e1munkra.<\/p>\n\n\n\n<p>A f\u0171t\u00e9si rendszerek \u00e1ltal\u00e1ban h\u0151termel\u0151, h\u0151sz\u00e1ll\u00edt\u00f3 \u00e9s h\u0151lead\u00f3 r\u00e9szb\u0151l \u00e1llnak.<\/p>\n\n\n\n<p><strong>H\u0151lead\u00e1s fajt\u00e1i<\/strong><\/p>\n\n\n\n<p>Az emberek szempontj\u00e1b\u00f3l a f\u0171t\u00e9s \u00e9lvezeti r\u00e9sz\u00e9t a h\u0151lead\u00f3 egys\u00e9gek adj\u00e1k \u00e9s rajtuk kereszt\u00fcl ker\u00fcl\u00fcnk k\u00f6zvetlen kapcsolatba a meleggel. \u00c9rdemes megn\u00e9zn\u00fcnk, hogy ezek a h\u0151lead\u00f3 egys\u00e9gek milyen m\u00f3don k\u00e9pesek leadni a meleget, hiszen komfort szempontb\u00f3l ez is fontos lehet!<\/p>\n\n\n\n<figure class=\"wp-block-image size-full is-resized\"><img loading=\"lazy\" decoding=\"async\" src=\"https:\/\/dev.kompaktdesign.hu\/hodszolar.hu\/wp-content\/uploads\/2022\/02\/image.jpeg\" alt=\"\" class=\"wp-image-844\" width=\"373\" height=\"217\"\/><\/figure>\n\n\n\n<p><strong>1. Konvekci\u00f3 (h\u0151\u00e1raml\u00e1s)<\/strong><\/p>\n\n\n\n<p>Konvekci\u00f3s \u00e1raml\u00e1s alatt a f\u0171t\u0151testben l\u00e9v\u0151 folyad\u00e9k h\u0151t felvev\u0151 r\u00e9szecsk\u00e9inek \u00e1raml\u00e1s\u00e1t \u00e9rtj\u00fck. H\u0151\u00e1raml\u00e1s sor\u00e1n az anyag elmozdul a melegebb tartom\u00e1nyb\u00f3l a hidegebb ter\u00fclet fel\u00e9. Az \u00e1raml\u00e1st nem k\u00fcls\u0151 er\u0151 (ventil\u00e1tor, szivatty\u00fa) hozza l\u00e9tre, hanem a folyad\u00e9k k\u00fcl\u00f6nb\u00f6z\u0151 h\u0151m\u00e9rs\u00e9klet\u0171 r\u00e9szecsk\u00e9inek tal\u00e1lkoz\u00e1sa. Ebben az estben a leveg\u0151t meleg\u00edtj\u00fck fel, ami \u00e1tadja a h\u0151t a helyis\u00e9gben tal\u00e1lhat\u00f3 t\u00e1rgyaknak, b\u00fatoroknak.<\/p>\n\n\n\n<p><strong>2. Sug\u00e1rz\u00e1s (h\u0151sug\u00e1rz\u00e1s)<\/strong><\/p>\n\n\n\n<p>A h\u0151sug\u00e1rz\u00e1s sor\u00e1n a meleg testek elektrom\u00e1gneses hull\u00e1m form\u00e1j\u00e1ban energi\u00e1t sug\u00e1roznak ki, amelyet a hidegebb testek r\u00e9szben, illetve teljesen elnyelnek \u00e9s ezzel egy\u00fctt fel is melegednek. Ebben az esetben a leveg\u0151t nem, csak k\u00f6zvetlen\u00fcl az embereket (szerves anyagokat) meleg\u00edtj\u00fck fel.<\/p>\n\n\n\n<p>Miel\u0151tt r\u00e9szletezn\u00e9nk a f\u0171t\u00e9si t\u00edpusokat, szint\u00e9n fontos figyelembe venni, hogy a haszn\u00e1lati melegv\u00edz el\u0151\u00e1ll\u00edt\u00e1s\u00e1t hogyan tervezz\u00fck, ugyanis annak kombin\u00e1ci\u00f3ja a f\u0171t\u00e9ssel sz\u00e1mos el\u0151nnyel \u00e9s h\u00e1tr\u00e1nnyal is j\u00e1rhat. A kor\u00e1bban eml\u00edtett meghib\u00e1sod\u00e1s lehet\u0151s\u00e9ge p\u00e9ld\u00e1ul sokkal probl\u00e9m\u00e1sabb, ha a f\u0171t\u00e9s \u00e9s a melegv\u00edz el\u0151\u00e1ll\u00edt\u00e1sa \u00f6sszef\u00fcgg\u00e9sben \u00e1ll. Azonban sokkal egyszer\u0171bb \u00e9s k\u00f6lts\u00e9ghat\u00e9konyabb lehet azok komplex megval\u00f3s\u00edt\u00e1sa. \u00cdgy teh\u00e1t ez is egy olyan szempont, amit mindenk\u00e9pp \u00e9rdemes szem\u00e9lyreszabottan, a helysz\u00edni k\u00f6r\u00fclm\u00e9nyek \u00e9s a felhaszn\u00e1l\u00f3 ig\u00e9nyei f\u00fcggv\u00e9ny\u00e9ben figyelembe venni!<\/p>\n\n\n\n<p><strong>F\u0170T\u00c9S T\u00cdPUSAI<\/strong><\/p>\n\n\n\n<p><strong>1. Konvektoros f\u0171t\u00e9s<\/strong><\/p>\n\n\n\n<p>Magyarorsz\u00e1gon a szak\u00e9rt\u0151k szerint nagyj\u00e1b\u00f3l 3 000 000 konvektor k\u00e9sz\u00fcl\u00e9k tal\u00e1lhat\u00f3. Nem k\u00e9rd\u00e9s, hogy a g\u00e1zkaz\u00e1n mellett a konvektor a legn\u00e9pszer\u0171bb. A konvektor g\u00e1zzal m\u0171k\u00f6dik, a g\u00e1zkaz\u00e1nnal ellent\u00e9tben itt nem egy k\u00e9sz\u00fcl\u00e9k l\u00e1tja el az eg\u00e9sz h\u00e1zat, hanem minden helyis\u00e9gben az ott l\u00e9v\u0151 konvektor f\u0171t. Itt is a g\u00e1z el\u00e9get\u00e9s\u00e9vel t\u00f6rt\u00e9nik meg a f\u0171t\u00e9s.<\/p>\n\n\n\n<p>A konvektor lehet k\u00e9m\u00e9nyes \u00e9s parapetes. Ma m\u00e1r ink\u00e1bb csak parapetes k\u00e9sz\u00fcl\u00e9kek vannak, mivel ezek a k\u00fclt\u00e9rr\u0151l szerzik be az \u00e9g\u00e9shez sz\u00fcks\u00e9ges oxig\u00e9nt, \u00edgy sokkal biztons\u00e1gosabbak. A konvektorokn\u00e1l nagyon fontos, hogy legyen \u00e9vente egy karbantart\u00e1s, amikor a szerel\u0151 kitiszt\u00edtja \u00e9s \u00e1tvizsg\u00e1lja a k\u00e9sz\u00fcl\u00e9ket.<\/p>\n\n\n\n<figure class=\"wp-block-image is-resized\"><img loading=\"lazy\" decoding=\"async\" src=\"https:\/\/www.vgfszaklap.hu\/images\/regi-konvektor.jpg\" alt=\"Mi lesz veled, konvektor-nagyhatalom?\" width=\"836\" height=\"437\"\/><\/figure>\n\n\n\n<p>Mint minden f\u0171t\u00e9snek, \u00fagy a konvektoros f\u0171t\u00e9snek is meg vannak a maga h\u00e1tr\u00e1nyai. A konvektoros f\u0171t\u00e9s ink\u00e1bb a kisebb h\u00e1zaknak j\u00f3 v\u00e1laszt\u00e1s. Ha egy nagy csal\u00e1di h\u00e1zr\u00f3l van sz\u00f3, akkor ott minimum 6-7 konvektornak kellene lennie. Ez nem csak, hogy k\u00e9sz\u00fcl\u00e9kek megv\u00e1s\u00e1rl\u00e1sa tekintet\u00e9ben nagyon sok, hanem gazdas\u00e1gtalan is.<\/p>\n\n\n\n<p>Minden k\u00e9sz\u00fcl\u00e9kben van g\u00e1z \u00e9get\u00e9s, \u00edgy ha m\u00e1r 6-7 konvektor m\u0171k\u00f6dik akkor sokkal t\u00f6bb g\u00e1z \u00e9g el, mintha a h\u00e1z f\u0171t\u00e9s\u00e9t egy k\u00f6zponti f\u0171t\u00e9s biztos\u00edtan\u00e1. H\u00e1tr\u00e1nya m\u00e9g, hogy a r\u00e9gi lemez radi\u00e1torok felmeleged\u00e9se sor\u00e1n pattog\u00e1s hallatszik, ahogy t\u00e1gul a lemez a h\u0151 hat\u00e1s\u00e1ra.<\/p>\n\n\n\n<p>A konvektorok eset\u00e9ben sokan f\u00e9lnek a sz\u00e9n-monoxid m\u00e9rgez\u00e9st\u0151l. Ez nem alaptalan, ugyanis a r\u00e9gebbi, k\u00e9m\u00e9nyes k\u00e9sz\u00fcl\u00e9kekn\u00e9l ez k\u00f6nnyen megeshet. Azonban fontos tiszt\u00e1zni, hogy a parapetes k\u00e9sz\u00fcl\u00e9kek m\u00e1r nem \u00e9rintkeznek a helyis\u00e9g leveg\u0151j\u00e9vel. Vagy a k\u00e9m\u00e9nyen kereszt\u00fcl, vagy egy cs\u00f6v\u00f6n kereszt\u00fcl, de t\u00e1vozik az \u00e9g\u00e9sterm\u00e9k, valamint a k\u00fclvil\u00e1gb\u00f3l szerzi meg az \u00e9g\u00e9shez sz\u00fcks\u00e9ges oxig\u00e9nt. A parapetes konvektornak nincsenek vesz\u00e9lyei, azonban ehhez mindenk\u00e9pp fontos, hogy \u00e9vente egyszer el legyen v\u00e9gezve egy karbantart\u00e1s.<\/p>\n\n\n\n<p>Ha g\u00e1zf\u0171t\u00e9sr\u0151l van sz\u00f3, akkor \u00f6r\u00f6k vita t\u00e9ma, hogy konvektor vagy g\u00e1zkaz\u00e1n. B\u00e1r sokaknak van konvektora, az\u00e9rt azt l\u00e1tni kell, hogy az id\u0151 elhaladt a konvektorok felett. Amikor a fat\u00fczel\u00e9s\u0171 f\u0171t\u00e9st lev\u00e1ltott\u00e1k konvektorra, akkor az egy nagy \u00faj\u00edt\u00e1s \u00e9s k\u00f6nnyebbs\u00e9g volt az embereknek. Azonban sok konvektor m\u00e1r nem tud l\u00e9p\u00e9st tartani p\u00e9ld\u00e1ul a kondenz\u00e1ci\u00f3s g\u00e1zkaz\u00e1nok adta lehet\u0151s\u00e9gekkel. Az \u00faj g\u00e1zkaz\u00e1nok biztons\u00e1gosak, hossz\u00fa \u00e9lettartam\u00faak, k\u00f6rnyezetbar\u00e1tok, keveset fogyasztanak, a kis lak\u00e1st\u00f3l a nagy csal\u00e1di h\u00e1zig ide\u00e1lisak.<\/p>\n\n\n\n<p>A konvektoros f\u0171t\u00e9s eset\u00e9ben \u00e1ltal\u00e1ban egy villanybojler vagy egy h\u0151t\u00e1rol\u00f3s (g\u00e1z alap\u00fa) bojler gondoskodik a haszn\u00e1lati melegv\u00edz el\u0151\u00e1ll\u00edt\u00e1s\u00e1r\u00f3l.<\/p>\n\n\n\n<p><strong>2. K\u00f6zponti f\u0171t\u00e9s (g\u00e1zkaz\u00e1nr\u00f3l)<\/strong><\/p>\n\n\n\n<p>Amikor egy k\u00f6zponti f\u0171t\u00e9srendszer m\u0171k\u00f6d\u00e9s\u00e9re gondolunk, akkor egy kaz\u00e1nra, folyamatosan \u00e1raml\u00f3 meleg v\u00edzre \u00e9s cs\u00f6vekre, radi\u00e1torokra, illetve padl\u00f3f\u0171t\u00e9sre gondolunk. A modern k\u00f6zponti f\u0171t\u00e9s eset\u00e9ben a h\u0151termel\u0151 egys\u00e9g lehet egy kondenz\u00e1ci\u00f3s g\u00e1zkaz\u00e1n vagy h\u0151szivatty\u00fas rendszer, azonban n\u00e9zz\u00fck el\u0151sz\u00f6r a g\u00e1z alap\u00fa megold\u00e1st! A g\u00e1zkaz\u00e1n feladata a f\u0171t\u00e9si melegv\u00edz el\u0151\u00e1ll\u00edt\u00e1sa, illetve annak folyamatos biztos\u00edt\u00e1sa, az \u00e1ltalunk megadott h\u0151m\u00e9rs\u00e9kleti szintnek megfelel\u0151en. A f\u0171t\u00e9srendszeren bel\u00fcl a h\u0151sz\u00e1ll\u00edt\u00f3k csoportj\u00e1ba tartoznak a vezet\u00e9kek, amelyek a h\u0151termel\u0151n\u00e9l indulnak \u00e9s sz\u00e1ll\u00edtj\u00e1k a f\u0171t\u00e9si melegvizet a h\u0151lead\u00f3 egys\u00e9gekhez, ami lehet radi\u00e1tor, padl\u00f3f\u0171t\u00e9s, falf\u0171t\u00e9s \u00e9s mennyezetf\u0171t\u00e9s vagy ezek kombin\u00e1ci\u00f3ja.<\/p>\n\n\n\n<figure class=\"wp-block-image\"><img decoding=\"async\" src=\"https:\/\/futesrevital.hu\/wp-content\/uploads\/futesszereles-1024x576-978x550.png\" alt=\"K\u00f6zponti f\u0171t\u00e9s szerel\u00e9s gyorsszolg\u00e1lat - futesrevital.hu\"\/><\/figure>\n\n\n\n<p>A kondenz\u00e1ci\u00f3s g\u00e1zkaz\u00e1n \u00faj telep\u00edt\u00e9s eset\u00e9n minimum 86%-os hat\u00e1sfokkal rendelkezik. A f\u0171t\u00e9sb\u0151l vissza\u00e9rkez\u0151 kih\u0171lt v\u00edz seg\u00edts\u00e9g\u00e9vel kinyeri az \u00e9g\u00e9sterm\u00e9k elvezet\u0151n t\u00e1voz\u00f3 \u00e9g\u00e9sterm\u00e9k h\u0151tartalm\u00e1nak j\u00f3 r\u00e9sz\u00e9t, \u00edgy alacsonyabb \u00e9g\u00e9sterm\u00e9ket enged\u00fcnk ki a k\u00e9m\u00e9nyen kereszt\u00fcl a szabadba. Azonban ennek alapvet\u0151 felt\u00e9tele, hogy alacsonyabb f\u0171t\u00e9si visszat\u00e9r\u0151 h\u0151m\u00e9rs\u00e9klet\u0171 f\u0171t\u0151v\u00edz t\u00e9rjen vissza a h\u0151lead\u00f3kt\u00f3l.<\/p>\n\n\n\n<p>F\u0171t\u00e9si rendszer tervez\u00e9sekor mindig felmer\u00fcl a k\u00e9rd\u00e9s, hogy radi\u00e1tor vagy padl\u00f3f\u0171t\u00e9s, esetleg mindkett\u0151 legyen az otthonunkban. A mai modern f\u0171t\u00e9si rendszerek eset\u00e9ben egy\u00e9rtelm\u0171en padl\u00f3f\u0171t\u00e9st \u00e9rdemes haszn\u00e1lni. Mind a radi\u00e1tor, mind a padl\u00f3f\u0171t\u00e9s alkalmazhat\u00f3 kondenz\u00e1ci\u00f3s g\u00e1zkaz\u00e1nnal vagy h\u0151szivatty\u00faval t\u00f6rt\u00e9n\u0151 f\u0171t\u00e9s eset\u00e9n is. Minden esetben a fel\u00fcletf\u0171t\u00e9s a megfelel\u0151 v\u00e1laszt\u00e1s, mert alacsony k\u00f6lts\u00e9gen, minim\u00e1lis karbantart\u00e1ssal, hasznos alapter\u00fclet felhaszn\u00e1l\u00e1sa n\u00e9lk\u00fcl ny\u00fajt maxim\u00e1lis komfort\u00e9rzetet. Ha erre nincs lehet\u0151s\u00e9g, akkor legal\u00e1bb t\u00f6rekedni kell arra, hogy megfelel\u0151en m\u00e9retezz\u00fck a radi\u00e1torokat az alacsonyabb visszat\u00e9r\u0151 h\u0151m\u00e9rs\u00e9klet \u00e9s v\u00e9gs\u0151 soron gazdas\u00e1gosabb f\u0171t\u00e9s miatt.<\/p>\n\n\n\n<p><em>Mi a padl\u00f3f\u0171t\u00e9s?<\/em><\/p>\n\n\n\n<p>A padl\u00f3f\u0171t\u00e9s m\u0171k\u00f6d\u00e9se \u00e9s fel\u00e9p\u00edt\u00e9se a f\u0171t\u00e9sek k\u00f6z\u00fcl a legegyszer\u0171bbnek is mondhat\u00f3. Az aljzatbetonba meleg vizet keringtet\u00fcnk egy szab\u00e1lyosan lefektetett cs\u0151h\u00e1l\u00f3zatban, ezzel \u00e1tmeleg\u00edtve a burkolatot \u00e9s vele egy\u00fctt az otthonunkat is. A padl\u00f3f\u0171t\u00e9s telep\u00edt\u00e9s\u00e9nek els\u0151 l\u00e9p\u00e9se az aljzat el\u0151k\u00e9sz\u00edt\u00e9se. K\u00f6vetkez\u0151 l\u00e9p\u00e9sben az oszt\u00f3-gy\u0171jt\u0151k \u00f6sszeszerel\u00e9s\u00e9t \u00e9s telep\u00edt\u00e9s\u00e9t v\u00e9gzi el a f\u0171t\u00e9sszerel\u0151. A cs\u00f6vek megfelel\u0151 leteker\u00e9se \u00e9s annak nyom\u00e1spr\u00f3b\u00e1ja ut\u00e1n j\u00f6het a burkol\u00e1s. Fontos megjegyezni, hogy padl\u00f3f\u0171t\u00e9st nem csak \u00faj \u00e9p\u00edt\u00e9s\u0171 lak\u00e1sba lehet telep\u00edteni, hanem fel\u00faj\u00edt\u00e1skor is, azonban ez nagyobb k\u00f6lts\u00e9ggel j\u00e1r a burkolat felszed\u00e9se \u00e9s a beton felv\u00e9s\u00e9se miatt (a cs\u00f6vekkel egy\u00fctt csak \u00edgy lehet a padl\u00f3 a kor\u00e1bbi magass\u00e1g\u00fa).<\/p>\n\n\n\n<figure class=\"wp-block-image\"><img decoding=\"async\" src=\"https:\/\/toronyep.hu\/wp-content\/uploads\/2020\/10\/padlofutes-2.jpg\" alt=\"Padl\u00f3f\u0171t\u00e9s \u2013 Torony \u00c9p\u00fcletg\u00e9p\u00e9szet\"\/><\/figure>\n\n\n\n<p>Padl\u00f3f\u0171t\u00e9s fel\u00e9p\u00edt\u00e9s\u00e9nek k\u00f6sz\u00f6nhet\u0151en magasabb komfort\u00e9rzetet biztos\u00edt, mint a t\u00f6bbi f\u0171t\u00e9s t\u00edpus. Mindez k\u00f6sz\u00f6nhet\u0151 annak, hogy a teljes padl\u00f3fel\u00fcleten kereszt\u00fcl t\u00f6rt\u00e9nik a f\u0171t\u00e9s \u00e9s ez\u00e9rt egyenletes h\u0151m\u00e9rs\u00e9klet eloszt\u00e1st biztos\u00edt az eg\u00e9sz lak\u00e1sban. A padl\u00f3f\u0171t\u00e9s alacsonyabb v\u00edzh\u0151m\u00e9rs\u00e9klettel m\u0171k\u00f6dik, \u00edgy kedvez\u0151bb \u00fczemeltet\u00e9si k\u00f6lts\u00e9get biztos\u00edt sz\u00e1munkra. A f\u0171t\u00e9si rendszerek k\u00f6z\u00fcl a padl\u00f3f\u0171t\u00e9s egy a szem el\u0151l rejtett f\u0171t\u00e9s t\u00edpus, ami nem veszi el t\u0151l\u00fcnk az \u00e9rt\u00e9kes helyet lak\u00e1sunkban. A radi\u00e1toros f\u0171t\u00e9ssel ellent\u00e9tben, a padl\u00f3 t\u00fal meleg \u00e9s sz\u00e1raz lesz ahhoz, hogy a poratk\u00e1k \u00e9s egy\u00e9b bakt\u00e9riumok meg tudjanak telepedni.<\/p>\n\n\n\n<p><em>Fal- \u00e9s mennyezetf\u0171t\u00e9s<\/em><\/p>\n\n\n\n<p>Hasonl\u00f3 elven m\u0171k\u00f6dik, mint a padl\u00f3f\u0171t\u00e9s, azonban alaposabb tervez\u00e9st ig\u00e9nyel, prec\u00edz technol\u00f3gi\u00e1t kell alkalmazni a telep\u00edt\u00e9sn\u00e9l, nagy mennyis\u00e9g\u0171 cs\u00f6vet kell letekerni, 5\u00b0C alatt nem aj\u00e1nlott a kivitelez\u00e9se, ez\u00e9rt a cs\u0151 anyagd\u00edja \u00e9s a munkad\u00edj is j\u00f3val dr\u00e1g\u00e1bb lesz. Azonban egy j\u00f3val nagyobb h\u0151\u00e1tad\u00e1si fel\u00fcletet nyer\u00fcnk, ami egyr\u00e9szt komfortosabb \u00e9rzetet kelt, mert nem lesz akkora h\u0151ingadoz\u00e1s, valamint sokkal gazdas\u00e1gosabb fenntart\u00e1si k\u00f6lts\u00e9get, mert a legmodernebb h\u0151termel\u0151k kifejezetten alacsony f\u0171t\u0151v\u00edz el\u0151\u00e1ll\u00edt\u00e1s\u00e1n\u00e1l m\u0171k\u00f6dnek j\u00f3 hat\u00e1sfokkal, ez\u00e1ltal gazdas\u00e1gosabban.<\/p>\n\n\n\n<figure class=\"wp-block-image\"><img decoding=\"async\" src=\"https:\/\/static.ezermester.hu\/Ezermester-print\/2019\/02\/felulet\/6.jpg\" alt=\"Fel\u00fcletf\u0171t\u00e9s \u00e9s -h\u0171t\u00e9s - Ezermester 2019\/2\"\/><\/figure>\n\n\n\n<p>Mindk\u00e9t rendszer egyar\u00e1nt haszn\u00e1lhat\u00f3 f\u0171t\u00e9sre \u00e9s h\u0171t\u00e9sre. A mennyezetf\u0171t\u00e9st egyenletes h\u0151eloszl\u00e1s \u00e9s nagyon j\u00f3 h\u0151\u00e9rzet jellemzi. Rugalmas alkalmaz\u00e1s: monolit betonf\u00f6d\u00e9mbe, vakolt mennyezetre vagy \u00e1lmennyezeti f\u00f6d\u00e9mn\u00e9l is szerelhet\u0151. Magas a hat\u00e9konys\u00e1ga \u00e9s optim\u00e1lis a helykihaszn\u00e1l\u00e1sa. A falf\u0171t\u00e9s eset\u00e9ben a h\u0151 egy r\u00e9szre felfel\u00e9 \u00e1ramlik. K\u00f6zepes a hat\u00e9konys\u00e1ga, melyhez k\u00f6zepes k\u00e9nyelmi szint t\u00e1rsul. Ac\u00e9l, gipszkarton szerkezetbe szerelhet\u0151 panelekkel vagy vakolt rendszerrel lehets\u00e9ges a telep\u00edt\u00e9se. Ebben az esetben azonban a falra nem lehet polcokat vagy szekr\u00e9nyeket szerelni.<\/p>\n\n\n\n<p><em>Radi\u00e1toros f\u0171t\u00e9s<\/em><\/p>\n\n\n\n<p>A radi\u00e1torok kivitelez\u00e9se gyorsabb, egyszer\u0171bb, olcs\u00f3bb, mint ha fel\u00fcletf\u0171t\u00e9st tervezn\u00e9nk. A radi\u00e1tor a k\u00f6rnyezet\u00e9nek konvekci\u00f3s h\u0151lead\u00e1s \u00fatj\u00e1n adja \u00e1t a h\u0151energi\u00e1t a k\u00f6rnyezet\u00e9nek. A f\u00e9m anyag\u00fa radi\u00e1tor a vele k\u00f6zvetlen \u00e9rintkez\u00e9sben l\u00e9v\u0151 leveg\u0151 r\u00e9szecsk\u00e9it meleg\u00edti fel. A felmeleg\u00edtett leveg\u0151 felsz\u00e1ll \u00e9s a felvett h\u0151t \u00e1tadja a helyis\u00e9g t\u00e1volabbi t\u00e1rgyaknak. A felsz\u00e1llt meleg leveg\u0151 hely\u00e9re pedig az alulr\u00f3l \u00e9rkez\u0151 hidegebb leveg\u0151 \u00e1ramlik \u00e9s \u00edgy egy leveg\u0151 kering\u00e9s indul el. A radi\u00e1torok k\u00f6zvetlen k\u00f6zel\u00e9ben l\u00e9v\u0151 ter\u00fcletek er\u0151sen f\u0171t\u00f6ttek, m\u00edg a helyis\u00e9gben t\u00e1volabbi ter\u00fcletek kev\u00e9sb\u00e9 vagy egy\u00e1ltal\u00e1n nem f\u0171t\u00f6ttek, ez\u00e9rt a komfort\u00e9rz\u00e9s alacsonyabb, az energiafogyaszt\u00e1s pedig magas.<\/p>\n\n\n\n<figure class=\"wp-block-image is-resized\"><img loading=\"lazy\" decoding=\"async\" src=\"https:\/\/epulet-gepeszet-budapest.hu\/temp\/349\/image_c101da53560a2dc10aec652d6f5b074a.sm.jpg\" alt=\"Radi\u00e1toros f\u0171t\u00e9s ki\u00e9p\u00edt\u00e9se | \u00c9p\u00fcletg\u00e9p\u00e9szet Budapest\" width=\"840\" height=\"437\"\/><\/figure>\n\n\n\n<p>A radi\u00e1tor egyik alap t\u00e9nyez\u0151je, amit a kiv\u00e1laszt\u00e1sn\u00e1l figyelembe kell venn\u00fcnk, az a teljes\u00edtm\u00e9ny. A radi\u00e1tor teljes\u00edtm\u00e9nye hat\u00e1rozza meg a h\u0151lead\u00e1s \u00e9rt\u00e9ket \u00e9s \u00edgy a teljes f\u0171t\u00e9si rendszer egyik legfontosabb param\u00e9tere is. Ebben az esetben is \u00e9rdemes arra \u00fcgyelni, hogy a radi\u00e1tor teljes\u00edtm\u00e9nye \u00e9s m\u00e9rete ne legyen kisebb vagy nagyobb a sz\u00fcks\u00e9gesn\u00e9l. A nagyobb radi\u00e1tor sem anyagilag, sem pedig hely kihaszn\u00e1l\u00e1s szempontj\u00e1b\u00f3l nem lesz megfelel\u0151 sz\u00e1munkra. Alacsony teljes\u00edtm\u00e9ny\u0171 radi\u00e1tor eset\u00e9ben pedig f\u00e1zni fogunk.<\/p>\n\n\n\n<p><strong>3. Vegyest\u00fczel\u00e9s\u0171 kaz\u00e1n<\/strong><\/p>\n\n\n\n<p>A vegyes t\u00fczel\u00e9s\u0171 kaz\u00e1n j\u00f3 v\u00e1laszt\u00e1s lehet olyan vid\u00e9ki h\u00e1zban, ahol saj\u00e1t vagy olcs\u00f3 f\u00e1val t\u00fczelhet\u00fcnk. A faelg\u00e1zos\u00edt\u00f3nak m\u00e1r sokkal ig\u00e9nyesebb \u00e9s extra alacsony nedvess\u00e9g\u0171 faanyagra van sz\u00fcks\u00e9ge a megfelel\u0151 m\u0171k\u00f6d\u00e9shez. Ezek a kaz\u00e1nok magas h\u0151m\u00e9rs\u00e9klet\u0171 f\u0171t\u00e9si vizet \u00e1ll\u00edtanak el\u0151, ami radi\u00e1toros h\u0151lead\u00f3khoz j\u00f3 p\u00e1ros\u00edt\u00e1s. Ha fel\u00fcletf\u0171t\u00e9shez is haszn\u00e1ljuk, akkor mindenk\u00e9ppen keverni kell a f\u0171t\u00e9si vizet a visszat\u00e9r\u0151 f\u0171t\u00e9si v\u00edzzel, azonban \u00edgy a hat\u00e1sfok cs\u00f6kkenni fog. Puffert\u00e1rol\u00f3 be\u00e9p\u00edt\u00e9se a h\u0151termel\u0151 \u00e9s a h\u0151lead\u00f3 k\u00f6z\u00e9 felt\u00e9tlen aj\u00e1nlott.<\/p>\n\n\n\n<figure class=\"wp-block-image\"><img decoding=\"async\" src=\"https:\/\/www.praktiker.hu\/_upload\/editor\/2019_cikkek\/epitkezes\/900x600\/kazan.jpg\" alt=\"Vegyest\u00fczel\u00e9s\u0171 kaz\u00e1n \u2013 a hagyom\u00e1ny \u00e9s a biztons\u00e1g kombin\u00e1ci\u00f3ja - Praktiker  \u00d6tletek\"\/><\/figure>\n","protected":false},"excerpt":{"rendered":"<p>Gyakran visszat\u00e9r\u0151 k\u00e9rd\u00e9s egy \u00faj csal\u00e1di h\u00e1z \u00e9p\u00edt\u00e9sekor, hogy milyen f\u0171t\u00e9si rendszer a legjobb? Els\u0151re kijelenthet\u0151, hogy erre nincs egy\u00e9rtelm\u0171 v\u00e1lasz. T\u00f6bb egyedi k\u00f6r\u00fclm\u00e9nyt\u0151l f\u00fcgghet, egyr\u00e9szt az \u00e9p\u00fclettel, m\u00e1sr\u00e9szt a felhaszn\u00e1l\u00f3val kapcsolatban. Az \u00e9p\u00fclettel kapcsolatosan fontos, hogy f\u00f6ldrajzilag hol helyezkedik el, milyen a t\u00e1jol\u00e1sa, h\u0151szigetel\u00e9se, m\u00e9rete, belmagass\u00e1ga, szintek sz\u00e1ma \u00e9s jellege. Valamint fontos, hogy a [&hellip;]<\/p>\n","protected":false},"author":3,"featured_media":845,"comment_status":"open","ping_status":"open","sticky":false,"template":"","format":"standard","meta":{"footnotes":""},"categories":[1],"tags":[],"class_list":["post-843","post","type-post","status-publish","format-standard","has-post-thumbnail","hentry","category-egyeb"],"yoast_head":"<!-- This site is optimized with the Yoast SEO plugin v19.5.1 - https:\/\/yoast.com\/wordpress\/plugins\/seo\/ -->\n<title>F\u0171t\u00e9s t\u00edpusai - 1. r\u00e9sz | H\u00f3dszol\u00e1r<\/title>\n<meta name=\"robots\" content=\"noindex, follow, max-snippet:-1, max-image-preview:large, max-video-preview:-1\" \/>\n<meta property=\"og:locale\" content=\"hu_HU\" \/>\n<meta property=\"og:type\" content=\"article\" \/>\n<meta property=\"og:title\" content=\"F\u0171t\u00e9s t\u00edpusai - 1. r\u00e9sz | H\u00f3dszol\u00e1r\" \/>\n<meta property=\"og:description\" content=\"Gyakran visszat\u00e9r\u0151 k\u00e9rd\u00e9s egy \u00faj csal\u00e1di h\u00e1z \u00e9p\u00edt\u00e9sekor, hogy milyen f\u0171t\u00e9si rendszer a legjobb? Els\u0151re kijelenthet\u0151, hogy erre nincs egy\u00e9rtelm\u0171 v\u00e1lasz. T\u00f6bb egyedi k\u00f6r\u00fclm\u00e9nyt\u0151l f\u00fcgghet, egyr\u00e9szt az \u00e9p\u00fclettel, m\u00e1sr\u00e9szt a felhaszn\u00e1l\u00f3val kapcsolatban. Az \u00e9p\u00fclettel kapcsolatosan fontos, hogy f\u00f6ldrajzilag hol helyezkedik el, milyen a t\u00e1jol\u00e1sa, h\u0151szigetel\u00e9se, m\u00e9rete, belmagass\u00e1ga, szintek sz\u00e1ma \u00e9s jellege. Valamint fontos, hogy a [&hellip;]\" \/>\n<meta property=\"og:url\" content=\"https:\/\/dev.kompaktdesign.hu\/hodszolar.hu\/2022\/02\/23\/futes-tipusai-1-resz\/\" \/>\n<meta property=\"og:site_name\" content=\"H\u00f3dszol\u00e1r\" \/>\n<meta property=\"article:publisher\" content=\"https:\/\/www.facebook.com\/hodszolar\" \/>\n<meta property=\"article:published_time\" content=\"2022-02-23T09:23:08+00:00\" \/>\n<meta property=\"article:modified_time\" content=\"2022-02-23T09:23:09+00:00\" \/>\n<meta property=\"og:image\" content=\"https:\/\/dev.kompaktdesign.hu\/hodszolar.hu\/wp-content\/uploads\/2022\/02\/1.-resz.png\" \/>\n\t<meta property=\"og:image:width\" content=\"1080\" \/>\n\t<meta property=\"og:image:height\" content=\"1080\" \/>\n\t<meta property=\"og:image:type\" content=\"image\/png\" \/>\n<meta name=\"author\" content=\"H\u00f3dszol\u00e1r Kft.\" \/>\n<meta name=\"twitter:card\" content=\"summary_large_image\" \/>\n<meta name=\"twitter:label1\" content=\"Szerz\u0151:\" \/>\n\t<meta name=\"twitter:data1\" content=\"H\u00f3dszol\u00e1r Kft.\" \/>\n\t<meta name=\"twitter:label2\" content=\"Becs\u00fclt olvas\u00e1si id\u0151\" \/>\n\t<meta name=\"twitter:data2\" content=\"10 perc\" \/>\n<script type=\"application\/ld+json\" class=\"yoast-schema-graph\">{\"@context\":\"https:\/\/schema.org\",\"@graph\":[{\"@type\":\"Article\",\"@id\":\"https:\/\/dev.kompaktdesign.hu\/hodszolar.hu\/2022\/02\/23\/futes-tipusai-1-resz\/#article\",\"isPartOf\":{\"@id\":\"https:\/\/dev.kompaktdesign.hu\/hodszolar.hu\/2022\/02\/23\/futes-tipusai-1-resz\/\"},\"author\":{\"name\":\"H\u00f3dszol\u00e1r Kft.\",\"@id\":\"https:\/\/dev.kompaktdesign.hu\/hodszolar.hu\/#\/schema\/person\/a788af940a3d6b2829396312340dd08c\"},\"headline\":\"F\u0171t\u00e9s t\u00edpusai - 1. r\u00e9sz\",\"datePublished\":\"2022-02-23T09:23:08+00:00\",\"dateModified\":\"2022-02-23T09:23:09+00:00\",\"mainEntityOfPage\":{\"@id\":\"https:\/\/dev.kompaktdesign.hu\/hodszolar.hu\/2022\/02\/23\/futes-tipusai-1-resz\/\"},\"wordCount\":3093,\"commentCount\":0,\"publisher\":{\"@id\":\"https:\/\/dev.kompaktdesign.hu\/hodszolar.hu\/#organization\"},\"articleSection\":[\"Egy\u00e9b kateg\u00f3ria\"],\"inLanguage\":\"hu\",\"potentialAction\":[{\"@type\":\"CommentAction\",\"name\":\"Comment\",\"target\":[\"https:\/\/dev.kompaktdesign.hu\/hodszolar.hu\/2022\/02\/23\/futes-tipusai-1-resz\/#respond\"]}]},{\"@type\":\"WebPage\",\"@id\":\"https:\/\/dev.kompaktdesign.hu\/hodszolar.hu\/2022\/02\/23\/futes-tipusai-1-resz\/\",\"url\":\"https:\/\/dev.kompaktdesign.hu\/hodszolar.hu\/2022\/02\/23\/futes-tipusai-1-resz\/\",\"name\":\"F\u0171t\u00e9s t\u00edpusai - 1. r\u00e9sz | H\u00f3dszol\u00e1r\",\"isPartOf\":{\"@id\":\"https:\/\/dev.kompaktdesign.hu\/hodszolar.hu\/#website\"},\"datePublished\":\"2022-02-23T09:23:08+00:00\",\"dateModified\":\"2022-02-23T09:23:09+00:00\",\"breadcrumb\":{\"@id\":\"https:\/\/dev.kompaktdesign.hu\/hodszolar.hu\/2022\/02\/23\/futes-tipusai-1-resz\/#breadcrumb\"},\"inLanguage\":\"hu\",\"potentialAction\":[{\"@type\":\"ReadAction\",\"target\":[\"https:\/\/dev.kompaktdesign.hu\/hodszolar.hu\/2022\/02\/23\/futes-tipusai-1-resz\/\"]}]},{\"@type\":\"BreadcrumbList\",\"@id\":\"https:\/\/dev.kompaktdesign.hu\/hodszolar.hu\/2022\/02\/23\/futes-tipusai-1-resz\/#breadcrumb\",\"itemListElement\":[{\"@type\":\"ListItem\",\"position\":1,\"name\":\"Kezd\u0151lap\",\"item\":\"https:\/\/dev.kompaktdesign.hu\/hodszolar.hu\/\"},{\"@type\":\"ListItem\",\"position\":2,\"name\":\"F\u0171t\u00e9s t\u00edpusai - 1. r\u00e9sz\"}]},{\"@type\":\"WebSite\",\"@id\":\"https:\/\/dev.kompaktdesign.hu\/hodszolar.hu\/#website\",\"url\":\"https:\/\/dev.kompaktdesign.hu\/hodszolar.hu\/\",\"name\":\"H\u00f3dszol\u00e1r\",\"description\":\"A v\u00e1s\u00e1rhelyi napelemes\",\"publisher\":{\"@id\":\"https:\/\/dev.kompaktdesign.hu\/hodszolar.hu\/#organization\"},\"potentialAction\":[{\"@type\":\"SearchAction\",\"target\":{\"@type\":\"EntryPoint\",\"urlTemplate\":\"https:\/\/dev.kompaktdesign.hu\/hodszolar.hu\/?s={search_term_string}\"},\"query-input\":\"required name=search_term_string\"}],\"inLanguage\":\"hu\"},{\"@type\":\"Organization\",\"@id\":\"https:\/\/dev.kompaktdesign.hu\/hodszolar.hu\/#organization\",\"name\":\"H\u00f3dszol\u00e1r Kft.\",\"url\":\"https:\/\/dev.kompaktdesign.hu\/hodszolar.hu\/\",\"sameAs\":[\"https:\/\/www.facebook.com\/hodszolar\"],\"logo\":{\"@type\":\"ImageObject\",\"inLanguage\":\"hu\",\"@id\":\"https:\/\/dev.kompaktdesign.hu\/hodszolar.hu\/#\/schema\/logo\/image\/\",\"url\":\"https:\/\/dev.kompaktdesign.hu\/hodszolar.hu\/wp-content\/uploads\/2021\/05\/fvicon.png\",\"contentUrl\":\"https:\/\/dev.kompaktdesign.hu\/hodszolar.hu\/wp-content\/uploads\/2021\/05\/fvicon.png\",\"width\":132,\"height\":132,\"caption\":\"H\u00f3dszol\u00e1r Kft.\"},\"image\":{\"@id\":\"https:\/\/dev.kompaktdesign.hu\/hodszolar.hu\/#\/schema\/logo\/image\/\"}},{\"@type\":\"Person\",\"@id\":\"https:\/\/dev.kompaktdesign.hu\/hodszolar.hu\/#\/schema\/person\/a788af940a3d6b2829396312340dd08c\",\"name\":\"H\u00f3dszol\u00e1r Kft.\",\"image\":{\"@type\":\"ImageObject\",\"inLanguage\":\"hu\",\"@id\":\"https:\/\/dev.kompaktdesign.hu\/hodszolar.hu\/#\/schema\/person\/image\/\",\"url\":\"https:\/\/secure.gravatar.com\/avatar\/38df000db6f2e93b7f0ccccf7714392424ca033738d34dfe71f19fdb70329830?s=96&d=mm&r=g\",\"contentUrl\":\"https:\/\/secure.gravatar.com\/avatar\/38df000db6f2e93b7f0ccccf7714392424ca033738d34dfe71f19fdb70329830?s=96&d=mm&r=g\",\"caption\":\"H\u00f3dszol\u00e1r Kft.\"},\"url\":\"https:\/\/dev.kompaktdesign.hu\/hodszolar.hu\/author\/hodszolar\/\"}]}<\/script>\n<!-- \/ Yoast SEO plugin. -->","yoast_head_json":{"title":"F\u0171t\u00e9s t\u00edpusai - 1. r\u00e9sz | H\u00f3dszol\u00e1r","robots":{"index":"noindex","follow":"follow","max-snippet":"max-snippet:-1","max-image-preview":"max-image-preview:large","max-video-preview":"max-video-preview:-1"},"og_locale":"hu_HU","og_type":"article","og_title":"F\u0171t\u00e9s t\u00edpusai - 1. r\u00e9sz | H\u00f3dszol\u00e1r","og_description":"Gyakran visszat\u00e9r\u0151 k\u00e9rd\u00e9s egy \u00faj csal\u00e1di h\u00e1z \u00e9p\u00edt\u00e9sekor, hogy milyen f\u0171t\u00e9si rendszer a legjobb? Els\u0151re kijelenthet\u0151, hogy erre nincs egy\u00e9rtelm\u0171 v\u00e1lasz. T\u00f6bb egyedi k\u00f6r\u00fclm\u00e9nyt\u0151l f\u00fcgghet, egyr\u00e9szt az \u00e9p\u00fclettel, m\u00e1sr\u00e9szt a felhaszn\u00e1l\u00f3val kapcsolatban. Az \u00e9p\u00fclettel kapcsolatosan fontos, hogy f\u00f6ldrajzilag hol helyezkedik el, milyen a t\u00e1jol\u00e1sa, h\u0151szigetel\u00e9se, m\u00e9rete, belmagass\u00e1ga, szintek sz\u00e1ma \u00e9s jellege. Valamint fontos, hogy a [&hellip;]","og_url":"https:\/\/dev.kompaktdesign.hu\/hodszolar.hu\/2022\/02\/23\/futes-tipusai-1-resz\/","og_site_name":"H\u00f3dszol\u00e1r","article_publisher":"https:\/\/www.facebook.com\/hodszolar","article_published_time":"2022-02-23T09:23:08+00:00","article_modified_time":"2022-02-23T09:23:09+00:00","og_image":[{"width":1080,"height":1080,"url":"https:\/\/dev.kompaktdesign.hu\/hodszolar.hu\/wp-content\/uploads\/2022\/02\/1.-resz.png","type":"image\/png"}],"author":"H\u00f3dszol\u00e1r Kft.","twitter_card":"summary_large_image","twitter_misc":{"Szerz\u0151:":"H\u00f3dszol\u00e1r Kft.","Becs\u00fclt olvas\u00e1si id\u0151":"10 perc"},"schema":{"@context":"https:\/\/schema.org","@graph":[{"@type":"Article","@id":"https:\/\/dev.kompaktdesign.hu\/hodszolar.hu\/2022\/02\/23\/futes-tipusai-1-resz\/#article","isPartOf":{"@id":"https:\/\/dev.kompaktdesign.hu\/hodszolar.hu\/2022\/02\/23\/futes-tipusai-1-resz\/"},"author":{"name":"H\u00f3dszol\u00e1r Kft.","@id":"https:\/\/dev.kompaktdesign.hu\/hodszolar.hu\/#\/schema\/person\/a788af940a3d6b2829396312340dd08c"},"headline":"F\u0171t\u00e9s t\u00edpusai - 1. r\u00e9sz","datePublished":"2022-02-23T09:23:08+00:00","dateModified":"2022-02-23T09:23:09+00:00","mainEntityOfPage":{"@id":"https:\/\/dev.kompaktdesign.hu\/hodszolar.hu\/2022\/02\/23\/futes-tipusai-1-resz\/"},"wordCount":3093,"commentCount":0,"publisher":{"@id":"https:\/\/dev.kompaktdesign.hu\/hodszolar.hu\/#organization"},"articleSection":["Egy\u00e9b kateg\u00f3ria"],"inLanguage":"hu","potentialAction":[{"@type":"CommentAction","name":"Comment","target":["https:\/\/dev.kompaktdesign.hu\/hodszolar.hu\/2022\/02\/23\/futes-tipusai-1-resz\/#respond"]}]},{"@type":"WebPage","@id":"https:\/\/dev.kompaktdesign.hu\/hodszolar.hu\/2022\/02\/23\/futes-tipusai-1-resz\/","url":"https:\/\/dev.kompaktdesign.hu\/hodszolar.hu\/2022\/02\/23\/futes-tipusai-1-resz\/","name":"F\u0171t\u00e9s t\u00edpusai - 1. r\u00e9sz | H\u00f3dszol\u00e1r","isPartOf":{"@id":"https:\/\/dev.kompaktdesign.hu\/hodszolar.hu\/#website"},"datePublished":"2022-02-23T09:23:08+00:00","dateModified":"2022-02-23T09:23:09+00:00","breadcrumb":{"@id":"https:\/\/dev.kompaktdesign.hu\/hodszolar.hu\/2022\/02\/23\/futes-tipusai-1-resz\/#breadcrumb"},"inLanguage":"hu","potentialAction":[{"@type":"ReadAction","target":["https:\/\/dev.kompaktdesign.hu\/hodszolar.hu\/2022\/02\/23\/futes-tipusai-1-resz\/"]}]},{"@type":"BreadcrumbList","@id":"https:\/\/dev.kompaktdesign.hu\/hodszolar.hu\/2022\/02\/23\/futes-tipusai-1-resz\/#breadcrumb","itemListElement":[{"@type":"ListItem","position":1,"name":"Kezd\u0151lap","item":"https:\/\/dev.kompaktdesign.hu\/hodszolar.hu\/"},{"@type":"ListItem","position":2,"name":"F\u0171t\u00e9s t\u00edpusai - 1. r\u00e9sz"}]},{"@type":"WebSite","@id":"https:\/\/dev.kompaktdesign.hu\/hodszolar.hu\/#website","url":"https:\/\/dev.kompaktdesign.hu\/hodszolar.hu\/","name":"H\u00f3dszol\u00e1r","description":"A v\u00e1s\u00e1rhelyi napelemes","publisher":{"@id":"https:\/\/dev.kompaktdesign.hu\/hodszolar.hu\/#organization"},"potentialAction":[{"@type":"SearchAction","target":{"@type":"EntryPoint","urlTemplate":"https:\/\/dev.kompaktdesign.hu\/hodszolar.hu\/?s={search_term_string}"},"query-input":"required name=search_term_string"}],"inLanguage":"hu"},{"@type":"Organization","@id":"https:\/\/dev.kompaktdesign.hu\/hodszolar.hu\/#organization","name":"H\u00f3dszol\u00e1r Kft.","url":"https:\/\/dev.kompaktdesign.hu\/hodszolar.hu\/","sameAs":["https:\/\/www.facebook.com\/hodszolar"],"logo":{"@type":"ImageObject","inLanguage":"hu","@id":"https:\/\/dev.kompaktdesign.hu\/hodszolar.hu\/#\/schema\/logo\/image\/","url":"https:\/\/dev.kompaktdesign.hu\/hodszolar.hu\/wp-content\/uploads\/2021\/05\/fvicon.png","contentUrl":"https:\/\/dev.kompaktdesign.hu\/hodszolar.hu\/wp-content\/uploads\/2021\/05\/fvicon.png","width":132,"height":132,"caption":"H\u00f3dszol\u00e1r Kft."},"image":{"@id":"https:\/\/dev.kompaktdesign.hu\/hodszolar.hu\/#\/schema\/logo\/image\/"}},{"@type":"Person","@id":"https:\/\/dev.kompaktdesign.hu\/hodszolar.hu\/#\/schema\/person\/a788af940a3d6b2829396312340dd08c","name":"H\u00f3dszol\u00e1r Kft.","image":{"@type":"ImageObject","inLanguage":"hu","@id":"https:\/\/dev.kompaktdesign.hu\/hodszolar.hu\/#\/schema\/person\/image\/","url":"https:\/\/secure.gravatar.com\/avatar\/38df000db6f2e93b7f0ccccf7714392424ca033738d34dfe71f19fdb70329830?s=96&d=mm&r=g","contentUrl":"https:\/\/secure.gravatar.com\/avatar\/38df000db6f2e93b7f0ccccf7714392424ca033738d34dfe71f19fdb70329830?s=96&d=mm&r=g","caption":"H\u00f3dszol\u00e1r Kft."},"url":"https:\/\/dev.kompaktdesign.hu\/hodszolar.hu\/author\/hodszolar\/"}]}},"_links":{"self":[{"href":"https:\/\/dev.kompaktdesign.hu\/hodszolar.hu\/wp-json\/wp\/v2\/posts\/843","targetHints":{"allow":["GET"]}}],"collection":[{"href":"https:\/\/dev.kompaktdesign.hu\/hodszolar.hu\/wp-json\/wp\/v2\/posts"}],"about":[{"href":"https:\/\/dev.kompaktdesign.hu\/hodszolar.hu\/wp-json\/wp\/v2\/types\/post"}],"author":[{"embeddable":true,"href":"https:\/\/dev.kompaktdesign.hu\/hodszolar.hu\/wp-json\/wp\/v2\/users\/3"}],"replies":[{"embeddable":true,"href":"https:\/\/dev.kompaktdesign.hu\/hodszolar.hu\/wp-json\/wp\/v2\/comments?post=843"}],"version-history":[{"count":1,"href":"https:\/\/dev.kompaktdesign.hu\/hodszolar.hu\/wp-json\/wp\/v2\/posts\/843\/revisions"}],"predecessor-version":[{"id":846,"href":"https:\/\/dev.kompaktdesign.hu\/hodszolar.hu\/wp-json\/wp\/v2\/posts\/843\/revisions\/846"}],"wp:featuredmedia":[{"embeddable":true,"href":"https:\/\/dev.kompaktdesign.hu\/hodszolar.hu\/wp-json\/wp\/v2\/media\/845"}],"wp:attachment":[{"href":"https:\/\/dev.kompaktdesign.hu\/hodszolar.hu\/wp-json\/wp\/v2\/media?parent=843"}],"wp:term":[{"taxonomy":"category","embeddable":true,"href":"https:\/\/dev.kompaktdesign.hu\/hodszolar.hu\/wp-json\/wp\/v2\/categories?post=843"},{"taxonomy":"post_tag","embeddable":true,"href":"https:\/\/dev.kompaktdesign.hu\/hodszolar.hu\/wp-json\/wp\/v2\/tags?post=843"}],"curies":[{"name":"wp","href":"https:\/\/api.w.org\/{rel}","templated":true}]}}