{"id":847,"date":"2022-02-23T09:51:32","date_gmt":"2022-02-23T09:51:32","guid":{"rendered":"https:\/\/hodszolar.hu\/?p=847"},"modified":"2022-02-23T09:51:33","modified_gmt":"2022-02-23T09:51:33","slug":"futes-tipusai-2-resz","status":"publish","type":"post","link":"https:\/\/dev.kompaktdesign.hu\/hodszolar.hu\/2022\/02\/23\/futes-tipusai-2-resz\/","title":{"rendered":"F\u0171t\u00e9s t\u00edpusai - 2. r\u00e9sz"},"content":{"rendered":"\n<p>4. Elektromos f\u0171t\u00e9s<\/p>\n\n\n\n<p><strong>Mi is az elektromos f\u0171t\u00e9s?<\/strong><\/p>\n\n\n\n<p>Az elektromos \u00e1ramot egy megfelel\u0151 egys\u00e9g seg\u00edts\u00e9g\u00e9vel h\u0151v\u00e9 alak\u00edtjuk. Az energi\u00e1t az elektromos \u00e1ram biztos\u00edtja. Az elektromos f\u0171t\u00e9s k\u00f6nnyen \u00e9s rugalmasan szab\u00e1lyozhat\u00f3, gyorsan reag\u00e1l a megv\u00e1ltozott ig\u00e9nyekre \u00e9s be\u00e1ll\u00edt\u00e1sokra. Az elektromos f\u0171t\u00e9s eset\u00e9ben nincs rejtett h\u0151vesztes\u00e9g, mint pl. a k\u00e9m\u00e9ny, a bizonytalanul v\u00e1ltoz\u00f3 kaz\u00e1nhat\u00e1sfok stb.<\/p>\n\n\n\n<p>Az elektromos f\u0171t\u00e9s pontosan m\u00e9rhet\u0151, a villany\u00f3r\u00e1n m\u00e9rt villamos fogyaszt\u00e1s \u00e1ltal\u00e1ban 99% k\u00f6zeli m\u00e9rt\u00e9kben, t\u00e9nylegesen h\u0151energi\u00e1ban jelenik meg az otthonunkban. Ha pedig esetleg valami okb\u00f3l nem lenne g\u00e1z, villannyal ugyan\u00fagy tudunk f\u0171teni. Azonban amennyiben villany nincs, akkor a modernebb elektromos g\u00e1zf\u0171t\u0151k sem m\u0171k\u00f6dnek.<\/p>\n\n\n\n<p>Az elektromos f\u0171t\u00e9s gazdas\u00e1gos, mert alacsony beruh\u00e1z\u00e1si \u00e9s \u00fczemeltet\u00e9si k\u00f6lts\u00e9g jellemzi, egy\u00e1ltal\u00e1n nincs karbantart\u00e1si k\u00f6lts\u00e9ge \u00e9s v\u00e9g\u00fcl, de nem utols\u00f3 sorban: eszt\u00e9tikus. Ez a t\u00edpus\u00fa f\u0171t\u00e9s biztons\u00e1gos, gyors \u00e9s tiszta megold\u00e1s. A ki\u00e9p\u00edt\u00e9se \u00e9s a haszn\u00e1lata is hihetetlen\u00fcl egyszer\u0171, nem kell bontani vagy \u00e9p\u00edteni, nincs kosz \u00e9s a g\u00e1zzal kapcsolatos enged\u00e9lyeztet\u00e9ssel sem kell szembe n\u00e9zn\u00fcnk. \u00dczemeltet\u00e9s k\u00f6zben sem kell kosszal sz\u00e1molnunk, nagyon k\u00e9nyelmes \u00e9s roppant biztons\u00e1gos, hiszen nem kell sz\u00e9n-monoxid-m\u00e9rgez\u00e9st\u0151l vagy g\u00e1zrobban\u00e1st\u00f3l tartanunk.<\/p>\n\n\n\n<p><strong>Mit kell figyelembe venn\u00fcnk a f\u0171t\u00e9si rendszer\u00fcnk k\u00f6lts\u00e9gein\u00e9l?<\/strong><\/p>\n\n\n\n<p>\u00c9rdemes minden szempontot kalkul\u00e1lva \u00f6sszehasonl\u00edtani az \u00e1rakat, mikor arra a k\u00e9rd\u00e9sre keress\u00fck a v\u00e1laszt, hogy g\u00e1zzal vagy villamos energi\u00e1val \u00e9rdemesebb-e f\u0171teni? Tov\u00e1bb\u00e1 sokszor megfeledkez\u00fcnk a hat\u00e1sfok \u00e9s a h\u0151vesztes\u00e9g fogalm\u00e1r\u00f3l is, ami szint\u00e9n jelent\u0151sen megbolygatja ezt az egy\u00e9bk\u00e9nt is t\u00f6bb ismeretlenes egyenletet.<\/p>\n\n\n\n<p><strong>Kinek nem val\u00f3 az elektromos f\u0171t\u00e9s?<\/strong><\/p>\n\n\n\n<ul class=\"wp-block-list\"><li>Azoknak, akik eleve gazdas\u00e1gtalanul f\u0171tenek, CC-FF vagy rosszabb energetikai besorol\u00e1s\u00fa \u00e9p\u00fcletekben \u00e9s nem is \u00e1ll m\u00f3djukban egy energetikai fel\u00faj\u00edt\u00e1s (ny\u00edl\u00e1sz\u00e1r\u00f3 csere, h\u0151szigetel\u00e9s stb.) Ha rosszul szigetelt a h\u00e1z, a g\u00e1z\u00f3ra \u00e9s a villany\u00f3ra is p\u00f6r\u00f6gni fog. Ha hidegek a falak, t\u00fal magas lesz a f\u0171t\u00e9ssz\u00e1mla \u00e9s sosem lesz komfortos meleg.<\/li><li>Azoknak, akik nagy m\u00e9ret\u0171, 100-300 n\u00e9gyzetm\u00e9ter alapter\u00fclet\u0171 otthonukat szeretn\u00e9k elektromos f\u0171t\u00e9s seg\u00edts\u00e9g\u00e9vel felf\u0171teni. Nekik olyan magas lesz az \u00e1ram ig\u00e9ny\u00fck, hogy el\u0151fordulhat az is, hogy az \u00e1ramszolg\u00e1ltat\u00f3 nem is tudja a rendszert megfelel\u0151 szintre b\u0151v\u00edteni.<\/li><li>Azoknak, akik a legolcs\u00f3bb megold\u00e1st keresik. A faf\u0171t\u00e9sn\u00e9l nincs kisebb befektet\u00e9ssel j\u00e1r\u00f3 \u00e9s olcs\u00f3bban \u00fczemeltethet\u0151 f\u0171t\u00e9si rendszer, enn\u00e9l a villany \u00e9s a g\u00e1zf\u0171t\u00e9s is dr\u00e1g\u00e1bb megold\u00e1s.<\/li><\/ul>\n\n\n\n<p><strong>Milyen esetekben a legjobb v\u00e1laszt\u00e1s sz\u00e1munkra az elektromos f\u0171t\u00e9s?<\/strong><\/p>\n\n\n\n<ul class=\"wp-block-list\"><li>Olyan speci\u00e1lis esetekben, ahol nem lehet megoldani a k\u00e9m\u00e9ny ki\u00e9p\u00edt\u00e9s\u00e9t. Az elektromos f\u0171t\u00e9shez csak egy konnektorra van sz\u00fcks\u00e9g\u00fcnk!<\/li><li>Olyan helyis\u00e9gekben, ahol \u00e1lland\u00f3 h\u0151m\u00e9rs\u00e9kletre \u00e9s egy biztons\u00e1gos, csendes, prec\u00edz f\u0171t\u00e9si megold\u00e1sra van sz\u00fcks\u00e9g, mint pl. egy babaszob\u00e1ban.<\/li><li>Kisebb ter\u00fclet\u0171 lak\u00e1s f\u0171t\u00e9s\u00e9hez, mely esetben a g\u00e1z bevezet\u00e9se vagy cser\u00e9pk\u00e1lyha ki\u00e9p\u00edt\u00e9se nem lenne gazdas\u00e1gos vagy a helyig\u00e9nye miatt kivitelezhetetlen.<\/li><li>Ha a f\u00fcrd\u0151szob\u00e1t szeretn\u00e9 vele gyorsan felmeleg\u00edteni. <\/li><li>Ha nem folyamatosan lakott vagy haszn\u00e1lt \u00e9p\u00fcletet szeretn\u00e9nk id\u0151nk\u00e9nt felf\u0171teni, pl. nyaral\u00f3, gar\u00e1zs, sufni eset\u00e9n. Ilyen helyeken az elektromos f\u0171t\u00e9st nem kell t\u00e9lies\u00edteni, r\u00e1ad\u00e1sul ha fagymentes\u00edt\u00e9si funkci\u00f3val ell\u00e1tott elektromos f\u0171t\u00e9st v\u00e1lasztunk, ez gondoskodik arr\u00f3l, hogy a helyis\u00e9g h\u0151m\u00e9rs\u00e9klete folyamatosan 7\u00b0C k\u00f6r\u00fcli legyen.<\/li><\/ul>\n\n\n\n<p><strong>Mekkora teljes\u00edtm\u00e9ny\u0171 eszk\u00f6zre van sz\u00fcks\u00e9gem?<\/strong><\/p>\n\n\n\n<p>Tal\u00e1n ezen a ponton k\u00f6vetik el a legt\u00f6bben azt a s\u00falyos hib\u00e1t, hogy takar\u00e9koss\u00e1gi c\u00e9llal kisebb eszk\u00f6zt v\u00e1s\u00e1rolnak, mint amire sz\u00fcks\u00e9g\u00fck van. Ez pedig ahhoz vezet, hogy sem az ingatlan h\u0151m\u00e9rs\u00e9klete nem lesz megfelel\u0151, sem a v\u00e1rt sp\u00f3rol\u00e1s nem k\u00f6vetkezik be. Ilyenkor pedig a technol\u00f3gi\u00e1t kezdik el hib\u00e1ztatni, pedig lehet, hogy csak valamivel nagyobb teljes\u00edtm\u00e9ny\u0171 eszk\u00f6zt kellett volna v\u00e1lasztani.<\/p>\n\n\n\n<p>A k\u00e9sz\u00fcl\u00e9k teljes\u00edtm\u00e9nye a helyis\u00e9g m\u00e9ret\u00e9t\u0151l \u00e9s a h\u0151szigetel\u00e9st\u0151l is f\u00fcgg. Alapszab\u00e1lyk\u00e9nt egy j\u00f3l szigetelt helyis\u00e9g eset\u00e9ben sz\u00e1molhatunk 30-40 Watt-tal l\u00e9gk\u00f6bm\u00e9terenk\u00e9nt. \u00c9rdemes a v\u00e9geredm\u00e9nyt felkerek\u00edteni, att\u00f3l nem kell tartanunk, hogy ezzel t\u00falm\u00e9retezz\u00fck a f\u0171t\u00e9st, hiszen az elektromos f\u0171t\u00e9sek \u00f6nszab\u00e1lyoz\u00f3k (be\u00e9p\u00edtett termoszt\u00e1t seg\u00edts\u00e9g\u00e9vel szab\u00e1lyoznak), lekapcsolnak a k\u00edv\u00e1nt h\u0151m\u00e9rs\u00e9klet el\u00e9r\u00e9sekor. Ez azt jelenti, hogy egy kisebb eszk\u00f6zzel ellent\u00e9tben nem kell eg\u00e9sz nap m\u0171k\u00f6dnie a k\u00e9sz\u00fcl\u00e9knek, \u00edgy r\u00f6videbb ideig fogyaszt elektromos \u00e1ramot. Ez a fogyaszt\u00e1s term\u00e9szetesen magasabb, de j\u00f3l szigetelt \u00e9p\u00fclet eset\u00e9n ez a megtermelt h\u0151m\u00e9rs\u00e9klet sok\u00e1ig bent marad, \u00edgy jobb lesz a komfort\u00e9rzete.<\/p>\n\n\n\n<p><strong>H\u00e1l\u00f3zat<\/strong><\/p>\n\n\n\n<p>Ossza el a kiszemelt f\u0171t\u0151test teljes\u00edtm\u00e9ny\u00e9t (Watt) 230 Volttal (ez a h\u00e1l\u00f3zati fesz\u00fclts\u00e9g Magyarorsz\u00e1gon), \u00edgy megkapja, mennyi Amper sz\u00fcks\u00e9ges, hogy a k\u00e9sz\u00fcl\u00e9ket \u00fczemeltethesse. Ha esetleg nem tudjuk, mennyi Amper \u00e1ll rendelkez\u00e9s\u00fcnkre, vagyis \u00f6sszesen mennyire terhelhet\u0151 az otthonunk villanyh\u00e1l\u00f3zata: n\u00e9zz\u00fck meg a villany\u00f3ra alatti f\u0151biztos\u00edt\u00e9kon, ezen fel van t\u00fcntetve. Egy f\u00e1zis eset\u00e9n egy kismegszak\u00edt\u00f3t fogunk l\u00e1tni, h\u00e1rom f\u00e1zis eset\u00e9n pedig h\u00e1rmat.<\/p>\n\n\n\n<p>Mindig \u00e9rdemes egy szak\u00e9rt\u0151 v\u00e9lem\u00e9ny\u00e9t kik\u00e9rni a konkr\u00e9t helyis\u00e9gekre n\u00e9zve. Ez nem csak az\u00e9rt fontos, mert a f\u0171t\u00e9s elm\u00e9retez\u00e9se kellemetlens\u00e9geket okoz, hanem az\u00e9rt is, mert a legide\u00e1lisabb eszk\u00f6z kiv\u00e1laszt\u00e1sa eset\u00e9n is hasznos a szak\u00e9rtelem. A k\u00fcl\u00f6nb\u00f6z\u0151 k\u00e9sz\u00fcl\u00e9kek m\u00e1s m\u00f3don adj\u00e1k le a h\u0151t, \u00edgy m\u00e1s helyzetekben ny\u00fajtanak igaz\u00e1n j\u00f3 megold\u00e1st.<\/p>\n\n\n\n<p><strong>R\u00f6viden a g\u00e1zos \u00e9s az elektromos f\u0171t\u00e9s hat\u00e1sfok\u00e1r\u00f3l<\/strong><\/p>\n\n\n\n<p>Kor\u00e1bban vizsg\u00e1lt\u00e1k a g\u00e1zos k\u00e9sz\u00fcl\u00e9kek v\u00e1ltoz\u00f3 \u00fczemi viszonyok k\u00f6z\u00f6tti hat\u00e1sfok\u00e1t. Erre az\u00e9rt volt sz\u00fcks\u00e9g, mert az ismertet\u0151kben a hat\u00e1sfokot a maxim\u00e1lis terhel\u00e9s mellett adj\u00e1k meg. Azonban ezek a f\u0171t\u0151k\u00e9sz\u00fcl\u00e9kek csak a f\u0171t\u00e9si szezon igen kis r\u00e9sz\u00e9ben \u2013 gyakorlatilag alig p\u00e1r napig \u2013 \u00fczemelnek teljes terhel\u00e9ssel. Teh\u00e1t a f\u0171t\u00e9si szezon d\u00f6nt\u0151 t\u00f6bbs\u00e9g\u00e9ben l\u00e9nyegesen alacsonyabb hat\u00e1sfokkal m\u0171k\u00f6dnek.<\/p>\n\n\n\n<p>Ehhez k\u00e9pest az elektromos f\u0171t\u00e9snek b\u00e1rmely terhel\u00e9sn\u00e9l 99%-os a hat\u00e1sfoka, ami azt jelenti, hogy egy egys\u00e9gnyi f\u00f6ldg\u00e1zb\u00f3l kevesebb t\u00e9nylegesen hasznosul\u00f3 energia keletkezik, mint villamos energia eset\u00e9ben.<\/p>\n\n\n\n<p>N\u00e9zz\u00fck az elektromos f\u0171t\u00e9s t\u00edpusait!<\/p>\n\n\n\n<p><strong>4\/1. Elektromos kaz\u00e1n<\/strong><\/p>\n\n\n\n<p>A modern, fali elektromos kaz\u00e1n magas h\u0151komfortot biztos\u00edt, nagyon kellemesen f\u0171t \u00e9s zajmentesen m\u0171k\u00f6dik. A kaz\u00e1n m\u0171k\u00f6d\u00e9se k\u00f6zben el\u00e9rheti ak\u00e1r a kor\u00e1bban eml\u00edtett 99%-os hat\u00e1sfokot is. Az elektromos kaz\u00e1nt maximum 22,5 kW h\u0151vesztes\u00e9ges csal\u00e1di h\u00e1zak, \u00e9p\u00fcletek, k\u00f6z\u00f6s helyis\u00e9gek f\u0171t\u00e9s\u00e9re tervezt\u00e9k.<\/p>\n\n\n\n<p>Az emberek ig\u00e9nye egyre ink\u00e1bb a tiszt\u00e1bb, meg\u00fajul\u00f3 energiaforr\u00e1sok fel\u00e9 fordul, ugyanakkor a f\u00f6ldg\u00e1zf\u0171t\u00e9s nem tartozik ebbe a kateg\u00f3ri\u00e1ba, hiszen fosszilis, nem meg\u00fajul\u00f3, r\u00e1ad\u00e1sul felesleges k\u00e1rosanyag-kibocs\u00e1t\u00e1ssal szennyezi a k\u00f6rnyezetet. Az\u00e9rt felesleges, mert ma m\u00e1r el\u00e9rhet\u0151ek modern, meg\u00fajul\u00f3 energiaforr\u00e1sok, melyek k\u00f6z\u00fcl legismertebb a napenergia, amely elektromos f\u0171t\u00e9si megold\u00e1sokra is buzd\u00edthat minket.<\/p>\n\n\n\n<figure class=\"wp-block-image\"><img decoding=\"async\" src=\"https:\/\/www.lakaskultura.hu\/wp-content\/uploads\/2021\/02\/elektromos_kazan_1980_1080-836x455.jpg\" alt=\"Meg\u00e9ri? Ezek az elektromos kaz\u00e1nok legnagyobb el\u0151nyei\"\/><\/figure>\n\n\n\n<p><em>Elektromos kaz\u00e1n m\u0171k\u00f6d\u00e9se<\/em><\/p>\n\n\n\n<p>A kaz\u00e1n egy olyan berendez\u00e9s, ahol a k\u00fcl\u00f6nf\u00e9le t\u00fczel\u0151anyagok el\u00e9get\u00e9se sor\u00e1n nyert h\u0151energi\u00e1val egy k\u00f6zvet\u00edt\u0151 k\u00f6zeget (\u00e1ltal\u00e1ban vizet) meleg\u00edt\u00fcnk. Az \u00e9get\u00e9s alapfelt\u00e9telei a l\u00e9gell\u00e1t\u00e1s, f\u00fcstg\u00e1zelvezet\u00e9s, a megfelel\u0151 elhelyez\u00e9s, valamint a biztons\u00e1gi el\u0151\u00edr\u00e1sok betart\u00e1sa.<\/p>\n\n\n\n<p>A kaz\u00e1nban haszn\u00e1lt t\u00fczel\u0151anyagok v\u00e1ltozatosak lehetnek. A legismertebb a f\u00f6ldg\u00e1z, t\u0171zifa, a sz\u00e9n \u00e9s az olaj, de haszn\u00e1lnak pl. szalmab\u00e1l\u00e1t vagy pelletet t\u00fczel\u0151 kaz\u00e1nokat is. Az \u00e9get\u00e9s sor\u00e1n felszabadul\u00f3 h\u0151t a kaz\u00e1nban tal\u00e1lhat\u00f3 term\u00e9szetes cirkul\u00e1ci\u00f3j\u00fa vagy k\u00e9nyszer-\u00e1t\u00e1raml\u00e1s\u00fa k\u00f6zvet\u00edt\u0151 k\u00f6zegnek adja \u00e1t, h\u0151cser\u00e9l\u0151n kereszt\u00fcl.<\/p>\n\n\n\n<p>Az elektromos kaz\u00e1n azonban a fentiekkel ellent\u00e9tben val\u00f3j\u00e1ban nem is tekinthet\u0151 hagyom\u00e1nyos \u00e9rtelemben kaz\u00e1nnak, ugyanis nem j\u00e1tsz\u00f3dik le \u00e9g\u00e9s az elektromos kaz\u00e1nban. Sokkal ink\u00e1bb tekinthet\u0151 egy h\u0151cser\u00e9l\u0151nek, amely nem rendelkezik t\u0171zt\u00e9rrel.<\/p>\n\n\n\n<p>Az elektromos kaz\u00e1n m\u0171k\u00f6d\u00e9se sor\u00e1n a kaz\u00e1n h\u0151cser\u00e9l\u0151j\u00e9ben tal\u00e1lhat\u00f3 elektromos f\u0171t\u0151bet\u00e9tek szolg\u00e1ltatj\u00e1k a h\u0151t. Ezek meleg\u00edtik fel a k\u00f6zvet\u00edt\u0151 k\u00f6zeget (vizet), amely tov\u00e1bb viszi a h\u0151lead\u00f3 berendez\u00e9sekhez, mint a padl\u00f3f\u0171t\u00e9s vagy a radi\u00e1tor.<\/p>\n\n\n\n<p>Az elektromos kaz\u00e1n nem ig\u00e9nyel k\u00fcl\u00f6n\u00f6sebb biztons\u00e1gi szab\u00e1lyokat, be\u00e1ll\u00edt\u00e1sa \u00e9s be\u00fczemel\u00e9se is sokkal gyorsabb \u00e9s olcs\u00f3bb, mint a hagyom\u00e1nyos kaz\u00e1nok eset\u00e9ben. A f\u0171t\u00e9si \u00e9s haszn\u00e1lati melegv\u00edz el\u0151\u00e1ll\u00edt\u00e1s\u00e1nak szempontj\u00e1b\u00f3l a kaz\u00e1nok vagy csak az egyiket, vagy mindkett\u0151t tudj\u00e1k. Az elektromos kaz\u00e1n eset\u00e9ben is v\u00e1laszthatunk:<\/p>\n\n\n\n<ul class=\"wp-block-list\"><li>csak f\u0171t\u00e9s<\/li><li>csak haszn\u00e1lati melegv\u00edz (\u00e1tfoly\u00f3s elektromos v\u00edzmeleg\u00edt\u0151)<\/li><li>mindk\u00e9t ig\u00e9ny kiel\u00e9g\u00edt\u00e9s\u00e9re alkalmas elektromos kaz\u00e1n.<\/li><\/ul>\n\n\n\n<p>Mikor \u00e9rdemes elektr<em>omos kaz\u00e1nban gondolkodnunk?<\/em><\/p>\n\n\n\n<p>\u00daj f\u0171t\u00e9si rendszern\u00e9l nemcsak a havi f\u0171t\u00e9si k\u00f6lts\u00e9ggel, hanem a ki\u00e9p\u00edt\u00e9s k\u00f6lts\u00e9geivel is sz\u00e1molnunk kell. A hagyom\u00e1nyos vegyest\u00fczel\u00e9s\u0171 vagy g\u00e1zkaz\u00e1nok eset\u00e9ben k\u00f6telez\u0151en beszerzend\u0151 a g\u00e1zterv, annak enged\u00e9lyeztet\u00e9se, a k\u00e9m\u00e9ny ki\u00e9p\u00edt\u00e9se, l\u00e9gell\u00e1t\u00e1s, stb. Ezek a k\u00f6lts\u00e9gek nem \u00e1llnak fent elektromos kaz\u00e1n eset\u00e9ben, azonban amennyiben nem napenergi\u00e1r\u00f3l m\u0171k\u00f6dik a rendszer, magasabb havi villanysz\u00e1ml\u00e1val kell majd sz\u00e1molnunk.<\/p>\n\n\n\n<p>Fel\u00faj\u00edt\u00e1sn\u00e1l, sz\u00fcks\u00e9ges kaz\u00e1ncser\u00e9n\u00e9l is javasolt sz\u00e1m\u00edt\u00e1sba venni az elektromos kaz\u00e1nt ugyanis egyre t\u00f6bb pletyk\u00e1t lehet hallani azzal kapcsolatban, hogy a k\u00e9s\u0151bbiekben nem enged\u00e9lyezik majd a g\u00e1zkaz\u00e1nokat.<\/p>\n\n\n\n<p><em>El\u0151ny\u00f6k \u00e9s h\u00e1tr\u00e1nyok<\/em><\/p>\n\n\n\n<p>Az elektromos kaz\u00e1n legnagyobb el\u0151nyei k\u00f6z\u00e9 sorolhatjuk, hogy nincs sz\u00fcks\u00e9g k\u00e9m\u00e9nyre, nem kell k\u00f6lten\u00fcnk g\u00e1ztervre \u00e9s enged\u00e9lyekre. Eszt\u00e9tikus kivitel\u0171, kis helyig\u00e9ny\u0171, b\u00e1rmilyen helyis\u00e9gbe k\u00f6nnyen \u00e9s olcs\u00f3n telep\u00edthet\u0151. Nincs rendszeresen visszat\u00e9r\u0151 karbantart\u00e1si k\u00f6lts\u00e9g. Mivel nincs \u00e9g\u00e9sterm\u00e9k, \u00edgy m\u0171k\u00f6d\u00e9se teljesen biztons\u00e1gos. A villamos kaz\u00e1nokhoz lehet wifis szobatermoszt\u00e1tot illeszteni, \u00edgy a m\u0171k\u00f6d\u00e9st ak\u00e1r okostelefonnal is lehet vez\u00e9relni. A haszn\u00e1lati melegv\u00edz t\u00e1rol\u00e1s\u00e1hoz puffertart\u00e1ly is csatlakoztathat\u00f3.<\/p>\n\n\n\n<p>Szinte egy h\u00e1tr\u00e1nya van az elektromos kaz\u00e1nnak \u00e9s ez a magasabb \u00fczemel\u00e9si k\u00f6lts\u00e9g. Fajlagosan n\u00e9zve egy kWh f\u0171t\u00e9si energia el\u0151\u00e1ll\u00edt\u00e1sa elektromos \u00e1rammal t\u00f6bbe ker\u00fcl, mint g\u00e1z vagy vegyes t\u00fczel\u00e9s eset\u00e9n. Az elektromos kaz\u00e1n energiaig\u00e9nye ugyanis ak\u00e1r 3,5-szer t\u00f6bb lehet, mintha m\u00e1s f\u0171t\u00e9si t\u00edpusr\u00f3l besz\u00e9ln\u00e9nk.<\/p>\n\n\n\n<p>Az elektromos kaz\u00e1n fogyaszt\u00e1sa nem a teljes\u00edtm\u00e9nyt\u0151l f\u00fcgg, hanem a helyis\u00e9gek h\u0151vesztes\u00e9g\u00e9t\u0151l. Ha ez a h\u0151vesztes\u00e9g ar\u00e1nytalanul sok, akkor kaz\u00e1ncsere el\u0151tt v\u00e9gezz\u00fcnk az \u00e9p\u00fcleten egy energetikai fel\u00faj\u00edt\u00e1st, mindenk\u00e9pp hat\u00e9konyabb lesz a kiv\u00e1lasztott f\u0171t\u00e9si t\u00edpusunk. Ebben az esetben elhanyagolhat\u00f3 a m\u0171k\u00f6d\u00e9si vesztes\u00e9g, amit kifizet\u00fcnk az elektromos kaz\u00e1n fogyaszt\u00e1s\u00e1\u00e9rt, azt melegben vissza is kapjuk. Sz\u00e1mszer\u0171s\u00edtve, 1 kWh villamos energia 1 kWh f\u0171t\u00e9si energi\u00e1v\u00e1 alakul.<\/p>\n\n\n\n<p><em>Mekkora elektromos kaz\u00e1nra van sz\u00fcks\u00e9g?<\/em><\/p>\n\n\n\n<p>Sokan f\u00e9lnek a magas \u00e1ramsz\u00e1ml\u00e1t\u00f3l, emiatt alacsony teljes\u00edtm\u00e9ny\u0171 elektromos kaz\u00e1nt v\u00e1lasztanak, m\u00e9g akkor is, ha eddig egy 24 kW-os g\u00e1zkaz\u00e1nnal tudt\u00e1k csak kif\u0171teni a h\u00e1zukat. Ez mindenk\u00e9pp zs\u00e1kutca, hiszen, ha az elektromos kaz\u00e1nunk teljes\u00edtm\u00e9nye nem k\u00e9pes fedezni a h\u00e1z h\u0151vesztes\u00e9g\u00e9t, akkor folyamatosan menni fog, de soha nem tudjuk felf\u0171teni a lak\u00e1st.<\/p>\n\n\n\n<p>Azaz, - a sz\u00fcks\u00e9gleteinkhez m\u00e9rten \u2013 egy kis teljes\u00edtm\u00e9ny\u0171 elektromos kaz\u00e1n kimondottan rossz v\u00e1laszt\u00e1s. Ezen fel\u00fcl, a teljes\u00edtm\u00e9ny n\u00f6veked\u00e9s\u00e9vel nem ar\u00e1nyosan n\u0151 a kaz\u00e1nok \u00e1ra, teh\u00e1t nem sok plusz r\u00e1ford\u00edt\u00e1s\u00e1val m\u00e1r megkaphatjuk a sz\u00e1munkra megfelel\u0151 m\u00e9retet.<\/p>\n\n\n\n<p>Olyan elektromos kaz\u00e1nt \u00e9rdemes v\u00e1lasztani, amely nemcsak a h\u0151vesztes\u00e9get k\u00e9pes fedezni, de van benne egy kis tartal\u00e9k teljes\u00edtm\u00e9ny. Hiszen egy nagyobb teljes\u00edtm\u00e9ny\u0171 kaz\u00e1n sem fog t\u00f6bbet f\u0171teni vagy fogyasztani, mint amennyire sz\u00fcks\u00e9g\u00fcnk van, ellenben gyorsabban felf\u0171t, \u00edgy r\u00f6videbb ideig m\u0171k\u00f6dik.<\/p>\n\n\n\n<p>Val\u00f3sz\u00edn\u0171leg a mostani g\u00e1zkaz\u00e1nunkhoz m\u00e9rve egy 20%-kal kisebb teljes\u00edtm\u00e9ny\u0171 elektromos kaz\u00e1n is elegend\u0151 lesz a hat\u00e1sfok k\u00fcl\u00f6nbs\u00e9g miatt, azonban mindenk\u00e9pp j\u00f3 \u00f6tlet csin\u00e1ltatni egy energetikai m\u00e9retez\u00e9st, miel\u0151tt v\u00e1s\u00e1rl\u00e1sba fogn\u00e1nk!<\/p>\n\n\n\n<p>Az \u00e1ltalunk forgalmazott elektromos kaz\u00e1nokat <a href=\"https:\/\/dev.kompaktdesign.hu\/hodszolar.hu\/elektromos-futopanelek\/\">itt<\/a> tal\u00e1lod!<\/p>\n\n\n\n<p><em>Kombi villanykaz\u00e1n<\/em><\/p>\n\n\n\n<p>A h\u00e1ztart\u00e1sokban \u00e1ltal\u00e1ban k\u00e9tf\u00e9le m\u00f3don van ig\u00e9ny melegv\u00edzre: f\u0171t\u00e9sn\u00e9l \u00e9s haszn\u00e1lati melegv\u00edz form\u00e1j\u00e1ban. Az elektromos kombi kaz\u00e1nok mindkett\u0151t k\u00e9pesek el\u0151\u00e1ll\u00edtani, alapvet\u0151en mind\u00f6ssze ennyivel t\u00e9rnek el az elektromos f\u0171t\u0151kaz\u00e1nokt\u00f3l.<\/p>\n\n\n\n<p>A f\u0171t\u00e9si \u00e9s haszn\u00e1lati melegv\u00edz el\u0151\u00e1ll\u00edt\u00e1s\u00e1nak szempontj\u00e1b\u00f3l k\u00e9t megold\u00e1s l\u00e9tezik. Amikor a v\u00edz egyszer\u0171en \u00e1tfolyik a kaz\u00e1non \u00e9s egyb\u0151l a rendeltet\u00e9si hely\u00e9re \u00e1ramlik, ezt \u00e1tfoly\u00f3s rendszernek nevezz\u00fck. Ugyanakkor vannak be\u00e9p\u00edtett tart\u00e1llyal rendelkez\u0151 kombi villanykaz\u00e1nok is, ahol a felmeleg\u00edtett haszn\u00e1lati melegv\u00edz els\u0151 k\u00f6rben egy h\u0151szigetelt tart\u00e1lyba ker\u00fcl, majd onnan folyik tov\u00e1bb ig\u00e9ny szerint a rendeltet\u00e9si hely\u00e9re. Ez pl. zuhanyz\u00e1skor fontos, amikor \u00e1tfoly\u00f3s m\u00f3don nem felt\u00e9tlen\u00fcl k\u00e9pes a t\u00e9len hidegebben be\u00e9rkez\u0151 v\u00edzb\u0151l azonnal megfelel\u0151 h\u0151m\u00e9rs\u00e9klet\u0171 f\u00fcrd\u0151vizet csin\u00e1lni. Egy nagyobb k\u00fcls\u0151 puffertart\u00e1lyt haszn\u00e1lhatunk a f\u0171t\u00e9si melegv\u00edz el\u0151\u00e1ll\u00edt\u00e1sa ut\u00e1n is, abban t\u00e1rolva a felmeleg\u00edtett vizet, k\u00f6zben sz\u00fcks\u00e9g szerint adagolva a rendeltet\u00e9si helyre.<\/p>\n\n\n\n<p><em>Hol \u00e9rdemes elektromos kaz\u00e1nt haszn\u00e1lni?<\/em><\/p>\n\n\n\n<p>Az elektromos f\u0171t\u00e9s a j\u00f6v\u0151t mutatja, \u00edgy amennyiben tervez\u00fcnk napelemet telep\u00edteni, mindenkinek j\u00f3 megold\u00e1s lehet a f\u0171t\u00e9sre vagy ak\u00e1r a haszn\u00e1lati melegv\u00edz el\u0151\u00e1ll\u00edt\u00e1s\u00e1ra is. Az elektromos kaz\u00e1n t\u00f6k\u00e9letesen illeszthet\u0151 megl\u00e9v\u0151, m\u00e1r kialak\u00edtott vizes f\u0171t\u00e9si rendszer\u00fcnkh\u00f6z. Az elektromos kaz\u00e1n haszn\u00e1lata sor\u00e1n azonban nincs k\u00e1rosanyag kibocs\u00e1t\u00e1s, a sok enged\u00e9ly, el\u0151\u00edr\u00e1s, karbantart\u00e1s. Mind\u00f6ssze egy gyors kaz\u00e1ncsere \u00e9s m\u00e1r haszn\u00e1lhat\u00f3 is az elektromos kaz\u00e1n a r\u00e9gi helyett.<\/p>\n\n\n\n<p><em>Elektromos kaz\u00e1n padl\u00f3f\u0171t\u00e9shez<\/em><\/p>\n\n\n\n<p>Mint ahogy kor\u00e1bban a g\u00e1zkaz\u00e1nos f\u0171t\u00e9s kapcs\u00e1n is eml\u00edtett\u00fck, a padl\u00f3f\u0171t\u00e9s eleg\u00e1ns, hat\u00e9kony, r\u00e1ad\u00e1sul rejtett f\u0171t\u00e9si megold\u00e1s, \u00edgy mindenk\u00e9pp \u00e9rdemes sz\u00e1m\u00edt\u00e1sba venni!<\/p>\n","protected":false},"excerpt":{"rendered":"<p>4. Elektromos f\u0171t\u00e9s Mi is az elektromos f\u0171t\u00e9s? Az elektromos \u00e1ramot egy megfelel\u0151 egys\u00e9g seg\u00edts\u00e9g\u00e9vel h\u0151v\u00e9 alak\u00edtjuk. Az energi\u00e1t az elektromos \u00e1ram biztos\u00edtja. Az elektromos f\u0171t\u00e9s k\u00f6nnyen \u00e9s rugalmasan szab\u00e1lyozhat\u00f3, gyorsan reag\u00e1l a megv\u00e1ltozott ig\u00e9nyekre \u00e9s be\u00e1ll\u00edt\u00e1sokra. Az elektromos f\u0171t\u00e9s eset\u00e9ben nincs rejtett h\u0151vesztes\u00e9g, mint pl. a k\u00e9m\u00e9ny, a bizonytalanul v\u00e1ltoz\u00f3 kaz\u00e1nhat\u00e1sfok stb. Az elektromos [&hellip;]<\/p>\n","protected":false},"author":3,"featured_media":848,"comment_status":"open","ping_status":"open","sticky":false,"template":"","format":"standard","meta":{"footnotes":""},"categories":[1],"tags":[],"class_list":["post-847","post","type-post","status-publish","format-standard","has-post-thumbnail","hentry","category-egyeb"],"yoast_head":"<!-- This site is optimized with the Yoast SEO plugin v19.5.1 - https:\/\/yoast.com\/wordpress\/plugins\/seo\/ -->\n<title>F\u0171t\u00e9s t\u00edpusai - 2. r\u00e9sz | H\u00f3dszol\u00e1r<\/title>\n<meta name=\"robots\" content=\"noindex, follow, max-snippet:-1, max-image-preview:large, max-video-preview:-1\" \/>\n<meta property=\"og:locale\" content=\"hu_HU\" \/>\n<meta property=\"og:type\" content=\"article\" \/>\n<meta property=\"og:title\" content=\"F\u0171t\u00e9s t\u00edpusai - 2. r\u00e9sz | H\u00f3dszol\u00e1r\" \/>\n<meta property=\"og:description\" content=\"4. Elektromos f\u0171t\u00e9s Mi is az elektromos f\u0171t\u00e9s? Az elektromos \u00e1ramot egy megfelel\u0151 egys\u00e9g seg\u00edts\u00e9g\u00e9vel h\u0151v\u00e9 alak\u00edtjuk. Az energi\u00e1t az elektromos \u00e1ram biztos\u00edtja. Az elektromos f\u0171t\u00e9s k\u00f6nnyen \u00e9s rugalmasan szab\u00e1lyozhat\u00f3, gyorsan reag\u00e1l a megv\u00e1ltozott ig\u00e9nyekre \u00e9s be\u00e1ll\u00edt\u00e1sokra. Az elektromos f\u0171t\u00e9s eset\u00e9ben nincs rejtett h\u0151vesztes\u00e9g, mint pl. a k\u00e9m\u00e9ny, a bizonytalanul v\u00e1ltoz\u00f3 kaz\u00e1nhat\u00e1sfok stb. Az elektromos [&hellip;]\" \/>\n<meta property=\"og:url\" content=\"https:\/\/dev.kompaktdesign.hu\/hodszolar.hu\/2022\/02\/23\/futes-tipusai-2-resz\/\" \/>\n<meta property=\"og:site_name\" content=\"H\u00f3dszol\u00e1r\" \/>\n<meta property=\"article:publisher\" content=\"https:\/\/www.facebook.com\/hodszolar\" \/>\n<meta property=\"article:published_time\" content=\"2022-02-23T09:51:32+00:00\" \/>\n<meta property=\"article:modified_time\" content=\"2022-02-23T09:51:33+00:00\" \/>\n<meta property=\"og:image\" content=\"https:\/\/dev.kompaktdesign.hu\/hodszolar.hu\/wp-content\/uploads\/2022\/02\/2.-resz.png\" \/>\n\t<meta property=\"og:image:width\" content=\"1080\" \/>\n\t<meta property=\"og:image:height\" content=\"1080\" \/>\n\t<meta property=\"og:image:type\" content=\"image\/png\" \/>\n<meta name=\"author\" content=\"H\u00f3dszol\u00e1r Kft.\" \/>\n<meta name=\"twitter:card\" content=\"summary_large_image\" \/>\n<meta name=\"twitter:label1\" content=\"Szerz\u0151:\" \/>\n\t<meta name=\"twitter:data1\" content=\"H\u00f3dszol\u00e1r Kft.\" \/>\n\t<meta name=\"twitter:label2\" content=\"Becs\u00fclt olvas\u00e1si id\u0151\" \/>\n\t<meta name=\"twitter:data2\" content=\"8 perc\" \/>\n<script type=\"application\/ld+json\" class=\"yoast-schema-graph\">{\"@context\":\"https:\/\/schema.org\",\"@graph\":[{\"@type\":\"Article\",\"@id\":\"https:\/\/dev.kompaktdesign.hu\/hodszolar.hu\/2022\/02\/23\/futes-tipusai-2-resz\/#article\",\"isPartOf\":{\"@id\":\"https:\/\/dev.kompaktdesign.hu\/hodszolar.hu\/2022\/02\/23\/futes-tipusai-2-resz\/\"},\"author\":{\"name\":\"H\u00f3dszol\u00e1r Kft.\",\"@id\":\"https:\/\/dev.kompaktdesign.hu\/hodszolar.hu\/#\/schema\/person\/a788af940a3d6b2829396312340dd08c\"},\"headline\":\"F\u0171t\u00e9s t\u00edpusai - 2. r\u00e9sz\",\"datePublished\":\"2022-02-23T09:51:32+00:00\",\"dateModified\":\"2022-02-23T09:51:33+00:00\",\"mainEntityOfPage\":{\"@id\":\"https:\/\/dev.kompaktdesign.hu\/hodszolar.hu\/2022\/02\/23\/futes-tipusai-2-resz\/\"},\"wordCount\":2906,\"commentCount\":0,\"publisher\":{\"@id\":\"https:\/\/dev.kompaktdesign.hu\/hodszolar.hu\/#organization\"},\"articleSection\":[\"Egy\u00e9b kateg\u00f3ria\"],\"inLanguage\":\"hu\",\"potentialAction\":[{\"@type\":\"CommentAction\",\"name\":\"Comment\",\"target\":[\"https:\/\/dev.kompaktdesign.hu\/hodszolar.hu\/2022\/02\/23\/futes-tipusai-2-resz\/#respond\"]}]},{\"@type\":\"WebPage\",\"@id\":\"https:\/\/dev.kompaktdesign.hu\/hodszolar.hu\/2022\/02\/23\/futes-tipusai-2-resz\/\",\"url\":\"https:\/\/dev.kompaktdesign.hu\/hodszolar.hu\/2022\/02\/23\/futes-tipusai-2-resz\/\",\"name\":\"F\u0171t\u00e9s t\u00edpusai - 2. r\u00e9sz | H\u00f3dszol\u00e1r\",\"isPartOf\":{\"@id\":\"https:\/\/dev.kompaktdesign.hu\/hodszolar.hu\/#website\"},\"datePublished\":\"2022-02-23T09:51:32+00:00\",\"dateModified\":\"2022-02-23T09:51:33+00:00\",\"breadcrumb\":{\"@id\":\"https:\/\/dev.kompaktdesign.hu\/hodszolar.hu\/2022\/02\/23\/futes-tipusai-2-resz\/#breadcrumb\"},\"inLanguage\":\"hu\",\"potentialAction\":[{\"@type\":\"ReadAction\",\"target\":[\"https:\/\/dev.kompaktdesign.hu\/hodszolar.hu\/2022\/02\/23\/futes-tipusai-2-resz\/\"]}]},{\"@type\":\"BreadcrumbList\",\"@id\":\"https:\/\/dev.kompaktdesign.hu\/hodszolar.hu\/2022\/02\/23\/futes-tipusai-2-resz\/#breadcrumb\",\"itemListElement\":[{\"@type\":\"ListItem\",\"position\":1,\"name\":\"Kezd\u0151lap\",\"item\":\"https:\/\/dev.kompaktdesign.hu\/hodszolar.hu\/\"},{\"@type\":\"ListItem\",\"position\":2,\"name\":\"F\u0171t\u00e9s t\u00edpusai - 2. r\u00e9sz\"}]},{\"@type\":\"WebSite\",\"@id\":\"https:\/\/dev.kompaktdesign.hu\/hodszolar.hu\/#website\",\"url\":\"https:\/\/dev.kompaktdesign.hu\/hodszolar.hu\/\",\"name\":\"H\u00f3dszol\u00e1r\",\"description\":\"A v\u00e1s\u00e1rhelyi napelemes\",\"publisher\":{\"@id\":\"https:\/\/dev.kompaktdesign.hu\/hodszolar.hu\/#organization\"},\"potentialAction\":[{\"@type\":\"SearchAction\",\"target\":{\"@type\":\"EntryPoint\",\"urlTemplate\":\"https:\/\/dev.kompaktdesign.hu\/hodszolar.hu\/?s={search_term_string}\"},\"query-input\":\"required name=search_term_string\"}],\"inLanguage\":\"hu\"},{\"@type\":\"Organization\",\"@id\":\"https:\/\/dev.kompaktdesign.hu\/hodszolar.hu\/#organization\",\"name\":\"H\u00f3dszol\u00e1r Kft.\",\"url\":\"https:\/\/dev.kompaktdesign.hu\/hodszolar.hu\/\",\"sameAs\":[\"https:\/\/www.facebook.com\/hodszolar\"],\"logo\":{\"@type\":\"ImageObject\",\"inLanguage\":\"hu\",\"@id\":\"https:\/\/dev.kompaktdesign.hu\/hodszolar.hu\/#\/schema\/logo\/image\/\",\"url\":\"https:\/\/dev.kompaktdesign.hu\/hodszolar.hu\/wp-content\/uploads\/2021\/05\/fvicon.png\",\"contentUrl\":\"https:\/\/dev.kompaktdesign.hu\/hodszolar.hu\/wp-content\/uploads\/2021\/05\/fvicon.png\",\"width\":132,\"height\":132,\"caption\":\"H\u00f3dszol\u00e1r Kft.\"},\"image\":{\"@id\":\"https:\/\/dev.kompaktdesign.hu\/hodszolar.hu\/#\/schema\/logo\/image\/\"}},{\"@type\":\"Person\",\"@id\":\"https:\/\/dev.kompaktdesign.hu\/hodszolar.hu\/#\/schema\/person\/a788af940a3d6b2829396312340dd08c\",\"name\":\"H\u00f3dszol\u00e1r Kft.\",\"image\":{\"@type\":\"ImageObject\",\"inLanguage\":\"hu\",\"@id\":\"https:\/\/dev.kompaktdesign.hu\/hodszolar.hu\/#\/schema\/person\/image\/\",\"url\":\"https:\/\/secure.gravatar.com\/avatar\/38df000db6f2e93b7f0ccccf7714392424ca033738d34dfe71f19fdb70329830?s=96&d=mm&r=g\",\"contentUrl\":\"https:\/\/secure.gravatar.com\/avatar\/38df000db6f2e93b7f0ccccf7714392424ca033738d34dfe71f19fdb70329830?s=96&d=mm&r=g\",\"caption\":\"H\u00f3dszol\u00e1r Kft.\"},\"url\":\"https:\/\/dev.kompaktdesign.hu\/hodszolar.hu\/author\/hodszolar\/\"}]}<\/script>\n<!-- \/ Yoast SEO plugin. -->","yoast_head_json":{"title":"F\u0171t\u00e9s t\u00edpusai - 2. r\u00e9sz | H\u00f3dszol\u00e1r","robots":{"index":"noindex","follow":"follow","max-snippet":"max-snippet:-1","max-image-preview":"max-image-preview:large","max-video-preview":"max-video-preview:-1"},"og_locale":"hu_HU","og_type":"article","og_title":"F\u0171t\u00e9s t\u00edpusai - 2. r\u00e9sz | H\u00f3dszol\u00e1r","og_description":"4. Elektromos f\u0171t\u00e9s Mi is az elektromos f\u0171t\u00e9s? Az elektromos \u00e1ramot egy megfelel\u0151 egys\u00e9g seg\u00edts\u00e9g\u00e9vel h\u0151v\u00e9 alak\u00edtjuk. Az energi\u00e1t az elektromos \u00e1ram biztos\u00edtja. Az elektromos f\u0171t\u00e9s k\u00f6nnyen \u00e9s rugalmasan szab\u00e1lyozhat\u00f3, gyorsan reag\u00e1l a megv\u00e1ltozott ig\u00e9nyekre \u00e9s be\u00e1ll\u00edt\u00e1sokra. Az elektromos f\u0171t\u00e9s eset\u00e9ben nincs rejtett h\u0151vesztes\u00e9g, mint pl. a k\u00e9m\u00e9ny, a bizonytalanul v\u00e1ltoz\u00f3 kaz\u00e1nhat\u00e1sfok stb. Az elektromos [&hellip;]","og_url":"https:\/\/dev.kompaktdesign.hu\/hodszolar.hu\/2022\/02\/23\/futes-tipusai-2-resz\/","og_site_name":"H\u00f3dszol\u00e1r","article_publisher":"https:\/\/www.facebook.com\/hodszolar","article_published_time":"2022-02-23T09:51:32+00:00","article_modified_time":"2022-02-23T09:51:33+00:00","og_image":[{"width":1080,"height":1080,"url":"https:\/\/dev.kompaktdesign.hu\/hodszolar.hu\/wp-content\/uploads\/2022\/02\/2.-resz.png","type":"image\/png"}],"author":"H\u00f3dszol\u00e1r Kft.","twitter_card":"summary_large_image","twitter_misc":{"Szerz\u0151:":"H\u00f3dszol\u00e1r Kft.","Becs\u00fclt olvas\u00e1si id\u0151":"8 perc"},"schema":{"@context":"https:\/\/schema.org","@graph":[{"@type":"Article","@id":"https:\/\/dev.kompaktdesign.hu\/hodszolar.hu\/2022\/02\/23\/futes-tipusai-2-resz\/#article","isPartOf":{"@id":"https:\/\/dev.kompaktdesign.hu\/hodszolar.hu\/2022\/02\/23\/futes-tipusai-2-resz\/"},"author":{"name":"H\u00f3dszol\u00e1r Kft.","@id":"https:\/\/dev.kompaktdesign.hu\/hodszolar.hu\/#\/schema\/person\/a788af940a3d6b2829396312340dd08c"},"headline":"F\u0171t\u00e9s t\u00edpusai - 2. r\u00e9sz","datePublished":"2022-02-23T09:51:32+00:00","dateModified":"2022-02-23T09:51:33+00:00","mainEntityOfPage":{"@id":"https:\/\/dev.kompaktdesign.hu\/hodszolar.hu\/2022\/02\/23\/futes-tipusai-2-resz\/"},"wordCount":2906,"commentCount":0,"publisher":{"@id":"https:\/\/dev.kompaktdesign.hu\/hodszolar.hu\/#organization"},"articleSection":["Egy\u00e9b kateg\u00f3ria"],"inLanguage":"hu","potentialAction":[{"@type":"CommentAction","name":"Comment","target":["https:\/\/dev.kompaktdesign.hu\/hodszolar.hu\/2022\/02\/23\/futes-tipusai-2-resz\/#respond"]}]},{"@type":"WebPage","@id":"https:\/\/dev.kompaktdesign.hu\/hodszolar.hu\/2022\/02\/23\/futes-tipusai-2-resz\/","url":"https:\/\/dev.kompaktdesign.hu\/hodszolar.hu\/2022\/02\/23\/futes-tipusai-2-resz\/","name":"F\u0171t\u00e9s t\u00edpusai - 2. r\u00e9sz | H\u00f3dszol\u00e1r","isPartOf":{"@id":"https:\/\/dev.kompaktdesign.hu\/hodszolar.hu\/#website"},"datePublished":"2022-02-23T09:51:32+00:00","dateModified":"2022-02-23T09:51:33+00:00","breadcrumb":{"@id":"https:\/\/dev.kompaktdesign.hu\/hodszolar.hu\/2022\/02\/23\/futes-tipusai-2-resz\/#breadcrumb"},"inLanguage":"hu","potentialAction":[{"@type":"ReadAction","target":["https:\/\/dev.kompaktdesign.hu\/hodszolar.hu\/2022\/02\/23\/futes-tipusai-2-resz\/"]}]},{"@type":"BreadcrumbList","@id":"https:\/\/dev.kompaktdesign.hu\/hodszolar.hu\/2022\/02\/23\/futes-tipusai-2-resz\/#breadcrumb","itemListElement":[{"@type":"ListItem","position":1,"name":"Kezd\u0151lap","item":"https:\/\/dev.kompaktdesign.hu\/hodszolar.hu\/"},{"@type":"ListItem","position":2,"name":"F\u0171t\u00e9s t\u00edpusai - 2. r\u00e9sz"}]},{"@type":"WebSite","@id":"https:\/\/dev.kompaktdesign.hu\/hodszolar.hu\/#website","url":"https:\/\/dev.kompaktdesign.hu\/hodszolar.hu\/","name":"H\u00f3dszol\u00e1r","description":"A v\u00e1s\u00e1rhelyi napelemes","publisher":{"@id":"https:\/\/dev.kompaktdesign.hu\/hodszolar.hu\/#organization"},"potentialAction":[{"@type":"SearchAction","target":{"@type":"EntryPoint","urlTemplate":"https:\/\/dev.kompaktdesign.hu\/hodszolar.hu\/?s={search_term_string}"},"query-input":"required name=search_term_string"}],"inLanguage":"hu"},{"@type":"Organization","@id":"https:\/\/dev.kompaktdesign.hu\/hodszolar.hu\/#organization","name":"H\u00f3dszol\u00e1r Kft.","url":"https:\/\/dev.kompaktdesign.hu\/hodszolar.hu\/","sameAs":["https:\/\/www.facebook.com\/hodszolar"],"logo":{"@type":"ImageObject","inLanguage":"hu","@id":"https:\/\/dev.kompaktdesign.hu\/hodszolar.hu\/#\/schema\/logo\/image\/","url":"https:\/\/dev.kompaktdesign.hu\/hodszolar.hu\/wp-content\/uploads\/2021\/05\/fvicon.png","contentUrl":"https:\/\/dev.kompaktdesign.hu\/hodszolar.hu\/wp-content\/uploads\/2021\/05\/fvicon.png","width":132,"height":132,"caption":"H\u00f3dszol\u00e1r Kft."},"image":{"@id":"https:\/\/dev.kompaktdesign.hu\/hodszolar.hu\/#\/schema\/logo\/image\/"}},{"@type":"Person","@id":"https:\/\/dev.kompaktdesign.hu\/hodszolar.hu\/#\/schema\/person\/a788af940a3d6b2829396312340dd08c","name":"H\u00f3dszol\u00e1r Kft.","image":{"@type":"ImageObject","inLanguage":"hu","@id":"https:\/\/dev.kompaktdesign.hu\/hodszolar.hu\/#\/schema\/person\/image\/","url":"https:\/\/secure.gravatar.com\/avatar\/38df000db6f2e93b7f0ccccf7714392424ca033738d34dfe71f19fdb70329830?s=96&d=mm&r=g","contentUrl":"https:\/\/secure.gravatar.com\/avatar\/38df000db6f2e93b7f0ccccf7714392424ca033738d34dfe71f19fdb70329830?s=96&d=mm&r=g","caption":"H\u00f3dszol\u00e1r Kft."},"url":"https:\/\/dev.kompaktdesign.hu\/hodszolar.hu\/author\/hodszolar\/"}]}},"_links":{"self":[{"href":"https:\/\/dev.kompaktdesign.hu\/hodszolar.hu\/wp-json\/wp\/v2\/posts\/847","targetHints":{"allow":["GET"]}}],"collection":[{"href":"https:\/\/dev.kompaktdesign.hu\/hodszolar.hu\/wp-json\/wp\/v2\/posts"}],"about":[{"href":"https:\/\/dev.kompaktdesign.hu\/hodszolar.hu\/wp-json\/wp\/v2\/types\/post"}],"author":[{"embeddable":true,"href":"https:\/\/dev.kompaktdesign.hu\/hodszolar.hu\/wp-json\/wp\/v2\/users\/3"}],"replies":[{"embeddable":true,"href":"https:\/\/dev.kompaktdesign.hu\/hodszolar.hu\/wp-json\/wp\/v2\/comments?post=847"}],"version-history":[{"count":1,"href":"https:\/\/dev.kompaktdesign.hu\/hodszolar.hu\/wp-json\/wp\/v2\/posts\/847\/revisions"}],"predecessor-version":[{"id":849,"href":"https:\/\/dev.kompaktdesign.hu\/hodszolar.hu\/wp-json\/wp\/v2\/posts\/847\/revisions\/849"}],"wp:featuredmedia":[{"embeddable":true,"href":"https:\/\/dev.kompaktdesign.hu\/hodszolar.hu\/wp-json\/wp\/v2\/media\/848"}],"wp:attachment":[{"href":"https:\/\/dev.kompaktdesign.hu\/hodszolar.hu\/wp-json\/wp\/v2\/media?parent=847"}],"wp:term":[{"taxonomy":"category","embeddable":true,"href":"https:\/\/dev.kompaktdesign.hu\/hodszolar.hu\/wp-json\/wp\/v2\/categories?post=847"},{"taxonomy":"post_tag","embeddable":true,"href":"https:\/\/dev.kompaktdesign.hu\/hodszolar.hu\/wp-json\/wp\/v2\/tags?post=847"}],"curies":[{"name":"wp","href":"https:\/\/api.w.org\/{rel}","templated":true}]}}