{"id":850,"date":"2022-02-23T10:52:23","date_gmt":"2022-02-23T10:52:23","guid":{"rendered":"https:\/\/hodszolar.hu\/?p=850"},"modified":"2022-02-23T10:52:24","modified_gmt":"2022-02-23T10:52:24","slug":"futes-tipusai-3-resz","status":"publish","type":"post","link":"https:\/\/dev.kompaktdesign.hu\/hodszolar.hu\/2022\/02\/23\/futes-tipusai-3-resz\/","title":{"rendered":"F\u0171t\u00e9s t\u00edpusai - 3. r\u00e9sz"},"content":{"rendered":"\n<p><strong>4\/2. Elektromos padl\u00f3f\u0171t\u00e9s<\/strong><\/p>\n\n\n\n<p>Az elektromos padl\u00f3f\u0171t\u00e9s f\u0171t\u0151k\u00e1bellel val\u00f3sul meg. A j\u00e1r\u00f3fel\u00fclet alatti betonba helyezz\u00fck el az elektromos f\u0171t\u0151k\u00e1belt, majd erre tessz\u00fck a hidegburkolatot, lamin\u00e1lt parkett\u00e1t vagy vinilt tetsz\u00e9s szerint. A f\u0171t\u0151k\u00e1belek a h\u0151t el\u0151sz\u00f6r a betonr\u00e9teg fel\u00e9 k\u00f6zvet\u00edtik, majd miut\u00e1n az felmelegszik, a meleg tov\u00e1bb \u00e1ramlik a helyis\u00e9gbe. A felmelegedett beton \u2013 \u00e1ramsz\u00fcnet eset\u00e9ben is \u2013 nagyj\u00e1b\u00f3l 24 \u00f3r\u00e1n \u00e1t k\u00e9pes tartani a h\u0151t \u00e9s ek\u00f6zben folyamatosan f\u0171teni a helyis\u00e9geket. A padl\u00f3f\u0171t\u00e9s betonr\u00e9teg\u00e9t az oldalfalak ir\u00e1ny\u00e1b\u00f3l \u00e9s alulr\u00f3l egyar\u00e1nt h\u0151szigetelni kell, hogy a h\u0151 kiz\u00e1r\u00f3lag a lak\u00f3t\u00e9r fel\u00e9 tudjon \u00e1ramolni. K\u00e9tf\u00e9le fajt\u00e1ja l\u00e9tezik, a direkt- \u00e9s a h\u0151t\u00e1rol\u00f3s padl\u00f3f\u0171t\u00e9s.<\/p>\n\n\n\n<p><em>Direkt padl\u00f3f\u0171t\u00e9s<\/em><\/p>\n\n\n\n<p>Jellemz\u0151en a j\u00e1r\u00f3fel\u00fclet al\u00e1 6-7 cm betont szoktak tenni, mert ez felel meg a statikai el\u0151\u00edr\u00e1soknak. Ha ebbe a v\u00e9konyabb betonr\u00e9tegbe tessz\u00fck a f\u0171t\u0151k\u00e1belt, akkor direkt padl\u00f3f\u0171t\u00e9sr\u0151l besz\u00e9l\u00fcnk. A kisebb t\u00f6meg\u0171 beton nem k\u00e9pes annyi meleget elt\u00e1rolni, hogy tov\u00e1bbi \u00e1rambevitel n\u00e9lk\u00fcl 8-10 \u00f3r\u00e1ig egyenletes h\u0151t biztos\u00edtson a lak\u00e1sban. A kisebb h\u0151t\u00e1rol\u00f3 k\u00e9pess\u00e9ge miatt, k\u00e9nytelenek vagyunk a direkt elektromos f\u0171t\u00e9st norm\u00e1l tarif\u00e1j\u00fa \u00e1rammal \u00fczemeltetni, \u00edgy biztos\u00edtva a folyamatos, komfortos meleget a lak\u00e1sban. A direkt elektromos padl\u00f3f\u0171t\u00e9s m\u0171k\u00f6d\u00e9si k\u00f6lts\u00e9g\u00e9t cs\u00f6kkenteni csak <strong>napelemek<\/strong> felszerel\u00e9s\u00e9vel tudjuk.<\/p>\n\n\n\n<p><em>H\u0151t\u00e1rol\u00f3s padl\u00f3f\u0171t\u00e9s<\/em><\/p>\n\n\n\n<p>A h\u0151t\u00e1rol\u00f3s padl\u00f3f\u0171t\u00e9sn\u00e9l 10-12 cm betonba ker\u00fclnek a f\u0171t\u0151k\u00e1belek. Ez a betonvastags\u00e1g m\u00e1r k\u00e9pes annyi meleget mag\u00e1ban t\u00e1rolni, hogy elegend\u0151 legyen csak napi nyolc \u00f3r\u00e1ban kaphat\u00f3 vez\u00e9relt (kor\u00e1bban \u00e9jszakainak nevezett) \u00e1rammal m\u0171k\u00f6dtetni. Az alacsony \u00e1ramtarifa el\u0151nye az \u00e9vtizedekig tart\u00f3 olcs\u00f3bb m\u0171k\u00f6d\u00e9si k\u00f6lts\u00e9g. Persze ezt is \u00e9rdemes tov\u00e1bb cs\u00f6kkenteni <strong>napelemek<\/strong> felszerel\u00e9s\u00e9vel.<\/p>\n\n\n\n<p>A be\u00e9p\u00edtend\u0151 elektromos f\u0171t\u00e9si teljes\u00edtm\u00e9nyt a helyis\u00e9g rendeltet\u00e9s\u00e9t \u00e9s sz\u00e1molt h\u0151vesztes\u00e9g\u00e9t figyelembe v\u00e9ve kell meghat\u00e1rozni. A legt\u00f6bben nem tudj\u00e1k megmondani, mennyi a h\u00e1zuk h\u0151vesztes\u00e9ge, melynek kider\u00edt\u00e9s\u00e9re szolg\u00e1l pl. az energiatan\u00fas\u00edtv\u00e1ny. Ha nem \u00e1llnak rendelkez\u00e9sre h\u0151vesztes\u00e9gi adatok, akkor a teljes \u00e9p\u00fclet falainak, ablakainak h\u0151szigetel\u00e9si jellemz\u0151it\u0151l f\u00fcgg\u0151en v\u00e9gz\u00fcnk kalkul\u00e1ci\u00f3t.<\/p>\n\n\n\n<p>A kikalkul\u00e1lt n\u00e9gyzetm\u00e9terenk\u00e9nti teljes\u00edtm\u00e9nyt egyr\u00e9szt a f\u0171t\u0151k\u00e1belek egym\u00e1s k\u00f6z\u00f6tti t\u00e1vols\u00e1g\u00e1val \u00e1ll\u00edtjuk be, m\u00e1sr\u00e9szt a k\u00e1bel m\u00e9terenk\u00e9nti teljes\u00edtm\u00e9ny\u00e9t v\u00e1ltoztatjuk. Akkor lesz komfortos az elektromos padl\u00f3f\u0171t\u00e9s, ha a padl\u00f3fel\u00fclet legal\u00e1bb 90%-\u00e1ra ter\u00edt\u00fcnk f\u0171t\u0151k\u00e1belt.<\/p>\n\n\n\n<figure class=\"wp-block-image is-resized\"><img loading=\"lazy\" decoding=\"async\" src=\"https:\/\/www.villanylap.hu\/images\/4326-1488194843.jpg\" alt=\"Elektromos padl\u00f3f\u0171t\u00e9s: nem az \u00f6rd\u00f6gt\u0151l val\u00f3\" width=\"840\" height=\"439\"\/><\/figure>\n\n\n\n<p><em>A f\u0171t\u0151k\u00e1belek be\u00e9p\u00edt\u00e9se<\/em><\/p>\n\n\n\n<p>Az elektromos padl\u00f3f\u0171t\u00e9s r\u00e9tegrendje meghat\u00e1rozza, hogy a f\u0171t\u0151beton al\u00e1 \u00e9s a falak ment\u00e9n is el kell helyezni a h\u0151szigetel\u00e9st. A betonoz\u00e1s el\u0151tt minden egyes f\u0171t\u0151sz\u00e1lon sz\u00e1lfolytonoss\u00e1gi vizsg\u00e1latot, illetve szigetel\u00e9si ellen\u00e1ll\u00e1s m\u00e9r\u00e9st kell v\u00e9gezni.<\/p>\n\n\n\n<p><em>A villamos padl\u00f3f\u0171t\u00e9s szab\u00e1lyoz\u00e1sa<\/em><\/p>\n\n\n\n<p>A f\u0171t\u00f6tt betonba \u00e1gyazott h\u0151m\u00e9rs\u00e9klet \u00e9rz\u00e9kel\u0151 seg\u00edts\u00e9g\u00e9vel a termoszt\u00e1ton be tudjuk \u00e1ll\u00edtani a k\u00edv\u00e1nt padl\u00f3h\u0151m\u00e9rs\u00e9kletet, \u00edgy az ig\u00e9nyeknek megfelel\u0151en kapcsolja be \u00e9s ki a f\u0171t\u00e9st. Az elektromos padl\u00f3f\u0171t\u00e9s j\u00f3l szab\u00e1lyozhat\u00f3 b\u00e1rmilyen okos rendszerrel vagy wifis termoszt\u00e1ttal is.<\/p>\n\n\n\n<p><em>Mi a titka?<\/em><\/p>\n\n\n\n<p>Az elektromos padl\u00f3f\u0171t\u00e9s biztons\u00e1g\u00e1t \u00e9s tart\u00f3ss\u00e1g\u00e1t a j\u00f3 tervez\u00e9s garant\u00e1lja. Ez\u00e9rt nem aj\u00e1nlott egy helyis\u00e9gbe csup\u00e1n egy f\u0171t\u0151k\u00e1belt be\u00e9p\u00edten\u00fcnk, hanem egym\u00e1ssal p\u00e1rhuzamosan legal\u00e1bb kett\u0151t, nagyobb szob\u00e1kba t\u00f6bbet. A f\u0171t\u0151k\u00e1belek lefektet\u00e9se mindig egym\u00e1ssal p\u00e1rhuzamosan, a teljes fel\u00fcleten t\u00f6rt\u00e9nik, a megfelel\u0151 k\u00e1belt\u00e1vols\u00e1got m\u0171anyag t\u00e1vtart\u00f3val biztos\u00edtva. A f\u0171t\u0151k\u00e1belek p\u00e1rhuzamos fektet\u00e9se azt eredm\u00e9nyezi, hogy ha egy f\u0171t\u0151k\u00e1bel esetleg kiesik, akkor sem marad f\u0171tetlen fel\u00fclet. A betonban t\u00f6rt\u00e9n\u0151 egyenletes h\u0151eloszl\u00e1st a f\u0171t\u0151k\u00e1belek k\u00f6rnyezet\u00e9ben elhelyezett vash\u00e1l\u00f3val is n\u00f6velhetj\u00fck.<\/p>\n\n\n\n<p>A h\u0151t\u00e1rol\u00f3s padl\u00f3f\u0171t\u00e9si rendszer f\u0151 el\u0151nye a h\u0151t\u00e1rol\u00e1si k\u00e9pess\u00e9g, ami azt jelenti, hogy mindegy mikor kapom az \u00e1ramszolg\u00e1ltat\u00f3t\u00f3l a vez\u00e9relt \u00e1ramot, a lak\u00e1sban mindig egyenletes meleg van. Ugyanis a vastag, j\u00f3l szigetelt beton t\u00f6bb, mint egy napra elegend\u0151 meleget t\u00e1rol mag\u00e1ban.<\/p>\n\n\n\n<p><em>T\u00e9vhitek az elektromos padl\u00f3f\u0171t\u00e9s kapcs\u00e1n<\/em><\/p>\n\n\n\n<p>Elektroszmog<\/p>\n\n\n\n<p>A lak\u00e1saink fal\u00e1ban elhelyezett t\u00f6bb sz\u00e1z m\u00e9ternyi elektromos vezet\u00e9k, valamint a haszn\u00e1latos elektromos berendez\u00e9seink nagy t\u00f6bbs\u00e9ge gerjeszt elektroszmogot. Fontos teh\u00e1t tudni, hogy a f\u0171t\u0151k\u00e1belek teljes fel\u00fclet\u00fck\u00f6n \u00e1rny\u00e9koltak, ellenben minden egy\u00e9bbel. Ezt az \u00e1rny\u00e9kol\u00f3 r\u00e9zsz\u00f6vetet be kell k\u00f6tni a h\u00e1z f\u00f6ldel\u00e9s\u00e9be pontosan azzal a c\u00e9llal, hogy levezess\u00e9k a keletkez\u0151 elektroszmogot, vagyis hozz\u00e1nk a lak\u00f3t\u00e9rbe ez m\u00e1r nem jut el. Kiv\u00e9telt k\u00e9pez ez al\u00f3l, az egyesek \u00e1ltal padl\u00f3f\u0171t\u00e9snek forgalmazott f\u0171t\u00f3f\u00f3lia, ami gy\u00e1rilag nem rendelkezik \u00e1rny\u00e9kol\u00e1ssal.<\/p>\n\n\n\n<p>Sz\u00e1ll\u00f3por<\/p>\n\n\n\n<p>Mivel az elektromos padl\u00f3f\u0171t\u00e9s pontosan szab\u00e1lyozhat\u00f3 \u00e9s a padl\u00f3 h\u0151m\u00e9rs\u00e9klete is korl\u00e1tozhat\u00f3, sokkal kisebb m\u00e9rt\u00e9kben lebegteti a port, mint pl. a vizes padl\u00f3f\u0171t\u00e9s. Szint\u00e9n a szab\u00e1lyozhat\u00f3s\u00e1g\u00e1nak k\u00f6sz\u00f6nhet\u0151, hogy nem tud a l\u00e1bunk alatt felforr\u00f3sodni a j\u00e1r\u00f3fel\u00fclet.<\/p>\n\n\n\n<p>Terhelhet\u0151s\u00e9g<\/p>\n\n\n\n<p>Vannak, akik az\u00e9rt nem v\u00e1lasztj\u00e1k sz\u00edvesen az elektromos padl\u00f3f\u0171t\u00e9st, mert att\u00f3l f\u00e9lnek, hogy egy f\u0171t\u00f6tt betonlapot nem lehet ugyan\u00fagy terhelni, mint egy f\u0171tetlent. Ez a v\u00e9lem\u00e9ny minden m\u0171szaki alapot n\u00e9lk\u00fcl\u00f6z, ugyanis m\u0171anyag padl\u00f3f\u0171t\u0151 cs\u00f6vek haszn\u00e1lata, semmiben nem korl\u00e1tozza a betonlap statikus \u00e9s teherb\u00edr\u00f3 kapacit\u00e1s\u00e1t. A betonlap teherb\u00edr\u00f3 k\u00e9pess\u00e9ge egyed\u00fcl az altalajon \u00e9s bizonyos esetekben a h\u0151szigetel\u00e9sen, valamint a padl\u00f3lemez szerkezet\u00e9n m\u00falik.<\/p>\n\n\n\n<p>Burkol\u00e1s<\/p>\n\n\n\n<p>Egyesek szerint elektromos padl\u00f3f\u0171t\u00e9s hagyom\u00e1nyos fa parketta mellett nem megval\u00f3s\u00edthat\u00f3, azonban m\u00e1r erre is vannak megold\u00e1sok.<\/p>\n\n\n\n<figure class=\"wp-block-image size-full is-resized\"><img loading=\"lazy\" decoding=\"async\" src=\"https:\/\/dev.kompaktdesign.hu\/hodszolar.hu\/wp-content\/uploads\/2022\/02\/maxresdefault.jpg\" alt=\"\" class=\"wp-image-851\" width=\"840\" height=\"508\"\/><\/figure>\n\n\n\n<p><em>Hogyan t\u00f6rt\u00e9nik az elektromos padl\u00f3f\u0171t\u00e9s vez\u00e9rl\u00e9se?<\/em><\/p>\n\n\n\n<p>A legjobb megold\u00e1s, ha minden helyis\u00e9gbe ker\u00fcl egy-egy padl\u00f3h\u0151m\u00e9rs\u00e9klet-\u00e9rz\u00e9kel\u0151 termoszt\u00e1t. Ezek gondoskodnak \u2013 a lak\u00f3 be\u00e1ll\u00edt\u00e1sa alapj\u00e1n \u2013 a funkcion\u00e1lisan elt\u00e9r\u0151 h\u0151ig\u00e9nyek kiel\u00e9g\u00edt\u00e9s\u00e9r\u0151l. A termoszt\u00e1t seg\u00edts\u00e9g\u00e9vel az adott helyis\u00e9g f\u0171t\u00e9se teljesen ki-, vagy egymag\u00e1ban be- is kapcsolhat\u00f3. A termoszt\u00e1tok egy r\u00e9sz\u00e9nek k\u00f6lts\u00e9ge is megtakar\u00edthat\u00f3, ha az eleve k\u00fcl\u00f6nb\u00f6z\u0151 funkci\u00f3j\u00fa helyis\u00e9gekbe elt\u00e9r\u0151 teljes\u00edtm\u00e9nyt \u00e9p\u00edt\u00fcnk be \u2013 az adott fel\u00fcletre t\u00f6bb f\u0171t\u0151k\u00e1belt tesz\u00fcnk. \u00cdgy egys\u00e9gnyi id\u0151 alatt a magasabb teljes\u00edtm\u00e9ny\u0171 \u2013 pl. f\u00fcrd\u0151 \u2013 jobban felmelegszik, mint a h\u00e1l\u00f3szoba<\/p>\n\n\n\n<p><strong>4\/3. Elektromos f\u0171t\u0151panel<\/strong><\/p>\n\n\n\n<p>Az elektromos f\u0171t\u0151panel nemcsak konvekci\u00f3s, hanem infra elven is f\u0171t, vegyes a f\u0171t\u00e9s m\u00f3dja. Meleg leveg\u0151s h\u0151\u00e1raml\u00e1s is l\u00e9trej\u00f6n, de itt \u00e9rezz\u00fck, hogy maga a f\u0171t\u0151test is f\u0171t \u00e9s sug\u00e1rozza a h\u0151t (infraf\u0171t\u00e9s). Energiatakar\u00e9kosabb, mint a sima konvektor (n\u00f6veli a j\u00f3 h\u0151\u00e9rzetet, \u00edgy letekerhetj\u00fck a termoszt\u00e1tot n\u00e9h\u00e1ny fokkal), nagyobb belmagass\u00e1g\u00fa (3 m\u00e9ter feletti) lak\u00e1sok kedvelt \u00e9s gazdas\u00e1gos f\u0171t\u00e9se. A jobb h\u0151\u00e9rzet 10-15% megtakar\u00edt\u00e1st eredm\u00e9nyezhet. Nincs a belmagass\u00e1gon bel\u00fcli komoly h\u0151m\u00e9rs\u00e9klet k\u00fcl\u00f6nbs\u00e9g, egyenletes a h\u0151eloszl\u00e1s, nem f\u0171ti feleslegesen a leveg\u0151t, ami a mennyezet alatt rekedhet. Elhelyez\u00e9se a falon t\u00f6rt\u00e9nik, de rakhat\u00f3 ak\u00e1r feljebb, hasmagass\u00e1gba is, mert az infraf\u0171t\u0151 panel r\u00e9sz \u00edgy is felf\u0171ti az als\u00f3bb r\u00e9szeket a szob\u00e1ban.<\/p>\n\n\n\n<p>Sz\u00e1mos esetben m\u0171k\u00f6dhet els\u0151dleges f\u0171t\u00e9si megold\u00e1sk\u00e9nt is. Szerencs\u00e9re ezt egyre t\u00f6bben l\u00e1tj\u00e1k be, hiszen az elektromos f\u0171t\u00e9s a j\u00f6v\u0151 megold\u00e1sa, melyek kombin\u00e1lhat\u00f3ak <strong>napelemekkel<\/strong>, \u00edgy ak\u00e1r ingyen vagy szinte ingyen is f\u0171thetj\u00fck otthonunkat. Nem sok m\u00e1s f\u0171t\u00e9si megold\u00e1s l\u00e9tezik, amir\u0151l ez elmondhat\u00f3.<\/p>\n\n\n\n<p>Kandall\u00f3 vagy cser\u00e9pk\u00e1lyha mell\u00e9 is nagyszer\u0171 megold\u00e1s, hiszen \u00edgy az \u00e9jszaka folyam\u00e1n lecs\u00f6kken\u0151 h\u0151m\u00e9rs\u00e9kletet \u00fajra vissza\u00e1ll\u00edthatjuk az ide\u00e1lisra. De az \u00e1tmeneti id\u0151szakban is j\u00f3 megold\u00e1s, amikor m\u00e1r est\u00e9nk\u00e9nt ig\u00e9nyeln\u00e9nk a f\u0171t\u00e9st, de m\u00e9gsem gy\u00fajtan\u00e1nk be teljesen a cser\u00e9pk\u00e1lyh\u00e1ba, vagy a k\u00f6zponti f\u0171t\u00e9s m\u00e9g nem indult el. Szint\u00e9n az elektromos f\u0171t\u0151panel mellett sz\u00f3l, hogy egy k\u00e1lyh\u00e1s f\u0171t\u00e9s sokkal probl\u00e9m\u00e1sabb, r\u00e1ad\u00e1sul egy bizonyos id\u0151n kereszt\u00fcl t\u00fczelni kell a k\u00e1lyh\u00e1t, hogy az tart\u00f3s meleget biztos\u00edtson. Ha nem vagyunk otthon, akkor erre nem igaz\u00e1n van lehet\u0151s\u00e9g, ezzel szemben egy elektromos panelt, amennyiben t\u00e1vvez\u00e9rl\u00e9sre is van lehet\u0151s\u00e9g, ak\u00e1r akkorra is beprogramozhatjuk, mikorra haza\u00e9r\u00fcnk.<\/p>\n\n\n\n<p>M\u00e1sik el\u0151nye, hogy kialak\u00edt\u00e1s\u00e1nak k\u00f6sz\u00f6nhet\u0151en (mivel ezekben a f\u0171t\u0151testekben nincs v\u00f6r\u00f6sen izz\u00f3 f\u0171t\u0151sz\u00e1l), nem tud r\u00e1telepedni a por, ami a hagyom\u00e1nyos f\u0171t\u00e9sek eset\u00e9ben meg\u00e9ghet, \u00e9s jellegzetes szagot \u00e1raszt. Elektromos f\u0171t\u00e9s eset\u00e9n nincs ilyen jelens\u00e9g. A f\u0171t\u0151panel kb. 60 fokra melegszik fel, vagyis nem \u00e9get, nem kell tartani att\u00f3l, hogy balesetet okoz.<\/p>\n\n\n\n<p>Azt is j\u00f3 tudni, hogy nemcsak a telep\u00edt\u00e9se a rendk\u00edv\u00fcl egyszer\u0171, hanem a leszerel\u00e9se is, vagyis ha elk\u00f6lt\u00f6z\u00fcnk, a j\u00f3l megszokott f\u0171t\u00e9si rendszert nem kell h\u00e1trahagynunk.<\/p>\n\n\n\n<p><em>Mi a k\u00fcl\u00f6nbs\u00e9g a konvektor, a f\u0171t\u0151panel \u00e9s a radi\u00e1tor k\u00f6z\u00f6tt?<\/em><\/p>\n\n\n\n<p>A konvektor eset\u00e9ben a f\u0171t\u0151elemen \u00e1thalad\u00f3 hideg leveg\u0151 felmelegszik \u00e9s term\u00e9szetes konvekci\u00f3 k\u00f6vetkezt\u00e9ben cirkul\u00e1l a helyis\u00e9gben. A f\u0171t\u0151panel a nagym\u00e9ret\u0171 alum\u00ednium f\u0171t\u0151testnek \u00e9s a perfor\u00e1lt takar\u00f3lemeznek k\u00f6sz\u00f6nhet\u0151en sug\u00e1rz\u00f3 panelk\u00e9nt is m\u0171k\u00f6dik. A radi\u00e1torok eset\u00e9ben kellemes, egyenletes h\u0151lead\u00e1ssal \u00e9rhet\u0151 el a maxim\u00e1lis komfort\u00e9rzet. A h\u0151m\u00e9rs\u00e9klet v\u00e1ltoz\u00e1s\u00e1ra gyorsan \u00e9s hat\u00e9konyan reag\u00e1lnak, nem h\u0171lnek le, ha lekapcsoljuk, \u00edgy biztos\u00edtva a j\u00f3 h\u0151\u00e9rzet fenntart\u00e1s\u00e1t.<\/p>\n\n\n\n<p><strong>4\/4. Infraf\u0171t\u00e9s<\/strong><\/p>\n\n\n\n<p>Az infrapanel a legt\u00f6bb vit\u00e1t gener\u00e1l\u00f3 f\u0171t\u0151test. Az alapt\u00edpus egy bekeretezett feh\u00e9r k\u00e9pre hasonl\u00edt, amit majdnem mindig a mennyezeten helyez\u00fcnk el, mert infraf\u0171t\u00e9se miatt (nem a leveg\u0151t f\u0171ti) a h\u0151 nem marad a mennyezet alatt, hanem a panel lesug\u00e1rozza azt az als\u00f3 r\u00e9gi\u00f3kba is.<\/p>\n\n\n\n<p>\u00d6sszess\u00e9g\u00e9ben az infrapanel egy elektromos \u00e1rammal m\u0171k\u00f6d\u0151, ak\u00e1r egyedileg szab\u00e1lyozhat\u00f3 infra f\u0171t\u0151test, amely a Nap sug\u00e1rz\u00f3 hat\u00e1s\u00e1hoz hasonl\u00f3an infrav\u00f6r\u00f6s sugarakkal meleg\u00edti fel a k\u00f6rnyezet\u00e9ben l\u00e9v\u0151 testeket. Az infrapanelek az elektromos energi\u00e1t alak\u00edtj\u00e1k \u00e1t h\u0151v\u00e9. Az infrapanel m\u0171k\u00f6d\u00e9se k\u00f6zben infrav\u00f6r\u00f6s sugarakat bocs\u00e1t ki, melyek csaknem azonosak a Nap \u00e1ltal kibocs\u00e1tott infrasug\u00e1rz\u00e1si tartom\u00e1nnyal.<\/p>\n\n\n\n<p>Egyszer\u0171s\u00edtett fel\u00e9p\u00edt\u00e9s\u00e9t tekintve az infrapanel egy ker\u00e1miaszemcs\u00e9s f\u0171t\u0151lapb\u00f3l, egyszerre vagy t\u00f6bbsz\u00f6r\u00f6s szigetel\u0151r\u00e9tegb\u0151l \u00e9s egy keretb\u0151l \u00e1ll. Az infrapanel m\u0171k\u00f6d\u00e9se szempontj\u00e1b\u00f3l a f\u0171t\u0151lap tov\u00e1bb bonthat\u00f3 egy elektromos vezet\u0151 \u00e9s egy szigetel\u0151 r\u00e9tegre, amely jellemz\u0151 \u00e9rt\u00e9ke az ellen\u00e1ll\u00e1snak m\u00e9rt\u00e9ke. Az elektromos \u00e1ram hat\u00e1s\u00e1ra a f\u0171t\u0151lap az ellen\u00e1ll\u00e1s\u00e1nak k\u00f6sz\u00f6nhet\u0151en felmelegszik, a teljes f\u0171t\u0151lapot \u00e1tmeleg\u00edti, ez\u00e1ltal m\u0171k\u00f6d\u00e9sbe hozva az infrapanel f\u0171t\u0151teljes\u00edtm\u00e9ny\u00e9t. Biztons\u00e1gi okokb\u00f3l az infra f\u0171t\u0151panel m\u0171k\u00f6d\u00e9s\u00e9t \u00fagy m\u00e9retezik, hogy adott h\u00e1l\u00f3zati fesz\u00fclts\u00e9g mellett ne tudjon t\u00falmelegedni.<\/p>\n\n\n\n<p>Az infrapanel nem tartalmaz olyan f\u0171t\u0151sz\u00e1lat, amely ki\u00e9ghet, illetve olyan egy\u00e9b alkatr\u00e9szt, amely norm\u00e1lis \u00fczemeltet\u00e9s mellett t\u00f6nkremehet. A fentiek alapj\u00e1n egy\u00e9rtelm\u0171, hogy az infrapanel m\u0171k\u00f6d\u00e9se nem csak biztons\u00e1gos, de kimondottan hossz\u00fa \u00e9lettartamot is k\u00edn\u00e1l. M\u0171k\u00f6d\u00e9se egyszer\u0171, hiszen mind\u00f6ssze az elektromos h\u00e1l\u00f3zatra kell csatlakoztatni \u00e9s m\u00e1r m\u0171k\u00f6d\u0151k\u00e9pes is. Kiz\u00e1r\u00f3lag elektromos h\u00e1l\u00f3zatra \u00e9s \u2013 ig\u00e9ny szerint \u2013 termoszt\u00e1tra van sz\u00fcks\u00e9g, hogy m\u0171k\u00f6dj\u00f6n.<\/p>\n\n\n\n<p>Az infrapanel lehet helyhez k\u00f6t\u00f6tt, fix telep\u00edt\u00e9s\u0171, de lehet mobilis, flexibilis m\u0171k\u00f6d\u00e9s\u0171 is. A fixen telep\u00edtett infrapanelek mellett a hordozhat\u00f3 m\u0171k\u00f6d\u00e9s\u0171 megold\u00e1sok kimondottan nagy el\u0151nyt \u00e9lveznek a hagyom\u00e1nyos f\u0171t\u00e9si m\u00f3dokkal szemben. Az infrapanel ugyanis nem t\u0171zvesz\u00e9lyes \u00e9s nem haszn\u00e1lja a helyis\u00e9g leveg\u0151j\u00e9t. \u00cdgy gyakorlatilag oda tudjuk telep\u00edteni ahova csak akarjuk, figyelembe v\u00e9ve az elektromos h\u00e1l\u00f3zatok \u00e9rint\u00e9sv\u00e9delmi szab\u00e1lyait.<\/p>\n\n\n\n<p><em>Az infraf\u0171t\u00e9s el\u0151nyei<\/em><\/p>\n\n\n\n<p>A hagyom\u00e1nyosnak tekinthet\u0151 konvektorok vagy radi\u00e1torok, illetve a padl\u00f3f\u0171t\u00e9s \u00e1ltal k\u00edn\u00e1lt m\u0171k\u00f6d\u00e9s az adott helyis\u00e9gben tal\u00e1lhat\u00f3 leveg\u0151t meleg\u00edtik fel, majd a leveg\u0151 meleg\u00edti \u00e1t a t\u00e1rgyakat, \u00e9l\u0151l\u00e9nyeket, \u00edgy \u00e9rik el a k\u00edv\u00e1nt szobah\u0151m\u00e9rs\u00e9kletet. Ezzel szemben az infrapanel m\u0171k\u00f6d\u00e9se sor\u00e1n a helyis\u00e9gben tal\u00e1lhat\u00f3 t\u00e1rgyak \u00e9s \u00e9l\u0151l\u00e9nyek az infrapanel \u00e1ltal kibocs\u00e1tott infrav\u00f6r\u00f6s sugarakat elnyelik, hat\u00e1s\u00e1ra k\u00f6zvetlen\u00fcl melegednek \u00e1t. A felmelegedett t\u00e1rgyak \u00e9s az \u00e9l\u0151 szervezetek ezut\u00e1n a szoba leveg\u0151j\u00e9nek is tov\u00e1bbadj\u00e1k a h\u0151t. Ez nagyon hasonl\u00f3 a Nap meleg\u00edt\u0151 hat\u00e1s\u00e1ra, amely hasonl\u00f3 m\u00f3don meleg\u00edti a f\u00f6ldfel\u00fcletet, a vizeket \u00e9s az \u00e9l\u0151l\u00e9nyeket, amelyek azt\u00e1n tov\u00e1bbadj\u00e1k a h\u0151t a leveg\u0151nek.<\/p>\n\n\n\n<p>A korszer\u0171 infrapanel m\u0171k\u00f6d\u00e9s\u00e9nek eredm\u00e9nye, hogy a helyis\u00e9gben tart\u00f3zkod\u00f3k sz\u00e1m\u00e1ra sokkal hamarabb \u00e9rezhet\u0151 az infraf\u0171t\u00e9s meleg\u00edt\u0151 ereje, ugyanakkor a meleg\u00edt\u0151 hat\u00e1s k\u00f6zvetlen (nem a leveg\u0151 k\u00f6zvet\u00edti), \u00edgy ak\u00e1r 2-4 fokkal alacsonyabb szobah\u0151m\u00e9rs\u00e9klet mellett is kellemes, komfortos h\u0151\u00e9rzetet alak\u00edthatunk ki.<\/p>\n\n\n\n<p>A mennyezeti infrapanel kiss\u00e9 \u00fajszer\u0171nek hangzik, de l\u00e9tezik. Az infrapanel mennyezetre r\u00f6gz\u00edt\u00e9s\u00e9t sokan v\u00e1lasztj\u00e1k, hiszen nem foglal helyet a falon \u00e9s pont oda lehet tervezni, ahol legjobban \u00e9lvezhetj\u00fck el\u0151nyeit.<\/p>\n\n\n\n<figure class=\"wp-block-image\"><img decoding=\"async\" src=\"https:\/\/infrabolt.hu\/wp-content\/uploads\/2015\/10\/bg_1-1-1.jpg\" alt=\"Infraf\u0171t\u00e9s - Infrabolt | Infraf\u0171t\u00e9s web\u00e1ruh\u00e1z\"\/><\/figure>\n\n\n\n<p>A panelek k\u00fcl\u00f6nf\u00e9le m\u00e9retben \u00e9s teljes\u00edtm\u00e9nyben el\u00e9rhet\u0151ek. A f\u00fcrd\u0151szob\u00e1ba nem sz\u00fcks\u00e9ges akkora teljes\u00edtm\u00e9ny\u0171, mint a nappaliba. De v\u00e1laszthatunk eg\u00e9szen kis teljes\u00edtm\u00e9ny\u0171t is, amely csak a l\u00e1bunkat meleg\u00edti az \u00edr\u00f3asztal alatt.<\/p>\n\n\n\n<p><em>Az infraf\u0171t\u00e9s h\u00e1tr\u00e1nyai<\/em><\/p>\n\n\n\n<p>Az infraf\u0171t\u00e9s rendelkezik saj\u00e1toss\u00e1gokkal, amelyek a felhaszn\u00e1l\u00f3 szintj\u00e9n \u00e9rz\u00e9kelhet\u0151 k\u00fcl\u00f6nbs\u00e9get okoznak egy hagyom\u00e1nyos rendszerrel szemben. Ezek egy\u00e9nenk\u00e9nt v\u00e1ltozhatnak, lehet, hogy valakinek egy\u00e1ltal\u00e1n nem zavar\u00f3 t\u00e9nyez\u0151k a k\u00f6vetkez\u0151k. Az infraf\u0171t\u00e9s m\u00e1sfajta komfort\u00e9rzetet ny\u00fajt, hiszen a t\u00e1rgyakat k\u00f6zvetlen\u00fcl meleg\u00edti fel, \u00edgy a helyis\u00e9gben minden t\u00e1rgy effekt\u00edv sug\u00e1rz\u00f3 h\u0151forr\u00e1snak tekinthet\u0151. Azonban olyan szempontb\u00f3l ez el\u0151nynek sz\u00e1m\u00edt, hogy az infrapanel \u00e1ltal felmeleg\u00edtett t\u00e1rgyak nem h\u0171lnek ki gyorsan, fokozatosan adj\u00e1t \u00e1t a h\u0151t a k\u00f6rnyezet\u00fcknek, \u00edgy nem jelentkezik a szell\u0151ztet\u00e9s okozta h\u00e1tr\u00e1ny, amikor a meleg leveg\u0151t egyetlen ajt\u00f3nyit\u00e1ssal kiengedj\u00fck.<\/p>\n\n\n\n<p><em>Pen\u00e9szes fal \u00e9s az infraf\u0171t\u00e9s<\/em><\/p>\n\n\n\n<p>Ha k\u00fczd\u00f6tt\u00fcnk pen\u00e9szes fallal, tudjuk, hogy a pen\u00e9sz f\u0151 kiv\u00e1lt\u00f3 oka a helyis\u00e9g leveg\u0151j\u00e9t\u0151l hidegebb fal. Itt ugyanis a hidegebb fel\u00fcleten ki tud csap\u00f3dni a p\u00e1ra, el\u0151ny\u00f6s felt\u00e9teleket teremtve a pen\u00e9sz kialakul\u00e1s\u00e1nak. Ez a jelens\u00e9g els\u0151sorban a konvekci\u00f3s l\u00e9g\u00e1raml\u00e1s f\u0171t\u0151hat\u00e1s\u00e1val m\u0171k\u00f6d\u0151 berendez\u00e9sek h\u00e1tr\u00e1nyos tulajdons\u00e1ga. Ezzel szemben az infrapanel el\u0151nye, hogy falat meleg\u00edti fel, \u00edgy a p\u00e1ra nem vagy sokkal kisebb m\u00e9rt\u00e9kben k\u00e9pes kicsap\u00f3dni, azaz nem lesz t\u00e1ptalaj a pen\u00e9sz sz\u00e1m\u00e1ra.<\/p>\n\n\n\n<p><em>L\u00e9g\u00e1raml\u00e1s \u00e9s leveg\u0151ben sz\u00e1ll\u00f3 por<\/em><\/p>\n\n\n\n<p>Ugyancsak a m\u0171k\u00f6d\u00e9si saj\u00e1toss\u00e1gaib\u00f3l ad\u00f3dik az infrapanel k\u00f6vetkez\u0151 el\u0151nye, m\u00e9gpedig a l\u00e9g\u00e1raml\u00e1s alacsony ig\u00e9nybev\u00e9tel\u00e9vel t\u00f6rt\u00e9n\u0151 f\u0171t\u00e9s. M\u00edg a hagyom\u00e1nyos f\u0171t\u00e9si m\u00f3dok h\u00e1tr\u00e1nyak\u00e9nt eml\u00edthetj\u00fck, hogy a felmeleg\u00edtett leveg\u0151 felemelkedik, ez\u00e1ltal egyfajta ventill\u00e1ci\u00f3t l\u00e9trehozva, addig az infrapanel el\u0151nye, hogy meleg\u00edt\u00e9shez az infrasugaraknak nincs sz\u00fcks\u00e9ge l\u00e9gmozg\u00e1sra.<\/p>\n\n\n\n<p>De mi\u00e9rt el\u0151ny vagy \u00e9ppen h\u00e1tr\u00e1ny a konvekci\u00f3s l\u00e9g\u00e1raml\u00e1s? A l\u00e9gmozg\u00e1s eredm\u00e9nyek\u00e9ppen a leveg\u0151ben sz\u00e1ll\u00f3 por koncentr\u00e1ci\u00f3ja magasabb lehet, mint az infraf\u0171t\u00e9s eset\u00e9ben, ahol nincs ilyen m\u00e9rt\u00e9k\u0171 l\u00e9gmozg\u00e1s. Ez mindenk\u00e9ppen az infrapanel el\u0151nye, hiszen a lebegtetett por koncentr\u00e1ci\u00f3ja eg\u00e9szs\u00e9g\u00fcgyi szempontb\u00f3l (is) h\u00e1tr\u00e1nyos.<\/p>\n\n\n\n<p><em>Infraf\u0171t\u00e9s ki\u00e9p\u00edt\u00e9se<\/em><\/p>\n\n\n\n<p>A ki\u00e9p\u00edt\u00e9s egyszer\u0171s\u00e9g\u00e9t \u00e9s vari\u00e1lhat\u00f3s\u00e1g\u00e1t szint\u00e9n az infrapanel el\u0151nyei k\u00f6z\u00e9 sorolhatjuk. Egy infrapanel be\u00e9p\u00edt\u00e9se ak\u00e1r percek alatt kivitelezhet\u0151, hiszen csak bedugom a konnektorba \u00e9s m\u00e1r m\u0171k\u00f6d\u0151k\u00e9pes is. Pont ott \u00e9s akkor, ahol \u00e9s amikor szeretn\u00e9m. Ez pedig \u00f3ri\u00e1si el\u0151ny. Ellenben a hagyom\u00e1nyos rendszerek vezet\u00e9kel\u00e9s\u00e9vel \u00e9s karbantart\u00e1s\u00e1val. Egy infrapanel eset\u00e9ben nem h\u00e1tr\u00e1ny, ha nincs k\u00e9m\u00e9ny vagy ki\u00e9p\u00edtett f\u0171t\u00e9si rendszer, s\u0151t, enged\u00e9lyeztetni sem kell. Mind\u00f6ssze elektromos \u00e1ramra van sz\u00fcks\u00e9g \u00e9s m\u00e1r \u00e9lvezhetj\u00fck is az infrapanel el\u0151nyeit.<\/p>\n\n\n\n<p><em>Az infraf\u0171t\u00e9s vesz\u00e9lyei<\/em><\/p>\n\n\n\n<p>Sokan k\u00e9rdezik, hogy k\u00e1ros vagy vesz\u00e9lyes-e az infrasug\u00e1rz\u00e1s. A v\u00e1lasz hat\u00e1rozottan nem. Az infra sug\u00e1rz\u00e1s nem k\u00e1ros \u00e9s nem vesz\u00e9lyes. Ezt j\u00f3l t\u00e1masztja al\u00e1, hogy az infrasugarak a modern orvostudom\u00e1nyban is haszn\u00e1latosak, pl. a fels\u0151 l\u00e9g\u00fati probl\u00e9m\u00e1k kezel\u00e9s\u00e9re.<\/p>\n\n\n\n<p><em>Az infraf\u0171t\u00e9s fogyaszt\u00e1sa<\/em><\/p>\n\n\n\n<p>Az infraf\u0171t\u00e9ssel kapcsolatban az egyik legfontosabb k\u00e9rd\u00e9s, hogy mekkora az infrapanel fogyaszt\u00e1sa, hogyan alakul majd a villanysz\u00e1ml\u00e1m? Hiszen az infraf\u0171t\u00e9s fogyaszt\u00e1sa egy\u00e9rtelm\u0171en a villanysz\u00e1ml\u00e1nkat terheli. Ezt egys\u00e9gnyi f\u0171t\u0151\u00e9rt\u00e9kre vet\u00edtve, majd a g\u00e1zzal, esetleg a fat\u00fczel\u00e9ssel \u00f6sszehasonl\u00edtva nem lesz meglep\u0151 az eredm\u00e9ny. A legolcs\u00f3bb az elektromos f\u0171t\u00e9s, amennyiben van <strong>napelem\u00fcnk<\/strong>! Ha nincs napelem, akkor \u00e1ltal\u00e1ban a legolcs\u00f3bb a fat\u00fczel\u00e9s, majd a g\u00e1zf\u0171t\u00e9s \u00e9s csak ut\u00e1na k\u00f6vetkezik az elektromos \u00e1rammal val\u00f3 f\u0171t\u00e9s. DE! Ez olyan, mintha aut\u00f3 v\u00e1s\u00e1rl\u00e1sakor csak azt n\u00e9zn\u00e9nk, hogy mennyit fogyaszt az aut\u00f3 \u00e9s azt m\u00e1r nem, hogy mennyi a v\u00e9tel\u00e1r, mennyi a szervizk\u00f6lts\u00e9g \u00e9s mekkora k\u00e9nyelmet ny\u00fajt nekem. Minden esetben \u00f6sszess\u00e9g\u00e9ben kell n\u00e9zni a kiad\u00e1sokat, \u00edgy az infrapanel fogyaszt\u00e1s\u00e1t is. Ha ezeket is figyelembe vessz\u00fck kider\u00fcl, hogy r\u00f6vid \u00e9s hossz\u00fa t\u00e1von is, ak\u00e1r 20-150%-kal is olcs\u00f3bb az infraf\u0171t\u00e9s, mint a f\u00f6ldg\u00e1zzal t\u00f6rt\u00e9n\u0151 f\u0171t\u00e9s.<\/p>\n\n\n\n<p><em>Az infrapanel m\u00e9retez\u00e9se<\/em><\/p>\n\n\n\n<p>Egy j\u00f3 szakember az infrapanel m\u00e9retez\u00e9s\u00e9hez figyelembe veszi a csal\u00e1d szok\u00e1sait. Vannak emberek, akik m\u00e1r 18\u00b0C-ban is j\u00f3l \u00e9rzik magukat, m\u00edg m\u00e1sok a 23\u00b0C-ban is f\u00e1znak. Ugyancsak a szok\u00e1sok alapj\u00e1n sz\u00fcks\u00e9gszer\u0171 megismerni a szell\u0151ztet\u00e9s gyakoris\u00e1g\u00e1t \u00e9s m\u00f3dj\u00e1t. Vannak, akik naponta t\u00f6bbsz\u00f6r is szell\u0151ztetnek, m\u00edg m\u00e1sok legfeljebb hetente egyszer. Pedig a szell\u0151ztet\u00e9s, f\u0151leg, amennyiben hosszabb idej\u0171, k\u00e9pes jelent\u0151sen befoly\u00e1solni a h\u0151ig\u00e9nyt.<\/p>\n\n\n\n<p>A m\u00e9retez\u00e9s sor\u00e1n szint\u00e9n figyelembe kell venni a k\u00fcls\u0151 h\u0151m\u00e9rs\u00e9kletet. Egy t\u00e1rsash\u00e1zi lak\u00e1sban, amelyet t\u00f6bb oldalr\u00f3l is f\u0171tenek a szomsz\u00e9dok, eg\u00e9szen m\u00e1s \u00e9rt\u00e9ket kapunk, mint egy mag\u00e1nyosan \u00e1ll\u00f3 csal\u00e1di h\u00e1z eset\u00e9ben. Ezzel szorosan \u00f6sszef\u00fcgg a szigetel\u00e9s, az anyagszerkezetek, azaz a leh\u0171l\u0151 fel\u00fcletek h\u0151\u00e1tbocs\u00e1t\u00e1si t\u00e9nyez\u0151i, valamint ezeknek a m\u00e9rete.<\/p>\n\n\n\n<p><strong>Termoszt\u00e1t<\/strong><\/p>\n\n\n\n<p>A mai modern kor, ami lehet\u0151v\u00e9 teszi, hogy otthonainkban a vil\u00e1g\u00edt\u00e1st \u00e9s a konyhai g\u00e9peket is t\u00e1volr\u00f3l ir\u00e1ny\u00edthassuk, szinte ki\u00e1lt az\u00e9rt, hogy ugyanezt a k\u00e9nyelmet \u00e9lvezhess\u00fck a f\u0171t\u00e9si rendszer\u00fcnk eset\u00e9ben is. Aki arra v\u00e1gyik, hogy maxim\u00e1lis k\u00e9nyelem mellett, de gazdas\u00e1gosan teremtse meg otthona meleg\u00e9t, annak \u00e9rdemes elgondolkodnia azon, hogy f\u0171t\u00e9s\u00e9t wifis, digit\u00e1lis h\u0151fokszab\u00e1lyoz\u00f3 seg\u00edts\u00e9g\u00e9vel vez\u00e9relje.<\/p>\n\n\n\n<p>Egy wifis h\u0151m\u00e9rs\u00e9klet szab\u00e1lyoz\u00f3 seg\u00edt megteremteni sz\u00e1munkra a maxim\u00e1lis szabads\u00e1got, hiszen az internet alap\u00fa m\u0171k\u00f6d\u00e9s\u00e9nek k\u00f6sz\u00f6nhet\u0151en b\u00e1rhonnan ir\u00e1ny\u00edthatjuk, ak\u00e1r k\u00fclf\u00f6ldr\u0151l is. Ez akkor k\u00fcl\u00f6n\u00f6sen hasznos lehet, ha elutazunk egy kis id\u0151re, de nem szeretn\u00e9nk, hogy teljesen kih\u0171lj\u00f6n a h\u00e1z, vagy ha a nyaral\u00f3nkat szeretn\u00e9nk minim\u00e1lisan melegen tartani, ahova t\u00e9len is lej\u00e1runk. A f\u0171t\u00e9si szok\u00e1sainkat ma m\u00e1r nem kell semmihez igaz\u00edtani, 100%-ig a saj\u00e1t ig\u00e9nyeinkre form\u00e1lhatjuk, ha van egy okos termoszt\u00e1tunk. Ezzel pedig anyagilag is el\u0151nyt kov\u00e1csolhatunk magunknak, az okos termoszt\u00e1tokkal ugyanis sokkal pontosabban \u00e1ll\u00edthatjuk be, mikor \u00e9s mennyit szeretn\u00e9nk f\u0171teni, ez\u00e9rt a felhaszn\u00e1lt energia, \u00e9s annak k\u00f6lts\u00e9ge t\u00e9nyleg a sz\u00fcks\u00e9gesre minimaliz\u00e1lhat\u00f3.<\/p>\n\n\n\n<figure class=\"wp-block-image is-resized\"><img loading=\"lazy\" decoding=\"async\" src=\"https:\/\/www.wavin.com\/hu-hu\/-\/media\/project\/fluent\/mexichem-wavin\/wavin-corporate\/hungary\/images\/category-pages\/sentio-lp\/sentio-termosztat-nappaliban-570x300.png?la=hu-hu&amp;hash=4765623890BB9BBC22099A31B2C93492\" alt=\"Mi az okos termoszt\u00e1t \u00e9s mire j\u00f3?\" width=\"841\" height=\"443\"\/><\/figure>\n\n\n\n<p><em>Mit\u0151l lesz okos egy termoszt\u00e1t?<\/em><\/p>\n\n\n\n<p>A hagyom\u00e1nyos, helyben vez\u00e9relhet\u0151 termoszt\u00e1tokkal ellent\u00e9tben, k\u00f6lts\u00e9ghat\u00e9konyabban f\u0171thet\u00fcnk egy okos termoszt\u00e1ttal, a sz\u00e1mtalan programoz\u00e1si m\u00f3dj\u00e1nak k\u00f6sz\u00f6nhet\u0151en. M\u00edg egy hagyom\u00e1nyos termoszt\u00e1tn\u00e1l, ahhoz, hogy mire fel\u00e9bred\u00fcnk reggel, el\u00e9rj\u00fck a sz\u00e1munkra megfelel\u0151 h\u0151m\u00e9rs\u00e9kletet p\u00e9ld\u00e1ul, eg\u00e9sz este mennie kell a f\u0171t\u00e9snek. A m\u00e1sik lehet\u0151s\u00e9g, hogy reggel feljebb \u00e1ll\u00edtjuk, de mire felmelegszik a lak\u00e1s, nagy val\u00f3sz\u00edn\u0171s\u00e9ggel indulunk is el otthonr\u00f3l. Ezzel szemben az okos termoszt\u00e1t lehet\u0151v\u00e9 teszi, hogy el\u0151re beprogramozzuk h\u00e1ny fokot szeretn\u00e9nk reggel vagy ak\u00e1r d\u00e9lut\u00e1n, amikor haza\u00e9r a csal\u00e1d.<\/p>\n\n\n\n<p>S\u0151t, ak\u00e1r azt is be\u00e1ll\u00edthatjuk. hogy azonos id\u0151ben, elt\u00e9r\u0151 m\u00e9rt\u00e9kben f\u0171ts\u00f6n a rendszer az egyes szob\u00e1kban \u2013 ami hasznos lehet, ha p\u00e9ld\u00e1ul kisgyermek van a csal\u00e1dban, akinek magasabb h\u0151m\u00e9rs\u00e9klet\u0171 k\u00f6rnyezetre van sz\u00fcks\u00e9ge. Ezekkel a gyors, egyszer\u0171 \u00e9s okos be\u00e1ll\u00edt\u00e1sokkal elker\u00fclhetj\u00fck a nagy \u00e9s hirtelen h\u0151ingadoz\u00e1sokat, amik az egyik legink\u00e1bb k\u00f6lts\u00e9gn\u00f6vel\u0151 faktorai a f\u0171t\u00e9sszezonnak.<\/p>\n\n\n\n<p><em>Hol ide\u00e1lis a termoszt\u00e1t elhelyez\u00e9se?<\/em><\/p>\n\n\n\n<p>Hagyom\u00e1nyos, vizes f\u0171t\u00e9sekn\u00e9l jellemz\u0151en egy termoszt\u00e1t vez\u00e9rli a kaz\u00e1nt, \u00e9s ha szakember a v\u00edzszerel\u0151, akkor a radi\u00e1torokon van egy-egy termoszt\u00e1t, \u00edgy valamelyest szab\u00e1lyozhat\u00f3 az egyes helyis\u00e9gek h\u0151m\u00e9rs\u00e9klete. \u00c9rdemes azonban ezzel kapcsolatban tiszt\u00e1zni a \u201ereferencia-helyis\u00e9g\u201d fogalm\u00e1t! Ez a lak\u00e1s azon r\u00e9sz\u00e9t jelenti, ahova a termoszt\u00e1t elhelyez\u00e9sre ker\u00fcl. Ez azt jelenti, hogy a k\u00e9sz\u00fcl\u00e9k innen k\u00fcldi az inform\u00e1ci\u00f3t a f\u0171t\u00e9si rendszernek arr\u00f3l, hogy aktu\u00e1lisan h\u00e1ny fokos h\u0151m\u00e9rs\u00e9klet uralkodik a h\u00e1zban, vagyis ez alapj\u00e1n fogja eld\u00f6nteni, hogy bekapcsoljon-e a rendszer vagy sem. Nem v\u00e9letlen teh\u00e1t, hogy a referencia-helyis\u00e9g kiv\u00e1laszt\u00e1s\u00e1n rengeteg m\u00falik, ugyanis, ha rossz helyre tessz\u00fck, akkor irre\u00e1lis adatokat fog k\u00fcldeni a f\u0171t\u00e9si rendszernek.<\/p>\n\n\n\n<p>Elektromos f\u0171t\u00e9si megold\u00e1sok eset\u00e9n minden helyis\u00e9gben elhelyez\u00e9sre ker\u00fcl egy termoszt\u00e1t, \u00edgy biztos\u00edtjuk a maxim\u00e1lis komfortot. Vezet\u00e9kes termoszt\u00e1t eset\u00e9ben gyakran visszat\u00e9r\u0151 hiba, hogy a k\u00e9sz\u00fcl\u00e9k a konyha-\u00e9tkez\u0151 k\u00f6rny\u00e9k\u00e9n ker\u00fcl elhelyez\u00e9sre, mondv\u00e1n, hogy az egy nagy k\u00f6z\u00f6ss\u00e9gi t\u00e9r, ahol sok id\u0151t t\u00f6lt\u00fcnk. Azonban ez nem biztos, hogy j\u00f3 v\u00e1laszt\u00e1s, ugyanis a rendszeres s\u00fct\u00e9s-f\u0151z\u00e9s miatt a konyh\u00e1ban \u00e1ltal\u00e1ban melegebb van, mint a t\u00f6bbi szob\u00e1ban. A termoszt\u00e1t \u00e9rz\u00e9keli a magasabb h\u0151m\u00e9rs\u00e9kletet, ez\u00e9rt nem fogja bekapcsolni a f\u0171t\u0151testeket, \u00edgy pedig a lak\u00e1s t\u00f6bbi pontj\u00e1n sem lesz f\u0171t\u00e9s.<\/p>\n\n\n\n<p>H\u0151m\u00e9rs\u00e9klet szempontj\u00e1b\u00f3l k\u00fcl\u00f6n megoldand\u00f3 feladat a f\u00fcrd\u0151szoba, ahov\u00e1 soha nem tesz\u00fcnk kaz\u00e1nt szab\u00e1lyoz\u00f3 termoszt\u00e1tot, pedig szinte mindenkinek az az ig\u00e9nye, hogy a f\u00fcrd\u0151ben legyen a lehet\u0151 legmelegebb. Ezen ig\u00e9nyt ki lehet el\u00e9g\u00edteni infraf\u0171t\u00e9ssel vagy elektromos t\u00f6r\u00f6lk\u00f6z\u0151sz\u00e1r\u00edt\u00f3val, amit bekapcsolva biztos\u00edthatjuk azt a t\u00f6bblet meleget, ami f\u00fcrd\u00e9skor sz\u00fcks\u00e9ges.<\/p>\n\n\n\n<p>A leghat\u00e9konyabb m\u0171k\u00f6d\u00e9s el\u00e9r\u00e9se \u00e9rdek\u00e9ben c\u00e9lszer\u0171 olyan helyet v\u00e1lasztani a termoszt\u00e1tnak, ahol nincs k\u00fcl\u00f6n\u00f6sebb h\u0151forr\u00e1s vagy hideg forr\u00e1s. Azt azonban aj\u00e1nljuk, hogy a bej\u00e1rati ajt\u00f3t\u00f3l \u00e9s minden egy\u00e9b ny\u00edl\u00e1sz\u00e1r\u00f3t\u00f3l t\u00e1voli helyet v\u00e1lasszunk a termoszt\u00e1tnak, ugyanis a folyamatos nyitogat\u00e1s okozta h\u0171v\u00f6s huzat megzavarhatja a k\u00e9sz\u00fcl\u00e9ket, ez\u00e1ltal mag\u00e1t a f\u0171t\u00e9st is.<\/p>\n","protected":false},"excerpt":{"rendered":"<p>4\/2. Elektromos padl\u00f3f\u0171t\u00e9s Az elektromos padl\u00f3f\u0171t\u00e9s f\u0171t\u0151k\u00e1bellel val\u00f3sul meg. A j\u00e1r\u00f3fel\u00fclet alatti betonba helyezz\u00fck el az elektromos f\u0171t\u0151k\u00e1belt, majd erre tessz\u00fck a hidegburkolatot, lamin\u00e1lt parkett\u00e1t vagy vinilt tetsz\u00e9s szerint. A f\u0171t\u0151k\u00e1belek a h\u0151t el\u0151sz\u00f6r a betonr\u00e9teg fel\u00e9 k\u00f6zvet\u00edtik, majd miut\u00e1n az felmelegszik, a meleg tov\u00e1bb \u00e1ramlik a helyis\u00e9gbe. A felmelegedett beton \u2013 \u00e1ramsz\u00fcnet eset\u00e9ben is [&hellip;]<\/p>\n","protected":false},"author":3,"featured_media":852,"comment_status":"open","ping_status":"open","sticky":false,"template":"","format":"standard","meta":{"footnotes":""},"categories":[1],"tags":[],"class_list":["post-850","post","type-post","status-publish","format-standard","has-post-thumbnail","hentry","category-egyeb"],"yoast_head":"<!-- This site is optimized with the Yoast SEO plugin v19.5.1 - https:\/\/yoast.com\/wordpress\/plugins\/seo\/ -->\n<title>F\u0171t\u00e9s t\u00edpusai - 3. r\u00e9sz | H\u00f3dszol\u00e1r<\/title>\n<meta name=\"robots\" content=\"noindex, follow, max-snippet:-1, max-image-preview:large, max-video-preview:-1\" \/>\n<meta property=\"og:locale\" content=\"hu_HU\" \/>\n<meta property=\"og:type\" content=\"article\" \/>\n<meta property=\"og:title\" content=\"F\u0171t\u00e9s t\u00edpusai - 3. r\u00e9sz | H\u00f3dszol\u00e1r\" \/>\n<meta property=\"og:description\" content=\"4\/2. Elektromos padl\u00f3f\u0171t\u00e9s Az elektromos padl\u00f3f\u0171t\u00e9s f\u0171t\u0151k\u00e1bellel val\u00f3sul meg. A j\u00e1r\u00f3fel\u00fclet alatti betonba helyezz\u00fck el az elektromos f\u0171t\u0151k\u00e1belt, majd erre tessz\u00fck a hidegburkolatot, lamin\u00e1lt parkett\u00e1t vagy vinilt tetsz\u00e9s szerint. A f\u0171t\u0151k\u00e1belek a h\u0151t el\u0151sz\u00f6r a betonr\u00e9teg fel\u00e9 k\u00f6zvet\u00edtik, majd miut\u00e1n az felmelegszik, a meleg tov\u00e1bb \u00e1ramlik a helyis\u00e9gbe. A felmelegedett beton \u2013 \u00e1ramsz\u00fcnet eset\u00e9ben is [&hellip;]\" \/>\n<meta property=\"og:url\" content=\"https:\/\/dev.kompaktdesign.hu\/hodszolar.hu\/2022\/02\/23\/futes-tipusai-3-resz\/\" \/>\n<meta property=\"og:site_name\" content=\"H\u00f3dszol\u00e1r\" \/>\n<meta property=\"article:publisher\" content=\"https:\/\/www.facebook.com\/hodszolar\" \/>\n<meta property=\"article:published_time\" content=\"2022-02-23T10:52:23+00:00\" \/>\n<meta property=\"article:modified_time\" content=\"2022-02-23T10:52:24+00:00\" \/>\n<meta property=\"og:image\" content=\"https:\/\/dev.kompaktdesign.hu\/hodszolar.hu\/wp-content\/uploads\/2022\/02\/3.-resz.png\" \/>\n\t<meta property=\"og:image:width\" content=\"1080\" \/>\n\t<meta property=\"og:image:height\" content=\"1080\" \/>\n\t<meta property=\"og:image:type\" content=\"image\/png\" \/>\n<meta name=\"author\" content=\"H\u00f3dszol\u00e1r Kft.\" \/>\n<meta name=\"twitter:card\" content=\"summary_large_image\" \/>\n<meta name=\"twitter:label1\" content=\"Szerz\u0151:\" \/>\n\t<meta name=\"twitter:data1\" content=\"H\u00f3dszol\u00e1r Kft.\" \/>\n\t<meta name=\"twitter:label2\" content=\"Becs\u00fclt olvas\u00e1si id\u0151\" \/>\n\t<meta name=\"twitter:data2\" content=\"14 perc\" \/>\n<script type=\"application\/ld+json\" class=\"yoast-schema-graph\">{\"@context\":\"https:\/\/schema.org\",\"@graph\":[{\"@type\":\"Article\",\"@id\":\"https:\/\/dev.kompaktdesign.hu\/hodszolar.hu\/2022\/02\/23\/futes-tipusai-3-resz\/#article\",\"isPartOf\":{\"@id\":\"https:\/\/dev.kompaktdesign.hu\/hodszolar.hu\/2022\/02\/23\/futes-tipusai-3-resz\/\"},\"author\":{\"name\":\"H\u00f3dszol\u00e1r Kft.\",\"@id\":\"https:\/\/dev.kompaktdesign.hu\/hodszolar.hu\/#\/schema\/person\/a788af940a3d6b2829396312340dd08c\"},\"headline\":\"F\u0171t\u00e9s t\u00edpusai - 3. r\u00e9sz\",\"datePublished\":\"2022-02-23T10:52:23+00:00\",\"dateModified\":\"2022-02-23T10:52:24+00:00\",\"mainEntityOfPage\":{\"@id\":\"https:\/\/dev.kompaktdesign.hu\/hodszolar.hu\/2022\/02\/23\/futes-tipusai-3-resz\/\"},\"wordCount\":4747,\"commentCount\":0,\"publisher\":{\"@id\":\"https:\/\/dev.kompaktdesign.hu\/hodszolar.hu\/#organization\"},\"articleSection\":[\"Egy\u00e9b kateg\u00f3ria\"],\"inLanguage\":\"hu\",\"potentialAction\":[{\"@type\":\"CommentAction\",\"name\":\"Comment\",\"target\":[\"https:\/\/dev.kompaktdesign.hu\/hodszolar.hu\/2022\/02\/23\/futes-tipusai-3-resz\/#respond\"]}]},{\"@type\":\"WebPage\",\"@id\":\"https:\/\/dev.kompaktdesign.hu\/hodszolar.hu\/2022\/02\/23\/futes-tipusai-3-resz\/\",\"url\":\"https:\/\/dev.kompaktdesign.hu\/hodszolar.hu\/2022\/02\/23\/futes-tipusai-3-resz\/\",\"name\":\"F\u0171t\u00e9s t\u00edpusai - 3. r\u00e9sz | H\u00f3dszol\u00e1r\",\"isPartOf\":{\"@id\":\"https:\/\/dev.kompaktdesign.hu\/hodszolar.hu\/#website\"},\"datePublished\":\"2022-02-23T10:52:23+00:00\",\"dateModified\":\"2022-02-23T10:52:24+00:00\",\"breadcrumb\":{\"@id\":\"https:\/\/dev.kompaktdesign.hu\/hodszolar.hu\/2022\/02\/23\/futes-tipusai-3-resz\/#breadcrumb\"},\"inLanguage\":\"hu\",\"potentialAction\":[{\"@type\":\"ReadAction\",\"target\":[\"https:\/\/dev.kompaktdesign.hu\/hodszolar.hu\/2022\/02\/23\/futes-tipusai-3-resz\/\"]}]},{\"@type\":\"BreadcrumbList\",\"@id\":\"https:\/\/dev.kompaktdesign.hu\/hodszolar.hu\/2022\/02\/23\/futes-tipusai-3-resz\/#breadcrumb\",\"itemListElement\":[{\"@type\":\"ListItem\",\"position\":1,\"name\":\"Kezd\u0151lap\",\"item\":\"https:\/\/dev.kompaktdesign.hu\/hodszolar.hu\/\"},{\"@type\":\"ListItem\",\"position\":2,\"name\":\"F\u0171t\u00e9s t\u00edpusai - 3. r\u00e9sz\"}]},{\"@type\":\"WebSite\",\"@id\":\"https:\/\/dev.kompaktdesign.hu\/hodszolar.hu\/#website\",\"url\":\"https:\/\/dev.kompaktdesign.hu\/hodszolar.hu\/\",\"name\":\"H\u00f3dszol\u00e1r\",\"description\":\"A v\u00e1s\u00e1rhelyi napelemes\",\"publisher\":{\"@id\":\"https:\/\/dev.kompaktdesign.hu\/hodszolar.hu\/#organization\"},\"potentialAction\":[{\"@type\":\"SearchAction\",\"target\":{\"@type\":\"EntryPoint\",\"urlTemplate\":\"https:\/\/dev.kompaktdesign.hu\/hodszolar.hu\/?s={search_term_string}\"},\"query-input\":\"required name=search_term_string\"}],\"inLanguage\":\"hu\"},{\"@type\":\"Organization\",\"@id\":\"https:\/\/dev.kompaktdesign.hu\/hodszolar.hu\/#organization\",\"name\":\"H\u00f3dszol\u00e1r Kft.\",\"url\":\"https:\/\/dev.kompaktdesign.hu\/hodszolar.hu\/\",\"sameAs\":[\"https:\/\/www.facebook.com\/hodszolar\"],\"logo\":{\"@type\":\"ImageObject\",\"inLanguage\":\"hu\",\"@id\":\"https:\/\/dev.kompaktdesign.hu\/hodszolar.hu\/#\/schema\/logo\/image\/\",\"url\":\"https:\/\/dev.kompaktdesign.hu\/hodszolar.hu\/wp-content\/uploads\/2021\/05\/fvicon.png\",\"contentUrl\":\"https:\/\/dev.kompaktdesign.hu\/hodszolar.hu\/wp-content\/uploads\/2021\/05\/fvicon.png\",\"width\":132,\"height\":132,\"caption\":\"H\u00f3dszol\u00e1r Kft.\"},\"image\":{\"@id\":\"https:\/\/dev.kompaktdesign.hu\/hodszolar.hu\/#\/schema\/logo\/image\/\"}},{\"@type\":\"Person\",\"@id\":\"https:\/\/dev.kompaktdesign.hu\/hodszolar.hu\/#\/schema\/person\/a788af940a3d6b2829396312340dd08c\",\"name\":\"H\u00f3dszol\u00e1r Kft.\",\"image\":{\"@type\":\"ImageObject\",\"inLanguage\":\"hu\",\"@id\":\"https:\/\/dev.kompaktdesign.hu\/hodszolar.hu\/#\/schema\/person\/image\/\",\"url\":\"https:\/\/secure.gravatar.com\/avatar\/38df000db6f2e93b7f0ccccf7714392424ca033738d34dfe71f19fdb70329830?s=96&d=mm&r=g\",\"contentUrl\":\"https:\/\/secure.gravatar.com\/avatar\/38df000db6f2e93b7f0ccccf7714392424ca033738d34dfe71f19fdb70329830?s=96&d=mm&r=g\",\"caption\":\"H\u00f3dszol\u00e1r Kft.\"},\"url\":\"https:\/\/dev.kompaktdesign.hu\/hodszolar.hu\/author\/hodszolar\/\"}]}<\/script>\n<!-- \/ Yoast SEO plugin. -->","yoast_head_json":{"title":"F\u0171t\u00e9s t\u00edpusai - 3. r\u00e9sz | H\u00f3dszol\u00e1r","robots":{"index":"noindex","follow":"follow","max-snippet":"max-snippet:-1","max-image-preview":"max-image-preview:large","max-video-preview":"max-video-preview:-1"},"og_locale":"hu_HU","og_type":"article","og_title":"F\u0171t\u00e9s t\u00edpusai - 3. r\u00e9sz | H\u00f3dszol\u00e1r","og_description":"4\/2. Elektromos padl\u00f3f\u0171t\u00e9s Az elektromos padl\u00f3f\u0171t\u00e9s f\u0171t\u0151k\u00e1bellel val\u00f3sul meg. A j\u00e1r\u00f3fel\u00fclet alatti betonba helyezz\u00fck el az elektromos f\u0171t\u0151k\u00e1belt, majd erre tessz\u00fck a hidegburkolatot, lamin\u00e1lt parkett\u00e1t vagy vinilt tetsz\u00e9s szerint. A f\u0171t\u0151k\u00e1belek a h\u0151t el\u0151sz\u00f6r a betonr\u00e9teg fel\u00e9 k\u00f6zvet\u00edtik, majd miut\u00e1n az felmelegszik, a meleg tov\u00e1bb \u00e1ramlik a helyis\u00e9gbe. A felmelegedett beton \u2013 \u00e1ramsz\u00fcnet eset\u00e9ben is [&hellip;]","og_url":"https:\/\/dev.kompaktdesign.hu\/hodszolar.hu\/2022\/02\/23\/futes-tipusai-3-resz\/","og_site_name":"H\u00f3dszol\u00e1r","article_publisher":"https:\/\/www.facebook.com\/hodszolar","article_published_time":"2022-02-23T10:52:23+00:00","article_modified_time":"2022-02-23T10:52:24+00:00","og_image":[{"width":1080,"height":1080,"url":"https:\/\/dev.kompaktdesign.hu\/hodszolar.hu\/wp-content\/uploads\/2022\/02\/3.-resz.png","type":"image\/png"}],"author":"H\u00f3dszol\u00e1r Kft.","twitter_card":"summary_large_image","twitter_misc":{"Szerz\u0151:":"H\u00f3dszol\u00e1r Kft.","Becs\u00fclt olvas\u00e1si id\u0151":"14 perc"},"schema":{"@context":"https:\/\/schema.org","@graph":[{"@type":"Article","@id":"https:\/\/dev.kompaktdesign.hu\/hodszolar.hu\/2022\/02\/23\/futes-tipusai-3-resz\/#article","isPartOf":{"@id":"https:\/\/dev.kompaktdesign.hu\/hodszolar.hu\/2022\/02\/23\/futes-tipusai-3-resz\/"},"author":{"name":"H\u00f3dszol\u00e1r Kft.","@id":"https:\/\/dev.kompaktdesign.hu\/hodszolar.hu\/#\/schema\/person\/a788af940a3d6b2829396312340dd08c"},"headline":"F\u0171t\u00e9s t\u00edpusai - 3. r\u00e9sz","datePublished":"2022-02-23T10:52:23+00:00","dateModified":"2022-02-23T10:52:24+00:00","mainEntityOfPage":{"@id":"https:\/\/dev.kompaktdesign.hu\/hodszolar.hu\/2022\/02\/23\/futes-tipusai-3-resz\/"},"wordCount":4747,"commentCount":0,"publisher":{"@id":"https:\/\/dev.kompaktdesign.hu\/hodszolar.hu\/#organization"},"articleSection":["Egy\u00e9b kateg\u00f3ria"],"inLanguage":"hu","potentialAction":[{"@type":"CommentAction","name":"Comment","target":["https:\/\/dev.kompaktdesign.hu\/hodszolar.hu\/2022\/02\/23\/futes-tipusai-3-resz\/#respond"]}]},{"@type":"WebPage","@id":"https:\/\/dev.kompaktdesign.hu\/hodszolar.hu\/2022\/02\/23\/futes-tipusai-3-resz\/","url":"https:\/\/dev.kompaktdesign.hu\/hodszolar.hu\/2022\/02\/23\/futes-tipusai-3-resz\/","name":"F\u0171t\u00e9s t\u00edpusai - 3. r\u00e9sz | H\u00f3dszol\u00e1r","isPartOf":{"@id":"https:\/\/dev.kompaktdesign.hu\/hodszolar.hu\/#website"},"datePublished":"2022-02-23T10:52:23+00:00","dateModified":"2022-02-23T10:52:24+00:00","breadcrumb":{"@id":"https:\/\/dev.kompaktdesign.hu\/hodszolar.hu\/2022\/02\/23\/futes-tipusai-3-resz\/#breadcrumb"},"inLanguage":"hu","potentialAction":[{"@type":"ReadAction","target":["https:\/\/dev.kompaktdesign.hu\/hodszolar.hu\/2022\/02\/23\/futes-tipusai-3-resz\/"]}]},{"@type":"BreadcrumbList","@id":"https:\/\/dev.kompaktdesign.hu\/hodszolar.hu\/2022\/02\/23\/futes-tipusai-3-resz\/#breadcrumb","itemListElement":[{"@type":"ListItem","position":1,"name":"Kezd\u0151lap","item":"https:\/\/dev.kompaktdesign.hu\/hodszolar.hu\/"},{"@type":"ListItem","position":2,"name":"F\u0171t\u00e9s t\u00edpusai - 3. r\u00e9sz"}]},{"@type":"WebSite","@id":"https:\/\/dev.kompaktdesign.hu\/hodszolar.hu\/#website","url":"https:\/\/dev.kompaktdesign.hu\/hodszolar.hu\/","name":"H\u00f3dszol\u00e1r","description":"A v\u00e1s\u00e1rhelyi napelemes","publisher":{"@id":"https:\/\/dev.kompaktdesign.hu\/hodszolar.hu\/#organization"},"potentialAction":[{"@type":"SearchAction","target":{"@type":"EntryPoint","urlTemplate":"https:\/\/dev.kompaktdesign.hu\/hodszolar.hu\/?s={search_term_string}"},"query-input":"required name=search_term_string"}],"inLanguage":"hu"},{"@type":"Organization","@id":"https:\/\/dev.kompaktdesign.hu\/hodszolar.hu\/#organization","name":"H\u00f3dszol\u00e1r Kft.","url":"https:\/\/dev.kompaktdesign.hu\/hodszolar.hu\/","sameAs":["https:\/\/www.facebook.com\/hodszolar"],"logo":{"@type":"ImageObject","inLanguage":"hu","@id":"https:\/\/dev.kompaktdesign.hu\/hodszolar.hu\/#\/schema\/logo\/image\/","url":"https:\/\/dev.kompaktdesign.hu\/hodszolar.hu\/wp-content\/uploads\/2021\/05\/fvicon.png","contentUrl":"https:\/\/dev.kompaktdesign.hu\/hodszolar.hu\/wp-content\/uploads\/2021\/05\/fvicon.png","width":132,"height":132,"caption":"H\u00f3dszol\u00e1r Kft."},"image":{"@id":"https:\/\/dev.kompaktdesign.hu\/hodszolar.hu\/#\/schema\/logo\/image\/"}},{"@type":"Person","@id":"https:\/\/dev.kompaktdesign.hu\/hodszolar.hu\/#\/schema\/person\/a788af940a3d6b2829396312340dd08c","name":"H\u00f3dszol\u00e1r Kft.","image":{"@type":"ImageObject","inLanguage":"hu","@id":"https:\/\/dev.kompaktdesign.hu\/hodszolar.hu\/#\/schema\/person\/image\/","url":"https:\/\/secure.gravatar.com\/avatar\/38df000db6f2e93b7f0ccccf7714392424ca033738d34dfe71f19fdb70329830?s=96&d=mm&r=g","contentUrl":"https:\/\/secure.gravatar.com\/avatar\/38df000db6f2e93b7f0ccccf7714392424ca033738d34dfe71f19fdb70329830?s=96&d=mm&r=g","caption":"H\u00f3dszol\u00e1r Kft."},"url":"https:\/\/dev.kompaktdesign.hu\/hodszolar.hu\/author\/hodszolar\/"}]}},"_links":{"self":[{"href":"https:\/\/dev.kompaktdesign.hu\/hodszolar.hu\/wp-json\/wp\/v2\/posts\/850","targetHints":{"allow":["GET"]}}],"collection":[{"href":"https:\/\/dev.kompaktdesign.hu\/hodszolar.hu\/wp-json\/wp\/v2\/posts"}],"about":[{"href":"https:\/\/dev.kompaktdesign.hu\/hodszolar.hu\/wp-json\/wp\/v2\/types\/post"}],"author":[{"embeddable":true,"href":"https:\/\/dev.kompaktdesign.hu\/hodszolar.hu\/wp-json\/wp\/v2\/users\/3"}],"replies":[{"embeddable":true,"href":"https:\/\/dev.kompaktdesign.hu\/hodszolar.hu\/wp-json\/wp\/v2\/comments?post=850"}],"version-history":[{"count":1,"href":"https:\/\/dev.kompaktdesign.hu\/hodszolar.hu\/wp-json\/wp\/v2\/posts\/850\/revisions"}],"predecessor-version":[{"id":853,"href":"https:\/\/dev.kompaktdesign.hu\/hodszolar.hu\/wp-json\/wp\/v2\/posts\/850\/revisions\/853"}],"wp:featuredmedia":[{"embeddable":true,"href":"https:\/\/dev.kompaktdesign.hu\/hodszolar.hu\/wp-json\/wp\/v2\/media\/852"}],"wp:attachment":[{"href":"https:\/\/dev.kompaktdesign.hu\/hodszolar.hu\/wp-json\/wp\/v2\/media?parent=850"}],"wp:term":[{"taxonomy":"category","embeddable":true,"href":"https:\/\/dev.kompaktdesign.hu\/hodszolar.hu\/wp-json\/wp\/v2\/categories?post=850"},{"taxonomy":"post_tag","embeddable":true,"href":"https:\/\/dev.kompaktdesign.hu\/hodszolar.hu\/wp-json\/wp\/v2\/tags?post=850"}],"curies":[{"name":"wp","href":"https:\/\/api.w.org\/{rel}","templated":true}]}}