{"id":854,"date":"2022-02-23T11:40:52","date_gmt":"2022-02-23T11:40:52","guid":{"rendered":"https:\/\/hodszolar.hu\/?p=854"},"modified":"2022-02-23T11:40:53","modified_gmt":"2022-02-23T11:40:53","slug":"futes-tipusai-4-resz","status":"publish","type":"post","link":"https:\/\/dev.kompaktdesign.hu\/hodszolar.hu\/2022\/02\/23\/futes-tipusai-4-resz\/","title":{"rendered":"F\u0171t\u00e9s t\u00edpusai - 4. r\u00e9sz"},"content":{"rendered":"\n<p><strong>4\/5. H\u0151szivatty\u00fa<\/strong><\/p>\n\n\n\n<p>A h\u0151szivatty\u00fa jelenleg az egyik legkorszer\u0171bb, ak\u00e1r meg\u00fajul\u00f3 energiaforr\u00e1ssal m\u0171k\u00f6d\u0151, k\u00f6rnyezetbar\u00e1t f\u0171t\u00e9si megold\u00e1s. S\u0151t, m\u00e9g a melegv\u00edz-ell\u00e1t\u00e1st is tudjuk vele biztos\u00edtani! \u00c9s ha a h\u0151szivatty\u00fa kompresszor\u00e1t a <strong>napelem\u00fcnkb\u0151l<\/strong> sz\u00e1rmaz\u00f3 elektromos \u00e1rammal m\u0171k\u00f6dtetj\u00fck, hat\u00e9kony, komfortos \u00e9s k\u00f6rnyezetbar\u00e1t h\u00e1zat kapunk.<\/p>\n\n\n\n<figure class=\"wp-block-image size-full is-resized\"><img loading=\"lazy\" decoding=\"async\" src=\"https:\/\/dev.kompaktdesign.hu\/hodszolar.hu\/wp-content\/uploads\/2022\/02\/kep.png\" alt=\"\" class=\"wp-image-855\" width=\"841\" height=\"436\"\/><\/figure>\n\n\n\n<p>A h\u0151szivatty\u00fa elad\u00e1sok dupl\u00e1z\u00f3dnak a vil\u00e1gban \u00e9s haz\u00e1nkban is, ami \u00faj helyzetet teremt mind az \u00e9p\u00edt\u0151ipar, mind pedig az \u00e9p\u00fcletg\u00e9p\u00e9szek sz\u00e1m\u00e1ra. A h\u00e1rommilli\u00f3 hazai h\u00e1ztart\u00e1sban jelenleg mintegy k\u00e9tmilli\u00f3 g\u00e1zk\u00e9sz\u00fcl\u00e9k tal\u00e1lhat\u00f3, a h\u0151szivatty\u00fa pedig sok szakember sz\u00e1m\u00e1ra m\u00e9g mindig idegen. Ugyanakkor a lehets\u00e9ges \u00e9p\u00fcletg\u00e9p\u00e9szeti megold\u00e1sok beruh\u00e1z\u00e1si \u00e9s \u00fczemeltet\u00e9si k\u00f6lts\u00e9ge, a haszn\u00e1lhat\u00f3s\u00e1gi \u00e9s diz\u00e1jn szempontok, a passz\u00edv h\u00e1z terjed\u00e9se \u00e9s a hagyom\u00e1nyos megold\u00e1sok \u00e9szszer\u0171 kiv\u00e1lt\u00e1sa a fel\u00faj\u00edt\u00e1sok sor\u00e1n ma m\u00e1r n\u00e9lk\u00fcl\u00f6zhetetlenn\u00e9 teszik a h\u0151szivatty\u00fas rendszereket, amelyek az ut\u00f3bbi 10 \u00e9vben jelent\u0151s technol\u00f3giai korszer\u0171s\u00f6d\u00e9sen mentek kereszt\u00fcl.<\/p>\n\n\n\n<p>Haz\u00e1nk \u00e9ghajlati viszonyai alapj\u00e1n \u00e9s fel\u00fcletf\u0171t\u00e9s eset\u00e9n egy kis teljes\u00edtm\u00e9ny\u0171 h\u0151szivatty\u00fa az \u00e9v 97%-\u00e1ban optim\u00e1lisabb hat\u00e9konys\u00e1g\u00fa, mint a hagyom\u00e1nyos vagy a kondenz\u00e1ci\u00f3s kaz\u00e1nok. Az elektromos energi\u00e1t is \u00e9rint\u0151 rezsics\u00f6kkent\u00e9s egyre ink\u00e1bb kedvez a meg\u00fajul\u00f3 energi\u00e1ra \u00e9p\u00fcl\u0151 h\u0151szivatty\u00faknak, napenergi\u00e1val pedig ak\u00e1r az emelked\u0151 energia\u00e1rak ellen\u00e9re is j\u00f3 befektet\u00e9s lehet ez a f\u0171t\u00e9si megold\u00e1s. Egy h\u0151szivatty\u00fa 1 kWh elektromos energi\u00e1val ak\u00e1r 4-5 kWh energi\u00e1t termel \u00e9s a H \u00e1ramtarifa bevezet\u00e9se itthon is \u00e9l\u00e9nk\u00edtette a h\u0151szivatty\u00fak piac\u00e1t.<\/p>\n\n\n\n<p>Azonban fontos megjegyezni, hogy ez a kiv\u00e1l\u00f3 hat\u00e1sfok csak akkor fog megval\u00f3sulni, ha a lehet\u0151 legalacsonyabb h\u0151m\u00e9rs\u00e9klet\u0171 f\u0171t\u00e9si vizet \u00e1ll\u00edttatjuk el\u0151. Ebb\u0151l ad\u00f3d\u00f3an puszt\u00e1n radi\u00e1toros f\u0171t\u00e9si rendszerhez egy\u00e1ltal\u00e1n nem aj\u00e1nlott. Els\u0151sorban fel\u00fcletf\u0171t\u00e9shez, azaz padl\u00f3-, mennyezet- \u00e9s sz\u00fcks\u00e9g eset\u00e9n esetleg falf\u0171t\u00e9shez aj\u00e1nlott alkalmazni. Sajnos ezek a felt\u00e9telek megdr\u00e1g\u00edtj\u00e1k a kivitelez\u00e9s k\u00f6lts\u00e9g\u00e9t, amit a berendez\u00e9s \u00e1ra is tov\u00e1bb terhel. R\u00e1ad\u00e1sul ehhez a korszer\u0171 technol\u00f3gi\u00e1hoz speci\u00e1lis h\u0171t\u0151s \u00e9p\u00fcletg\u00e9p\u00e9szeti jogosults\u00e1g (F-g\u00e1z) \u00e9s nagyfok\u00fa szak\u00e9rtelem is sz\u00fcks\u00e9ges, ami miatt kev\u00e9s kivitelez\u0151 fogja aj\u00e1nlani, ezen ismeretek \u00e9s jogosults\u00e1gok hi\u00e1ny\u00e1ban. Minden el\u0151nyt \u00e9s h\u00e1tr\u00e1nyt \u00e1tgondolva, \u00e1r-\u00e9rt\u00e9k szempontj\u00e1b\u00f3l ez az egyik legjobb f\u0171t\u00e9si rendszer. R\u00e1ad\u00e1sul n\u00e9mi kieg\u00e9sz\u00edt\u00e9ssel, ugyanazzal a rendszerrel a h\u0171t\u00e9si ig\u00e9ny\u00fcnket is megoldhatjuk vele. S\u0151t mindezt megfejelhetj\u00fck egy kisebb <strong>napelem<\/strong>-beruh\u00e1z\u00e1ssal \u00e9s a villamos \u00e1ram ig\u00e9ny\u00fcnk\u00f6n fel\u00fcl, a f\u0171t\u00e9si \u00e9s h\u0171t\u00e9si rezsi k\u00f6lts\u00e9geinket is lenull\u00e1zhatjuk.<\/p>\n\n\n\n<p>A h\u0151szivatty\u00faval a ny\u00e1ri nagy melegben h\u0171teni is lehet, azonban a h\u0171t\u00e9si energia lead\u00e1s\u00e1nak m\u00f3dj\u00e1ra nagyobb gondot kell ford\u00edtani a tervez\u00e9s sor\u00e1n, mivel a nem j\u00f3l megv\u00e1lasztott h\u0151lead\u00f3k sokat \u00e1rthatnak a helyis\u00e9g komfortoss\u00e1g\u00e1nak. A h\u0151szivatty\u00fa legkedvez\u0151bb \u00fczemeltet\u00e9s\u00e9t a nagy fel\u00fclet\u0171 h\u0151lead\u00f3k garant\u00e1lj\u00e1k, mert ezekhez kisebb h\u0151m\u00e9rs\u00e9klet-k\u00fcl\u00f6nbs\u00e9get kell \u00e1thidalnia m\u0171k\u00f6d\u00e9s k\u00f6zben. A leggyakrabban az \u00e9p\u00fcletszerkezet temper\u00e1l\u00e1s\u00e1ra, vakolt mennyezeth\u0171t\u00e9sre, illetve gy\u00e1rilag gipszkarton lapokba integr\u00e1lt cs\u0151k\u00edgy\u00f3s rendszerekre esik a v\u00e1laszt\u00e1s, ha nagy fel\u00fclet\u0171 h\u0171t\u00e9s megval\u00f3s\u00edt\u00e1sa a c\u00e9l. Ebben az esetben k\u00fcl\u00f6n\u00f6s figyelmet kell szentelni a h\u0171t\u00f6tt helyis\u00e9g l\u00e9g\u00e1llapot\u00e1ra, mivel ez a m\u00f3dszer \u00fczemszer\u0171en megn\u00f6veli a leveg\u0151 relat\u00edv p\u00e1ratartalm\u00e1t, ami beavatkoz\u00e1s n\u00e9lk\u00fcl egyr\u00e9szt az \u00e9p\u00fcletszerkezetek k\u00e1rosod\u00e1s\u00e1hoz, m\u00e1sr\u00e9szt f\u00fclledt leveg\u0151 \u00e9rz\u00e9shez vezethet.<\/p>\n\n\n\n<p>Alternat\u00edv lehet\u0151s\u00e9gk\u00e9nt ad\u00f3dnak a ventil\u00e1torral \u00e9s s\u0171r\u0171n bord\u00e1zott h\u0151cser\u00e9l\u0151vel ell\u00e1tott konvektorok vagy m\u00e1sn\u00e9ven fan-coilok, amelyek sz\u00e1mos konstrukci\u00f3ban el\u00e9rhet\u0151k m\u00e1r a piacon (pl. padl\u00f3, parapet, \u00e1lmennyezeti kazett\u00e1s, fali stb.) Ezek be\u00e9p\u00edt\u00e9s\u00e9vel lehet\u0151s\u00e9g ny\u00edlik a f\u0171t\u00e9s \u00e9s h\u0171t\u00e9s mellett korl\u00e1tozott m\u00e9rt\u00e9k\u0171 leveg\u0151 sz\u00e1r\u00edt\u00e1s\u00e1ra is, cser\u00e9be fel kell k\u00e9sz\u00fclni az esetleges huzat\u00e9rzetre. A padl\u00f3val val\u00f3 h\u0171t\u00e9s lak\u00f3terekben alapvet\u0151en komfortt\u00e9nyez\u0151k miatt ker\u00fclend\u0151, de meg kell jegyezni, hogy a k\u00f6zhiedelemmel ellent\u00e9tben, m\u0171k\u00f6d\u0151k\u00e9pes.<\/p>\n\n\n\n<p><strong>Hogy m\u0171k\u00f6dik a f\u0171t\u00e9s h\u0151szivatty\u00faval?<\/strong><\/p>\n\n\n\n<p>A h\u0151szivatty\u00fa ugyanazon az elven m\u0171k\u00f6dik, mint a h\u0171t\u0151szekr\u00e9ny, csak ford\u00edtva. A nyom\u00e1sk\u00fcl\u00f6nbs\u00e9get kihaszn\u00e1lva az alacsonyabb h\u0151m\u00e9rs\u00e9klet\u0171 helyr\u0151l elvonja a h\u0151t \u00e9s a magasabb h\u0151m\u00e9rs\u00e9klet\u0171 helyre sz\u00e1ll\u00edtja, ott pedig leadja az ottani k\u00f6rnyezetnek. Haszn\u00e1lat\u00e1nak c\u00e9lja a h\u0151energi\u00e1val val\u00f3 gazd\u00e1lkod\u00e1s, melynek sor\u00e1n h\u0171t\u00e9si energi\u00e1t f\u0171t\u00e9sben (pl. melegv\u00edz-k\u00e9sz\u00edt\u00e9sben) fel lehet haszn\u00e1lni, illetve k\u00f6rnyezeti h\u0151t lehet hasznos\u00edtani. Leggyakoribbak a g\u0151zkompresszi\u00f3s elven m\u0171k\u00f6d\u0151 berendez\u00e9sek, de l\u00e9teznek abszorpci\u00f3s h\u0151szivatty\u00fak is. A h\u0151szivatty\u00fak ford\u00edtott \u00fczemm\u00f3dban is m\u0171k\u00f6dnek, ekkor a melegebb hely h\u0171t\u00e9s\u00e9re is haszn\u00e1lhat\u00f3k.<\/p>\n\n\n\n<p>Megjegyzend\u0151, hogy a munkak\u00f6zeget a h\u0151szivatty\u00fakn\u00e1l is \u00e1ltal\u00e1ban h\u0171t\u0151k\u00f6zegnek nevezik, b\u00e1r a helyesebb elnevez\u00e9s ink\u00e1bb f\u0171t\u0151k\u00f6zeg lenne, de a szok\u00e1s onnan sz\u00e1rmazik, hogy a h\u0171t\u0151g\u00e9pek \u00e9s a h\u0151szivatty\u00fak munkak\u00f6zege megegyezik, \u00e9s a kor\u00e1bban csak h\u0171t\u0151g\u00e9pekkel foglalkoz\u00f3 szakemberek kezdtek k\u00e9s\u0151bb h\u0151szivatty\u00fakkal is foglalkozni.<\/p>\n\n\n\n<p>Min\u00e9l nagyobb a h\u0151m\u00e9rs\u00e9klet-k\u00fcl\u00f6nbs\u00e9g, ann\u00e1l nagyobb nyom\u00e1sk\u00fcl\u00f6nbs\u00e9g sz\u00fcks\u00e9ges, ez\u00e1ltal ann\u00e1l nagyobb energia sz\u00fcks\u00e9ges a k\u00f6zeg komprim\u00e1l\u00e1s\u00e1ra. Enn\u00e9l fogva minden h\u0151szivatty\u00fara igaz, hogy a  f\u0171t\u0151teljes\u00edtm\u00e9ny cs\u00f6kken a h\u0151m\u00e9rs\u00e9klet-k\u00fcl\u00f6nbs\u00e9g n\u00f6veked\u00e9s\u00e9vel.<\/p>\n\n\n\n<p>A k\u00fcl\u00f6nb\u00f6z\u0151 h\u0151m\u00e9rs\u00e9kleti \u00e9s nyom\u00e1sk\u00f6vetelm\u00e9nyeknek megfelel\u0151en igen sokf\u00e9le h\u0171t\u0151k\u00f6zeg \u00e1ll rendelkez\u00e9sre. A h\u0171t\u0151g\u00e9pek, kl\u00edmaberendez\u00e9sek \u00e9s n\u00e9h\u00e1ny f\u0171t\u00e9si rendszer is hasonl\u00f3 k\u00f6vetelm\u00e9nyeket t\u00e1maszt a munkak\u00f6zeggel szemben, \u00edgy ezek a g\u00e9pek hasonl\u00f3 technol\u00f3gi\u00e1kra \u00e9p\u00fclnek.<\/p>\n\n\n\n<p>A h\u0151szivatty\u00fa hat\u00e9kony m\u0171k\u00f6d\u00e9s\u00e9hez az is sz\u00fcks\u00e9ges, hogy a h\u00e1z t\u00f6k\u00e9letesen \u00e9s szakszer\u0171en k\u00f6rbe legyen szigetelve, korszer\u0171 ny\u00edl\u00e1sz\u00e1r\u00f3kkal legyen felszerelve. \u00daj \u00e9p\u00edt\u00e9s\u0171 \u00e9s m\u00e1r megl\u00e9v\u0151 h\u00e1z eset\u00e9ben is \u00e9rdemes szakemberrel egyeztetni, miel\u0151tt csak \u00fagy feltenn\u00e9nk a falra a h\u0151szivatty\u00fat. El\u0151sz\u00f6r is fel kell m\u00e9rni, hogy mekkora a h\u00e1zunk h\u0151sz\u00fcks\u00e9glete, mire szeretn\u00e9nk a f\u0171t\u00e9sen k\u00edv\u00fcl haszn\u00e1lni a h\u0151szivatty\u00fat \u00e9s ehhez milyen \u00e1talak\u00edt\u00e1sokra lesz sz\u00fcks\u00e9g\u00fcnk.<\/p>\n\n\n\n<p><strong>Milyen \u00e9rvek sz\u00f3lnak a h\u0151szivatty\u00fas f\u0171t\u00e9s mellett?<\/strong><\/p>\n\n\n\n<p>A h\u0151szivatty\u00fa meg\u00fajul\u00f3, z\u00f6ld energi\u00e1t haszn\u00e1l \u00e9s eleny\u00e9sz\u0151 a k\u00e1rosanyag-kibocs\u00e1t\u00e1sa, teh\u00e1t kifejezetten k\u00f6rnyezetbar\u00e1t megold\u00e1s. Emellett nagyon hat\u00e9kony, 1 kWh energia felhaszn\u00e1l\u00e1s\u00e1val ak\u00e1r 4-5 kWh h\u0151energi\u00e1t is nyerhet\u00fcnk! R\u00e1ad\u00e1sul kedvezm\u00e9nyes elektromos \u00e1ram tarif\u00e1t (pl. H vagy GEO) ig\u00e9nyelhet\u00fcnk hozz\u00e1. S\u0151t, ha a h\u00e1ztet\u0151nkre szerelt napelemmel biztos\u00edtjuk a h\u0151szivatty\u00fa m\u0171k\u00f6d\u00e9s\u00e9t, akkor a karbantart\u00e1si k\u00f6lts\u00e9geken k\u00edv\u00fcl szinte teljesen megszabadulunk a f\u0171t\u00e9si k\u00f6lts\u00e9gekt\u0151l. A f\u0171t\u00e9sen t\u00fal r\u00e1ad\u00e1sul a melegv\u00edz-ell\u00e1t\u00e1s is lehets\u00e9ges ezzel a megold\u00e1ssal.<\/p>\n\n\n\n<p><strong>Mennyit lehet sp\u00f3rolni, ha h\u0151szivatty\u00faval f\u0171t\u0171nk?<\/strong><\/p>\n\n\n\n<p>Ha \u00faj h\u00e1zat \u00e9p\u00edt\u00fcnk vagy egy k\u00e9sz h\u00e1z teljes f\u0171t\u00e9si rendszer\u00e9t akarjuk \u00e1talak\u00edtani \u00e9s van r\u00e1 keret\u00fcnk, mindenk\u00e9pp \u00e9rdemes h\u0151szivatty\u00faval (legt\u00f6bb esetben leveg\u0151-v\u00edz konstrukci\u00f3val) megoldani a f\u0171t\u00e9st \u00e9s a melegv\u00edz-ell\u00e1t\u00e1st. Ha egy korszer\u0171 ny\u00edl\u00e1sz\u00e1r\u00f3kkal ell\u00e1tott, rendesen szigetelt h\u00e1zban ki\u00e9p\u00edtj\u00fck a nagy fel\u00fclet\u0171 f\u0171t\u0151rendszert, akkor egy rendesen karbantartott h\u0151szivatty\u00fas rendszerrel nagyon sokat lehet sp\u00f3rolni. A beruh\u00e1z\u00e1s dr\u00e1g\u00e1bb, mint egy g\u00e1zcirk\u00f3 vagy egy fat\u00fczel\u00e9s\u0171 kaz\u00e1n \u00e9s a hozz\u00e1 tartoz\u00f3 rendszer kialak\u00edt\u00e1sa. Egy \u00e1tlagos csal\u00e1di h\u00e1z eset\u00e9ben 2-3 milli\u00f3 forintba ker\u00fcl a leveg\u0151-v\u00edz h\u0151szivatty\u00fas rendszer, a geotermikus rendszer kialak\u00edt\u00e1sa eset\u00e9n (f\u00far\u00e1ssal, szond\u00e1kkal) ak\u00e1r 5-6 milli\u00f3 is lehet az \u00f6sszeg.<\/p>\n\n\n\n<p><strong>Mennyi id\u0151 alatt t\u00e9r\u00fcl meg a beruh\u00e1z\u00e1s?<\/strong><\/p>\n\n\n\n<p>Egy j\u00f3l megtervezett, <strong>napelemmel<\/strong> kieg\u00e9sz\u00edtett rendszerrel meg\u00fasszuk a f\u0171t\u00e9si k\u00f6lts\u00e9get, megsp\u00f3roljuk a haszn\u00e1lati melegv\u00edz \u00e1r\u00e1t \u00e9s az elektromos \u00e1ram\u00e9rt sem kell fizetn\u00fcnk. \u00daj \u00e9p\u00edt\u00e9si h\u00e1z eset\u00e9ben a megt\u00e9r\u00fcl\u00e9si id\u0151 2-3 \u00e9v, k\u00e9sz h\u00e1z f\u0171t\u00e9si rendszer\u00e9nek \u00e1talak\u00edt\u00e1sa eset\u00e9n b\u0151 10 \u00e9v megt\u00e9r\u00fcl\u00e9ssel kell sz\u00e1molnunk. Term\u00e9szetesen, amennyiben <strong>napelemes<\/strong> rendszerrel akarjuk null\u00e1zni a h\u0151szivatty\u00fa fogyaszt\u00e1s\u00e1t, akkor a <strong>napelem<\/strong> megt\u00e9r\u00fcl\u00e9si idej\u00e9vel is sz\u00e1molnunk kell, amir\u0151l itt \u00edrtunk kor\u00e1bban.<\/p>\n\n\n\n<p><strong>A h\u0151szivatty\u00fa el\u0151nyei \u00e9s h\u00e1tr\u00e1nyai \u00e1ltal\u00e1noss\u00e1gban<\/strong><\/p>\n\n\n\n<p><em>Hat\u00e9kony<\/em> \u2013 A h\u0151szivatty\u00fa \u00e1ltal\u00e1ban hat\u00e9konyabb a t\u00f6bbi rendszern\u00e9l. A m\u0171k\u00f6d\u00e9s\u00e9hez sz\u00fcks\u00e9ges energia t\u00f6bbsz\u00f6r\u00f6s\u00e9t tudja a k\u00f6rnyezet\u00e9b\u0151l elvonni, bizonyos berendez\u00e9sek hat\u00e1sfoka az 500%-ot is el\u00e9rheti.<\/p>\n\n\n\n<p><em>Gazdas\u00e1gos<\/em> \u2013 Nem szabad csak a havonta kifizetett sz\u00e1ml\u00e1kat n\u00e9zni, \u00e9rdemes az eg\u00e9szet figyelni. A h\u0151szivatty\u00fa ki\u00e9p\u00edt\u00e9s\u00e9n\u00e9l nincs k\u00e9m\u00e9ny, nem kell f\u0171t\u0151anyagot t\u00e1rolni, nem kell k\u00e9m\u00e9nysepr\u0151nek kij\u00f6nnie \u00e9s nincs g\u00e1zbek\u00f6t\u00e9s. Gazdas\u00e1gosabb a l\u00e9gkond\u00edcion\u00e1l\u00e1s \u00e9s a melegv\u00edz el\u0151\u00e1ll\u00edt\u00e1s, nincs sz\u00fcks\u00e9g csak minim\u00e1lis karbantart\u00e1sra. A h\u0151szivatty\u00fa \u00e9lettartama \u00e9vtizedekben m\u00e9rhet\u0151 \u00e9s kedvezm\u00e9nyes GEO \u00e1ramtarif\u00e1val \u00fczemeltethet\u0151.<\/p>\n\n\n\n<p><em>\u00c9rt\u00e9kes<\/em> \u2013 A h\u00e1z \u00e9rt\u00e9k\u00e9n is emel, \u00edgy a k\u00e9s\u0151bbi elad\u00e1s sor\u00e1n megt\u00e9r\u00fcl a befektet\u00e9s.<\/p>\n\n\n\n<p><em>Biztons\u00e1gos<\/em> \u2013 Nincs sz\u00e9n-monoxid m\u00e9rgez\u00e9s, nincs robban\u00e1s, az eg\u00e9sz csal\u00e1d nyugodtan aludhat mellette.<\/p>\n\n\n\n<p><em>F\u00fcggetlen<\/em> \u2013 Nem kell t\u00f6bb\u00e9 tartani a szolg\u00e1ltat\u00f3k \u00e1rait\u00f3l.<\/p>\n\n\n\n<p><em>K\u00e9nyelmes<\/em> \u2013 A h\u0151szivatty\u00fas rendszer elind\u00edt\u00e1sa egy gombnyom\u00e1ssal t\u00f6rt\u00e9nik, b\u00e1rki meg tudja tanulni a haszn\u00e1lat\u00e1t.<\/p>\n\n\n\n<p><em>T\u00e1mogatott<\/em> \u2013 Ha a h\u0151szivatty\u00fas f\u0171t\u00e9st v\u00e1lasztjuk, akkor \u00e1llami t\u00e1mogat\u00e1st k\u00e9rhet\u00fcnk r\u00e1. Az otthonfel\u00faj\u00edt\u00e1si t\u00e1mogat\u00e1sr\u00f3l <a href=\"https:\/\/dev.kompaktdesign.hu\/hodszolar.hu\/2022\/01\/14\/mar-csak-iden-veheto-igenybe-az-otthonfelujitasi-tamogatas-mit-kell-rola-tudni-napelemes-rendszer-telepitese-eseten\/\">itt<\/a> \u00edrtunk legut\u00f3bb.<\/p>\n\n\n\n<p><em>K\u00e9zenfekv\u0151<\/em> \u2013 Magyarorsz\u00e1g geotermikus adotts\u00e1gai nemzetk\u00f6zi \u00f6sszehasonl\u00edt\u00e1sban is kiemelked\u0151en j\u00f3k.<\/p>\n\n\n\n<p>Ahogy mindig, a h\u0151szivatty\u00fas f\u0171t\u00e9s h\u00e1tr\u00e1nyai is meg\u00e9rdemelnek p\u00e1r sort. Miel\u0151tt eld\u00f6ntj\u00fck, hogy milyen energi\u00e1t fogunk haszn\u00e1lni, \u00e9rdemes ezt is \u00e1tgondolnunk!<\/p>\n\n\n\n<p><em>\u00c1ramhaszn\u00e1lat<\/em> \u2013 Hacsak nem <strong>napelemes<\/strong> rendszerrel termelj\u00fck meg a h\u0151szivatty\u00fa m\u0171k\u00f6d\u00e9s\u00e9hez sz\u00fcks\u00e9ges \u00e1ramot, ez igen k\u00f6lts\u00e9ges is lehet, tekintve az emelked\u0151 energia\u00e1rakat.<\/p>\n\n\n\n<p><em>Dr\u00e1ga<\/em> \u2013 A beruh\u00e1z\u00e1si k\u00f6lts\u00e9g ak\u00e1r 8 \u00e9v is lehet, a sz\u00fcks\u00e9ges m\u00e9rett\u0151l f\u00fcgg\u0151en.<\/p>\n\n\n\n<p><em>Bonyolult<\/em> \u2013 A h\u0151szivatty\u00fas f\u0171t\u00e9si rendszer be\u00e9p\u00edt\u00e9se f\u0151leg az \u00e9p\u00edtkez\u00e9sn\u00e9l \u00e9ri meg, ut\u00f3lagos kialak\u00edt\u00e1sa k\u00f6lts\u00e9gesebb lesz. A v\u00e9gleges hat\u00e9konys\u00e1g pedig mindig f\u00fcgg a m\u00e1r megl\u00e9v\u0151 f\u0171t\u00e9si rendszert\u0151l<\/p>\n\n\n\n<p><strong>Hogyan v\u00e1lasszunk h\u0151szivatty\u00fat?<\/strong><\/p>\n\n\n\n<p>Mindig keress\u00fcnk fel egy szakembert, aki a lak\u00f3hely\u00fcnk adotts\u00e1gai alapj\u00e1n megmondja, hogy melyik f\u0171t\u00e9si rendszerrel \u00e9rdemes pr\u00f3b\u00e1lkoznunk. Az egyre szigorod\u00f3 energiafogyaszt\u00e1si szab\u00e1lyok minden felhaszn\u00e1l\u00f3t k\u00f6teleznek a v\u00e1ltoz\u00e1sra, \u00e9rdemes min\u00e9l hamarabb r\u00e1sz\u00e1nni magunkat a l\u00e9p\u00e9sre, de olyan c\u00e9get keress\u00fcnk, aki bevallja, ha esetleg nek\u00fcnk szem\u00e9lyesen nem \u00e9ri meg a befektet\u00e9s!<\/p>\n\n\n\n<figure class=\"wp-block-image is-resized\"><img loading=\"lazy\" decoding=\"async\" src=\"https:\/\/www.bosch-thermotechnology.com\/hu\/media\/country_pool\/migration\/air-to-water-heat-pump_560x315.jpg\" alt=\"Belt\u00e9rben \u00e9s k\u00fclt\u00e9rben fel\u00e1ll\u00edthat\u00f3\" width=\"839\" height=\"472\" title=\"Belt\u00e9rben \u00e9s k\u00fclt\u00e9rben fel\u00e1ll\u00edthat\u00f3\"\/><\/figure>\n\n\n\n<p><strong>H\u0151szivatty\u00fa t\u00edpusai<\/strong><\/p>\n\n\n\n<p>A h\u0151forr\u00e1s szempontj\u00e1b\u00f3l lakoss\u00e1gi szegmensben \u00e1ltal\u00e1ban 4 f\u00e9le h\u0151szivatty\u00fas rendszert k\u00fcl\u00f6nb\u00f6ztethet\u00fcnk meg. Magyarorsz\u00e1gon a legelterjedtebb a leveg\u0151-v\u00edz h\u0151szivatty\u00fa (k\u00f6r\u00fclbel\u00fcl a haz\u00e1nkban telep\u00edtett h\u0151szivatty\u00fak 90%-a), ez a kl\u00edm\u00e1hoz hasonl\u00f3an a k\u00fcls\u0151 leveg\u0151b\u0151l vonja el a h\u0151t.<\/p>\n\n\n\n<p><strong>1. LEVEG\u0150-V\u00cdZ H\u0150SZIVATTY\u00da<\/strong><\/p>\n\n\n\n<p>A k\u00fcls\u0151 leveg\u0151b\u0151l vonja el a h\u0151t ez a szivatty\u00fa, azonban min\u00e9l hidegebb van, ann\u00e1l alacsonyabb a hat\u00e1sfoka. R\u00e9gebben azt javasolt\u00e1k, hogy a leveg\u0151-v\u00edz h\u0151szivatty\u00fa mellett mindenk\u00e9pp legyen egy alternat\u00edv f\u0171t\u00e9si megold\u00e1s a h\u00e1zunkban, amivel \u00e1tv\u00e9szelj\u00fck a hidegebb id\u0151t. Manaps\u00e1g a legjobb h\u0151szivatty\u00fa berendez\u00e9sek m\u00e1r -28 fok eset\u00e9n is kiv\u00e1l\u00f3an, hat\u00e9konyan f\u0171tik fel a h\u00e1zunkat. Ennek a megold\u00e1snak a legkisebb a helyig\u00e9nye, nem kell hozz\u00e1 f\u00far\u00e1si enged\u00e9ly, megb\u00edzhat\u00f3an m\u0171k\u00f6dik, jelenleg ez a legink\u00e1bb k\u00f6lts\u00e9ghat\u00e9kony h\u0151szivatty\u00fa.<\/p>\n\n\n\n<figure class=\"wp-block-image\"><img decoding=\"async\" src=\"https:\/\/www.vaillant.hu\/media-master\/global-media\/vaillant\/product-pictures\/arotherm-plus-2019\/b2c\/hp19-309009-03-1587831-format-flex-height.jpg\" alt=\"aroTHERM plus leveg\u0151-v\u00edz h\u0151szivatty\u00fa - Ide\u00e1lis megold\u00e1s a k\u00f6rnyezettudatos  moderniz\u00e1ci\u00f3hoz - Vaillant\"\/><\/figure>\n\n\n\n<p>A legt\u00f6bben h\u0151szivatty\u00fas kaz\u00e1nk\u00e9nt ismerik. Itt mindig a leveg\u0151b\u0151l nyerj\u00fck ki az energi\u00e1t \u00e9s a vizet meleg\u00edtj\u00fck fel vele. A leveg\u0151 mindenhol megtal\u00e1lhat\u00f3, \u00edgy sz\u00f3 szerint b\u00e1rmikor felhaszn\u00e1lhat\u00f3. K\u00e9t f\u0151 csoportj\u00e1t k\u00fcl\u00f6nb\u00f6ztetj\u00fck meg, az egyik a monoblokk, a m\u00e1sik a split, el\u0151bbinek nincs k\u00fcl\u00f6n k\u00fclt\u00e9ri \u00e9s belt\u00e9ri egys\u00e9ge, ut\u00f3bbinak azonban van.<\/p>\n\n\n\n<p><em>El\u0151nyei<\/em><\/p>\n\n\n\n<p>A leveg\u0151-v\u00edz h\u0151szivatty\u00fas f\u0171t\u00e9s el\u0151nye, hogy gyorsan \u00e9s egyszer\u0171en telep\u00edthet\u0151. Nem kell f\u00f6ldmunk\u00e1val f\u00far\u00e1ssal vagy k\u00fat\u00e1s\u00e1ssal sz\u00e1molni, mivel a leveg\u0151 mindenhol megtal\u00e1lhat\u00f3. A hat\u00e9konys\u00e1ga miatt sokan m\u00e1r l\u00e9tez\u0151 f\u0171t\u00e9si rendszerrel szokt\u00e1k keverni, de azokban az \u00e9vszakokban, ahol a h\u0151m\u00e9rs\u00e9klet nem megy huzamosabb ideig 10 fok al\u00e1, ott egyed\u00fcl is meg\u00e1llja a hely\u00e9t.<\/p>\n\n\n\n<p><em>H\u00e1tr\u00e1nyai<\/em><\/p>\n\n\n\n<p>A h\u0151szivatty\u00fa mindig a k\u00fcls\u0151 h\u0151m\u00e9rs\u00e9klett\u0151l f\u00fcgg, csak akkor j\u00f3 a teljes\u00edtm\u00e9nye, ha az id\u0151j\u00e1r\u00e1s megkegyelmez nek\u00fcnk. Meleg-v\u00edz termel\u00e9s \u00fczemm\u00f3dban t\u00e9len rendk\u00edv\u00fcl alacsony teljes\u00edtm\u00e9nnyel m\u0171k\u00f6dnek, ami a kompresszort is \u201egyilkolja\u201d. Magyarorsz\u00e1g \u00e9ves \u00e1tlagh\u0151m\u00e9rs\u00e9klete szerencs\u00e9re nem t\u00fal alacsony, de fel kell r\u00e1 k\u00e9sz\u00fcln\u00fcnk, hogy n\u00e9h\u00e1ny h\u00e9ten kereszt\u00fcl az energiafogyaszt\u00e1s l\u00e9nyegesen megugrik majd. Plusz 2\u00b0C alatti h\u0151m\u00e9rs\u00e9kleten a g\u00e9p \u00fczemk\u00e9pess\u00e9g\u00e9nek a fenntart\u00e1s\u00e1hoz n\u00e9h\u00e1ny \u00f3r\u00e1nk\u00e9nt leolvaszt\u00e1sra van sz\u00fcks\u00e9g, mert az elp\u00e1rologtat\u00f3 lamell\u00e1zott fel\u00fclete lejegesedik. Ezt a leolvaszt\u00e1st a g\u00e9pek nagy r\u00e9sze \u00fagy v\u00e9gzi el, hogy h\u0171t\u00e9s \u00fczembe kapcsol \u2013 ugye ilyenkor t\u00e9l van \u2013 \u00e9s az \u00e9p\u00fcletb\u0151l elvont h\u0151vel olvasztja le az elp\u00e1rologtat\u00f3ra rak\u00f3dott j\u00e9gr\u00e9teget. Ilyenkor a h\u0151szivatty\u00fa COP \u00e9rt\u00e9ke negat\u00edv el\u0151jelet vesz fel, vagyis rosszabb, mint nulla. M\u00e1s t\u00edpusok tiszt\u00e1n elektromos f\u0171t\u0151sz\u00e1llal olvasztj\u00e1k le a jeget, azonban ez m\u00e9g k\u00f6lts\u00e9gesebb. Ha nem siker\u00fcl egy olyan kerti ter\u00fcletre telep\u00edteni a h\u0151szivatty\u00fat, amit nem haszn\u00e1lunk, akkor egy f\u0171t\u00f6tt cseppt\u00e1lca is kell a g\u00e9p al\u00e1, tov\u00e1bb\u00e1 a v\u00edzelvezet\u0151 cs\u00f6vet is f\u0171teni kell \u00e1rammal, am\u00edg fagymentes ter\u00fcletre nem \u00e9r.<\/p>\n","protected":false},"excerpt":{"rendered":"<p>4\/5. H\u0151szivatty\u00fa A h\u0151szivatty\u00fa jelenleg az egyik legkorszer\u0171bb, ak\u00e1r meg\u00fajul\u00f3 energiaforr\u00e1ssal m\u0171k\u00f6d\u0151, k\u00f6rnyezetbar\u00e1t f\u0171t\u00e9si megold\u00e1s. S\u0151t, m\u00e9g a melegv\u00edz-ell\u00e1t\u00e1st is tudjuk vele biztos\u00edtani! \u00c9s ha a h\u0151szivatty\u00fa kompresszor\u00e1t a napelem\u00fcnkb\u0151l sz\u00e1rmaz\u00f3 elektromos \u00e1rammal m\u0171k\u00f6dtetj\u00fck, hat\u00e9kony, komfortos \u00e9s k\u00f6rnyezetbar\u00e1t h\u00e1zat kapunk. A h\u0151szivatty\u00fa elad\u00e1sok dupl\u00e1z\u00f3dnak a vil\u00e1gban \u00e9s haz\u00e1nkban is, ami \u00faj helyzetet teremt mind az [&hellip;]<\/p>\n","protected":false},"author":3,"featured_media":856,"comment_status":"open","ping_status":"open","sticky":false,"template":"","format":"standard","meta":{"footnotes":""},"categories":[1],"tags":[],"class_list":["post-854","post","type-post","status-publish","format-standard","has-post-thumbnail","hentry","category-egyeb"],"yoast_head":"<!-- This site is optimized with the Yoast SEO plugin v19.5.1 - https:\/\/yoast.com\/wordpress\/plugins\/seo\/ -->\n<title>F\u0171t\u00e9s t\u00edpusai - 4. r\u00e9sz | H\u00f3dszol\u00e1r<\/title>\n<meta name=\"robots\" content=\"noindex, follow, max-snippet:-1, max-image-preview:large, max-video-preview:-1\" \/>\n<meta property=\"og:locale\" content=\"hu_HU\" \/>\n<meta property=\"og:type\" content=\"article\" \/>\n<meta property=\"og:title\" content=\"F\u0171t\u00e9s t\u00edpusai - 4. r\u00e9sz | H\u00f3dszol\u00e1r\" \/>\n<meta property=\"og:description\" content=\"4\/5. H\u0151szivatty\u00fa A h\u0151szivatty\u00fa jelenleg az egyik legkorszer\u0171bb, ak\u00e1r meg\u00fajul\u00f3 energiaforr\u00e1ssal m\u0171k\u00f6d\u0151, k\u00f6rnyezetbar\u00e1t f\u0171t\u00e9si megold\u00e1s. S\u0151t, m\u00e9g a melegv\u00edz-ell\u00e1t\u00e1st is tudjuk vele biztos\u00edtani! \u00c9s ha a h\u0151szivatty\u00fa kompresszor\u00e1t a napelem\u00fcnkb\u0151l sz\u00e1rmaz\u00f3 elektromos \u00e1rammal m\u0171k\u00f6dtetj\u00fck, hat\u00e9kony, komfortos \u00e9s k\u00f6rnyezetbar\u00e1t h\u00e1zat kapunk. A h\u0151szivatty\u00fa elad\u00e1sok dupl\u00e1z\u00f3dnak a vil\u00e1gban \u00e9s haz\u00e1nkban is, ami \u00faj helyzetet teremt mind az [&hellip;]\" \/>\n<meta property=\"og:url\" content=\"https:\/\/dev.kompaktdesign.hu\/hodszolar.hu\/2022\/02\/23\/futes-tipusai-4-resz\/\" \/>\n<meta property=\"og:site_name\" content=\"H\u00f3dszol\u00e1r\" \/>\n<meta property=\"article:publisher\" content=\"https:\/\/www.facebook.com\/hodszolar\" \/>\n<meta property=\"article:published_time\" content=\"2022-02-23T11:40:52+00:00\" \/>\n<meta property=\"article:modified_time\" content=\"2022-02-23T11:40:53+00:00\" \/>\n<meta property=\"og:image\" content=\"https:\/\/dev.kompaktdesign.hu\/hodszolar.hu\/wp-content\/uploads\/2022\/02\/4.-resz.png\" \/>\n\t<meta property=\"og:image:width\" content=\"1080\" \/>\n\t<meta property=\"og:image:height\" content=\"1080\" \/>\n\t<meta property=\"og:image:type\" content=\"image\/png\" \/>\n<meta name=\"author\" content=\"H\u00f3dszol\u00e1r Kft.\" \/>\n<meta name=\"twitter:card\" content=\"summary_large_image\" \/>\n<meta name=\"twitter:label1\" content=\"Szerz\u0151:\" \/>\n\t<meta name=\"twitter:data1\" content=\"H\u00f3dszol\u00e1r Kft.\" \/>\n\t<meta name=\"twitter:label2\" content=\"Becs\u00fclt olvas\u00e1si id\u0151\" \/>\n\t<meta name=\"twitter:data2\" content=\"8 perc\" \/>\n<script type=\"application\/ld+json\" class=\"yoast-schema-graph\">{\"@context\":\"https:\/\/schema.org\",\"@graph\":[{\"@type\":\"Article\",\"@id\":\"https:\/\/dev.kompaktdesign.hu\/hodszolar.hu\/2022\/02\/23\/futes-tipusai-4-resz\/#article\",\"isPartOf\":{\"@id\":\"https:\/\/dev.kompaktdesign.hu\/hodszolar.hu\/2022\/02\/23\/futes-tipusai-4-resz\/\"},\"author\":{\"name\":\"H\u00f3dszol\u00e1r Kft.\",\"@id\":\"https:\/\/dev.kompaktdesign.hu\/hodszolar.hu\/#\/schema\/person\/a788af940a3d6b2829396312340dd08c\"},\"headline\":\"F\u0171t\u00e9s t\u00edpusai - 4. r\u00e9sz\",\"datePublished\":\"2022-02-23T11:40:52+00:00\",\"dateModified\":\"2022-02-23T11:40:53+00:00\",\"mainEntityOfPage\":{\"@id\":\"https:\/\/dev.kompaktdesign.hu\/hodszolar.hu\/2022\/02\/23\/futes-tipusai-4-resz\/\"},\"wordCount\":2900,\"commentCount\":0,\"publisher\":{\"@id\":\"https:\/\/dev.kompaktdesign.hu\/hodszolar.hu\/#organization\"},\"articleSection\":[\"Egy\u00e9b kateg\u00f3ria\"],\"inLanguage\":\"hu\",\"potentialAction\":[{\"@type\":\"CommentAction\",\"name\":\"Comment\",\"target\":[\"https:\/\/dev.kompaktdesign.hu\/hodszolar.hu\/2022\/02\/23\/futes-tipusai-4-resz\/#respond\"]}]},{\"@type\":\"WebPage\",\"@id\":\"https:\/\/dev.kompaktdesign.hu\/hodszolar.hu\/2022\/02\/23\/futes-tipusai-4-resz\/\",\"url\":\"https:\/\/dev.kompaktdesign.hu\/hodszolar.hu\/2022\/02\/23\/futes-tipusai-4-resz\/\",\"name\":\"F\u0171t\u00e9s t\u00edpusai - 4. r\u00e9sz | H\u00f3dszol\u00e1r\",\"isPartOf\":{\"@id\":\"https:\/\/dev.kompaktdesign.hu\/hodszolar.hu\/#website\"},\"datePublished\":\"2022-02-23T11:40:52+00:00\",\"dateModified\":\"2022-02-23T11:40:53+00:00\",\"breadcrumb\":{\"@id\":\"https:\/\/dev.kompaktdesign.hu\/hodszolar.hu\/2022\/02\/23\/futes-tipusai-4-resz\/#breadcrumb\"},\"inLanguage\":\"hu\",\"potentialAction\":[{\"@type\":\"ReadAction\",\"target\":[\"https:\/\/dev.kompaktdesign.hu\/hodszolar.hu\/2022\/02\/23\/futes-tipusai-4-resz\/\"]}]},{\"@type\":\"BreadcrumbList\",\"@id\":\"https:\/\/dev.kompaktdesign.hu\/hodszolar.hu\/2022\/02\/23\/futes-tipusai-4-resz\/#breadcrumb\",\"itemListElement\":[{\"@type\":\"ListItem\",\"position\":1,\"name\":\"Kezd\u0151lap\",\"item\":\"https:\/\/dev.kompaktdesign.hu\/hodszolar.hu\/\"},{\"@type\":\"ListItem\",\"position\":2,\"name\":\"F\u0171t\u00e9s t\u00edpusai - 4. r\u00e9sz\"}]},{\"@type\":\"WebSite\",\"@id\":\"https:\/\/dev.kompaktdesign.hu\/hodszolar.hu\/#website\",\"url\":\"https:\/\/dev.kompaktdesign.hu\/hodszolar.hu\/\",\"name\":\"H\u00f3dszol\u00e1r\",\"description\":\"A v\u00e1s\u00e1rhelyi napelemes\",\"publisher\":{\"@id\":\"https:\/\/dev.kompaktdesign.hu\/hodszolar.hu\/#organization\"},\"potentialAction\":[{\"@type\":\"SearchAction\",\"target\":{\"@type\":\"EntryPoint\",\"urlTemplate\":\"https:\/\/dev.kompaktdesign.hu\/hodszolar.hu\/?s={search_term_string}\"},\"query-input\":\"required name=search_term_string\"}],\"inLanguage\":\"hu\"},{\"@type\":\"Organization\",\"@id\":\"https:\/\/dev.kompaktdesign.hu\/hodszolar.hu\/#organization\",\"name\":\"H\u00f3dszol\u00e1r Kft.\",\"url\":\"https:\/\/dev.kompaktdesign.hu\/hodszolar.hu\/\",\"sameAs\":[\"https:\/\/www.facebook.com\/hodszolar\"],\"logo\":{\"@type\":\"ImageObject\",\"inLanguage\":\"hu\",\"@id\":\"https:\/\/dev.kompaktdesign.hu\/hodszolar.hu\/#\/schema\/logo\/image\/\",\"url\":\"https:\/\/dev.kompaktdesign.hu\/hodszolar.hu\/wp-content\/uploads\/2021\/05\/fvicon.png\",\"contentUrl\":\"https:\/\/dev.kompaktdesign.hu\/hodszolar.hu\/wp-content\/uploads\/2021\/05\/fvicon.png\",\"width\":132,\"height\":132,\"caption\":\"H\u00f3dszol\u00e1r Kft.\"},\"image\":{\"@id\":\"https:\/\/dev.kompaktdesign.hu\/hodszolar.hu\/#\/schema\/logo\/image\/\"}},{\"@type\":\"Person\",\"@id\":\"https:\/\/dev.kompaktdesign.hu\/hodszolar.hu\/#\/schema\/person\/a788af940a3d6b2829396312340dd08c\",\"name\":\"H\u00f3dszol\u00e1r Kft.\",\"image\":{\"@type\":\"ImageObject\",\"inLanguage\":\"hu\",\"@id\":\"https:\/\/dev.kompaktdesign.hu\/hodszolar.hu\/#\/schema\/person\/image\/\",\"url\":\"https:\/\/secure.gravatar.com\/avatar\/38df000db6f2e93b7f0ccccf7714392424ca033738d34dfe71f19fdb70329830?s=96&d=mm&r=g\",\"contentUrl\":\"https:\/\/secure.gravatar.com\/avatar\/38df000db6f2e93b7f0ccccf7714392424ca033738d34dfe71f19fdb70329830?s=96&d=mm&r=g\",\"caption\":\"H\u00f3dszol\u00e1r Kft.\"},\"url\":\"https:\/\/dev.kompaktdesign.hu\/hodszolar.hu\/author\/hodszolar\/\"}]}<\/script>\n<!-- \/ Yoast SEO plugin. -->","yoast_head_json":{"title":"F\u0171t\u00e9s t\u00edpusai - 4. r\u00e9sz | H\u00f3dszol\u00e1r","robots":{"index":"noindex","follow":"follow","max-snippet":"max-snippet:-1","max-image-preview":"max-image-preview:large","max-video-preview":"max-video-preview:-1"},"og_locale":"hu_HU","og_type":"article","og_title":"F\u0171t\u00e9s t\u00edpusai - 4. r\u00e9sz | H\u00f3dszol\u00e1r","og_description":"4\/5. H\u0151szivatty\u00fa A h\u0151szivatty\u00fa jelenleg az egyik legkorszer\u0171bb, ak\u00e1r meg\u00fajul\u00f3 energiaforr\u00e1ssal m\u0171k\u00f6d\u0151, k\u00f6rnyezetbar\u00e1t f\u0171t\u00e9si megold\u00e1s. S\u0151t, m\u00e9g a melegv\u00edz-ell\u00e1t\u00e1st is tudjuk vele biztos\u00edtani! \u00c9s ha a h\u0151szivatty\u00fa kompresszor\u00e1t a napelem\u00fcnkb\u0151l sz\u00e1rmaz\u00f3 elektromos \u00e1rammal m\u0171k\u00f6dtetj\u00fck, hat\u00e9kony, komfortos \u00e9s k\u00f6rnyezetbar\u00e1t h\u00e1zat kapunk. A h\u0151szivatty\u00fa elad\u00e1sok dupl\u00e1z\u00f3dnak a vil\u00e1gban \u00e9s haz\u00e1nkban is, ami \u00faj helyzetet teremt mind az [&hellip;]","og_url":"https:\/\/dev.kompaktdesign.hu\/hodszolar.hu\/2022\/02\/23\/futes-tipusai-4-resz\/","og_site_name":"H\u00f3dszol\u00e1r","article_publisher":"https:\/\/www.facebook.com\/hodszolar","article_published_time":"2022-02-23T11:40:52+00:00","article_modified_time":"2022-02-23T11:40:53+00:00","og_image":[{"width":1080,"height":1080,"url":"https:\/\/dev.kompaktdesign.hu\/hodszolar.hu\/wp-content\/uploads\/2022\/02\/4.-resz.png","type":"image\/png"}],"author":"H\u00f3dszol\u00e1r Kft.","twitter_card":"summary_large_image","twitter_misc":{"Szerz\u0151:":"H\u00f3dszol\u00e1r Kft.","Becs\u00fclt olvas\u00e1si id\u0151":"8 perc"},"schema":{"@context":"https:\/\/schema.org","@graph":[{"@type":"Article","@id":"https:\/\/dev.kompaktdesign.hu\/hodszolar.hu\/2022\/02\/23\/futes-tipusai-4-resz\/#article","isPartOf":{"@id":"https:\/\/dev.kompaktdesign.hu\/hodszolar.hu\/2022\/02\/23\/futes-tipusai-4-resz\/"},"author":{"name":"H\u00f3dszol\u00e1r Kft.","@id":"https:\/\/dev.kompaktdesign.hu\/hodszolar.hu\/#\/schema\/person\/a788af940a3d6b2829396312340dd08c"},"headline":"F\u0171t\u00e9s t\u00edpusai - 4. r\u00e9sz","datePublished":"2022-02-23T11:40:52+00:00","dateModified":"2022-02-23T11:40:53+00:00","mainEntityOfPage":{"@id":"https:\/\/dev.kompaktdesign.hu\/hodszolar.hu\/2022\/02\/23\/futes-tipusai-4-resz\/"},"wordCount":2900,"commentCount":0,"publisher":{"@id":"https:\/\/dev.kompaktdesign.hu\/hodszolar.hu\/#organization"},"articleSection":["Egy\u00e9b kateg\u00f3ria"],"inLanguage":"hu","potentialAction":[{"@type":"CommentAction","name":"Comment","target":["https:\/\/dev.kompaktdesign.hu\/hodszolar.hu\/2022\/02\/23\/futes-tipusai-4-resz\/#respond"]}]},{"@type":"WebPage","@id":"https:\/\/dev.kompaktdesign.hu\/hodszolar.hu\/2022\/02\/23\/futes-tipusai-4-resz\/","url":"https:\/\/dev.kompaktdesign.hu\/hodszolar.hu\/2022\/02\/23\/futes-tipusai-4-resz\/","name":"F\u0171t\u00e9s t\u00edpusai - 4. r\u00e9sz | H\u00f3dszol\u00e1r","isPartOf":{"@id":"https:\/\/dev.kompaktdesign.hu\/hodszolar.hu\/#website"},"datePublished":"2022-02-23T11:40:52+00:00","dateModified":"2022-02-23T11:40:53+00:00","breadcrumb":{"@id":"https:\/\/dev.kompaktdesign.hu\/hodszolar.hu\/2022\/02\/23\/futes-tipusai-4-resz\/#breadcrumb"},"inLanguage":"hu","potentialAction":[{"@type":"ReadAction","target":["https:\/\/dev.kompaktdesign.hu\/hodszolar.hu\/2022\/02\/23\/futes-tipusai-4-resz\/"]}]},{"@type":"BreadcrumbList","@id":"https:\/\/dev.kompaktdesign.hu\/hodszolar.hu\/2022\/02\/23\/futes-tipusai-4-resz\/#breadcrumb","itemListElement":[{"@type":"ListItem","position":1,"name":"Kezd\u0151lap","item":"https:\/\/dev.kompaktdesign.hu\/hodszolar.hu\/"},{"@type":"ListItem","position":2,"name":"F\u0171t\u00e9s t\u00edpusai - 4. r\u00e9sz"}]},{"@type":"WebSite","@id":"https:\/\/dev.kompaktdesign.hu\/hodszolar.hu\/#website","url":"https:\/\/dev.kompaktdesign.hu\/hodszolar.hu\/","name":"H\u00f3dszol\u00e1r","description":"A v\u00e1s\u00e1rhelyi napelemes","publisher":{"@id":"https:\/\/dev.kompaktdesign.hu\/hodszolar.hu\/#organization"},"potentialAction":[{"@type":"SearchAction","target":{"@type":"EntryPoint","urlTemplate":"https:\/\/dev.kompaktdesign.hu\/hodszolar.hu\/?s={search_term_string}"},"query-input":"required name=search_term_string"}],"inLanguage":"hu"},{"@type":"Organization","@id":"https:\/\/dev.kompaktdesign.hu\/hodszolar.hu\/#organization","name":"H\u00f3dszol\u00e1r Kft.","url":"https:\/\/dev.kompaktdesign.hu\/hodszolar.hu\/","sameAs":["https:\/\/www.facebook.com\/hodszolar"],"logo":{"@type":"ImageObject","inLanguage":"hu","@id":"https:\/\/dev.kompaktdesign.hu\/hodszolar.hu\/#\/schema\/logo\/image\/","url":"https:\/\/dev.kompaktdesign.hu\/hodszolar.hu\/wp-content\/uploads\/2021\/05\/fvicon.png","contentUrl":"https:\/\/dev.kompaktdesign.hu\/hodszolar.hu\/wp-content\/uploads\/2021\/05\/fvicon.png","width":132,"height":132,"caption":"H\u00f3dszol\u00e1r Kft."},"image":{"@id":"https:\/\/dev.kompaktdesign.hu\/hodszolar.hu\/#\/schema\/logo\/image\/"}},{"@type":"Person","@id":"https:\/\/dev.kompaktdesign.hu\/hodszolar.hu\/#\/schema\/person\/a788af940a3d6b2829396312340dd08c","name":"H\u00f3dszol\u00e1r Kft.","image":{"@type":"ImageObject","inLanguage":"hu","@id":"https:\/\/dev.kompaktdesign.hu\/hodszolar.hu\/#\/schema\/person\/image\/","url":"https:\/\/secure.gravatar.com\/avatar\/38df000db6f2e93b7f0ccccf7714392424ca033738d34dfe71f19fdb70329830?s=96&d=mm&r=g","contentUrl":"https:\/\/secure.gravatar.com\/avatar\/38df000db6f2e93b7f0ccccf7714392424ca033738d34dfe71f19fdb70329830?s=96&d=mm&r=g","caption":"H\u00f3dszol\u00e1r Kft."},"url":"https:\/\/dev.kompaktdesign.hu\/hodszolar.hu\/author\/hodszolar\/"}]}},"_links":{"self":[{"href":"https:\/\/dev.kompaktdesign.hu\/hodszolar.hu\/wp-json\/wp\/v2\/posts\/854","targetHints":{"allow":["GET"]}}],"collection":[{"href":"https:\/\/dev.kompaktdesign.hu\/hodszolar.hu\/wp-json\/wp\/v2\/posts"}],"about":[{"href":"https:\/\/dev.kompaktdesign.hu\/hodszolar.hu\/wp-json\/wp\/v2\/types\/post"}],"author":[{"embeddable":true,"href":"https:\/\/dev.kompaktdesign.hu\/hodszolar.hu\/wp-json\/wp\/v2\/users\/3"}],"replies":[{"embeddable":true,"href":"https:\/\/dev.kompaktdesign.hu\/hodszolar.hu\/wp-json\/wp\/v2\/comments?post=854"}],"version-history":[{"count":1,"href":"https:\/\/dev.kompaktdesign.hu\/hodszolar.hu\/wp-json\/wp\/v2\/posts\/854\/revisions"}],"predecessor-version":[{"id":857,"href":"https:\/\/dev.kompaktdesign.hu\/hodszolar.hu\/wp-json\/wp\/v2\/posts\/854\/revisions\/857"}],"wp:featuredmedia":[{"embeddable":true,"href":"https:\/\/dev.kompaktdesign.hu\/hodszolar.hu\/wp-json\/wp\/v2\/media\/856"}],"wp:attachment":[{"href":"https:\/\/dev.kompaktdesign.hu\/hodszolar.hu\/wp-json\/wp\/v2\/media?parent=854"}],"wp:term":[{"taxonomy":"category","embeddable":true,"href":"https:\/\/dev.kompaktdesign.hu\/hodszolar.hu\/wp-json\/wp\/v2\/categories?post=854"},{"taxonomy":"post_tag","embeddable":true,"href":"https:\/\/dev.kompaktdesign.hu\/hodszolar.hu\/wp-json\/wp\/v2\/tags?post=854"}],"curies":[{"name":"wp","href":"https:\/\/api.w.org\/{rel}","templated":true}]}}