{"id":858,"date":"2022-02-23T12:16:07","date_gmt":"2022-02-23T12:16:07","guid":{"rendered":"https:\/\/hodszolar.hu\/?p=858"},"modified":"2022-02-23T12:16:08","modified_gmt":"2022-02-23T12:16:08","slug":"futes-tipusai-5-resz","status":"publish","type":"post","link":"https:\/\/dev.kompaktdesign.hu\/hodszolar.hu\/2022\/02\/23\/futes-tipusai-5-resz\/","title":{"rendered":"F\u0171t\u00e9s t\u00edpusai - 5. r\u00e9sz"},"content":{"rendered":"\n<p><strong>2. V\u00cdZ-V\u00cdZ H\u0150SZIVATTY\u00da<\/strong><\/p>\n\n\n\n<p>N\u00e9h\u00e1ny m\u00e9terre a f\u00f6ldfelsz\u00ednt\u0151l a k\u00fcls\u0151 leveg\u0151 szezon\u00e1lis h\u0151m\u00e9rs\u00e9klet\u00e9nek ingadoz\u00e1sai m\u00e1r nem \u00e9rv\u00e9nyes\u00fclnek, \u00edgy a talaj h\u0151m\u00e9rs\u00e9klete \u00e1lland\u00f3 7-10\u00b0C k\u00f6rny\u00e9k\u00e9n mozog. Az ezen m\u00e9lys\u00e9gekben elhelyezked\u0151 v\u00edzad\u00f3 r\u00e9tegekb\u0151l nyert talajv\u00edz ennek k\u00f6sz\u00f6nhet\u0151en eg\u00e9sz \u00e9vben a legmagasabb hat\u00e1sfokot biztos\u00edtja a h\u0151szivatty\u00fa sz\u00e1m\u00e1ra. A kedvez\u0151 h\u0151m\u00e9rs\u00e9kletszint tov\u00e1bb\u00e1 lehet\u0151v\u00e9 teszi az \u00fagynevezett passz\u00edv h\u0171t\u00e9st, amikor a h\u0151szivatty\u00fa kompresszor\u00e1nak m\u0171k\u00f6dtet\u00e9se n\u00e9lk\u00fcl, csup\u00e1n a h\u0151hordoz\u00f3 k\u00f6zegek \u00e1ramoltat\u00e1sa \u00e9s h\u0151cser\u00e9je r\u00e9v\u00e9n tudunk h\u0171t\u00e9si energi\u00e1t kinyerni.<\/p>\n\n\n\n<p>A kiemelked\u0151 hat\u00e9konys\u00e1g dac\u00e1ra Magyarorsz\u00e1gon visszaszorul\u00f3ban van ez a technol\u00f3gia, mivel magas elv\u00e1r\u00e1sokat t\u00e1maszt a talajv\u00edz min\u0151s\u00e9g\u00e9vel szemben. Haz\u00e1nkban jellemz\u0151en magas kem\u00e9nys\u00e9g\u0171 \u00e9s vas-mang\u00e1n tartalm\u00faak a gazdas\u00e1gosan szivatty\u00fazhat\u00f3 talajk\u00f6zeli vizek, ami nehezen kik\u00fcsz\u00f6b\u00f6lhet\u0151 \u00fczemeltet\u00e9si probl\u00e9m\u00e1kat okoz. Tov\u00e1bb\u00e1 a vonatkoz\u00f3 jogszab\u00e1lyok \u00e9s a folyamat fenntarthat\u00f3s\u00e1ga miatt a vizet sz\u00fcks\u00e9ges visszasajtolni a felsz\u00ednre hoz\u00e1sa ut\u00e1n, amelynek olykor tetemes energiaig\u00e9nye rontja a teljes rendszer hat\u00e1sfok\u00e1t. Rendszerint egy nyer\u0151 k\u00fatra legal\u00e1bb kett\u0151 nyel\u0151kutat javasolt alkalmazni, ami n\u00f6veli a beruh\u00e1z\u00e1si k\u00f6lts\u00e9geket.<\/p>\n\n\n\n<p>Ebben a kateg\u00f3ri\u00e1ban mindig v\u00edzkiv\u00e9tel n\u00e9lk\u00fcli \u00e9s v\u00edzkiv\u00e9tellel m\u0171k\u00f6d\u0151 h\u0151szivatty\u00fak k\u00f6z\u00fcl tudunk v\u00e1lasztani. A v\u00edzkiv\u00e9tel n\u00e9lk\u00fcli a f\u00f6ldet vagy a felsz\u00edni vizeket haszn\u00e1lja fel. Ezek a m\u00e1sodik legfelkapottabbak, azonban mindig sz\u00fcks\u00e9g\u00fcnk lesz valamennyi szabad f\u00f6ldter\u00fcletre, mivel a fels\u0151 talajr\u00e9teg 100 m\u00e9ter m\u00e9lys\u00e9gig rakt\u00e1rozza el a geotermikus energi\u00e1t.<\/p>\n\n\n\n<p><em>El\u0151nyei<\/em><\/p>\n\n\n\n<p>A v\u00edz-v\u00edz h\u0151szivatty\u00fa el\u0151nye, hogy nagyon gazdas\u00e1gos megold\u00e1s, azonban Magyarorsz\u00e1gon kev\u00e9s h\u00e1zban tal\u00e1lhat\u00f3 meg. Amennyiben rendelkez\u00fcnk el\u00e9g hellyel, megszerezz\u00fck a sz\u00fcks\u00e9ges \u00f6sszeget a beruh\u00e1z\u00e1shoz, akkor elb\u00facs\u00fazhatunk a k\u00e9s\u0151bbi villanysz\u00e1ml\u00e1t\u00f3l, mivel nagyon stabil h\u0151szivatty\u00fas f\u0171t\u00e9st kapunk \u00e9rte cser\u00e9be. A hat\u00e9konys\u00e1g pedig nemcsak a tulajdonosnak, hanem a F\u00f6ld\u00fcnk \u00e1llapot\u00e1nak is kedvez.<\/p>\n\n\n\n<p><em>H\u00e1tr\u00e1nyai<\/em><\/p>\n\n\n\n<p>H\u00e1tr\u00e1nya, hogy magas elv\u00e1r\u00e1sokat t\u00e1maszt a talajv\u00edz min\u0151s\u00e9g\u00e9vel szemben, ami a magyar f\u00f6ld\u00f6n kem\u00e9nyebb szokott lenni az \u00e1tlagn\u00e1l, \u00edgy nem mindig haszn\u00e1lhat\u00f3. A jogszab\u00e1lyok miatt a felhaszn\u00e1lt vizet vissza kell juttatni a hely\u00e9re, ami rontja a hat\u00e1sfokot. A kor\u00e1bban eml\u00edtett sz\u00fcks\u00e9ges nyel\u0151kutak miatt nagyobb a beruh\u00e1z\u00e1si k\u00f6lts\u00e9g, \u00edgy sok felhaszn\u00e1l\u00f3 ink\u00e1bb m\u00e1s megold\u00e1shoz folyamodik.<\/p>\n\n\n\n<p><strong>3. GEOTERMIKUS H\u0150SZIVATTY\u00da<\/strong><\/p>\n\n\n\n<p>A geotermikus h\u0151szivatty\u00fa egy olyan f\u0171t\u00e9si\/h\u0171t\u00e9si rendszer, amely \u2013 be\u00e1ll\u00edt\u00e1st\u00f3l f\u00fcgg\u0151en \u2013 a talajb\u00f3l vesz fel vagy a talajba bocs\u00e1t ki h\u0151t. A h\u0151szivatty\u00fa t\u00e9len a h\u0151forr\u00e1sk\u00e9nt haszn\u00e1lt talajb\u00f3l vonja el a h\u0151t \u00e9s adja le az \u00e9p\u00fclet fel\u00e9, mik\u00f6zben nyom\u00e1sv\u00e1ltoztat\u00e1ssal magasabb h\u0151m\u00e9rs\u00e9klett\u00e9 alak\u00edtja. Ny\u00e1ron \u00e9ppen ford\u00edtva m\u0171k\u00f6dik: a h\u00e1z belsej\u00e9b\u0151l vonja el a h\u0151t, majd adja le a talaj fel\u00e9. A geotermikus h\u0151szivatty\u00fa rendszer gyakorlatilag a talaj \u00e1lland\u00f3 h\u0151m\u00e9rs\u00e9klet\u00e9t haszn\u00e1lja ki annak \u00e9rdek\u00e9ben, hogy cs\u00f6kkentse a h\u0171t\u00e9s \u00e9s a f\u0171t\u00e9s m\u0171k\u00f6d\u00e9si k\u00f6lts\u00e9geit \u00e9s hogy n\u00f6velje ezek hat\u00e9konys\u00e1g\u00e1t. A m\u00e9g nagyobb hat\u00e9konys\u00e1g \u00e9rdek\u00e9ben a geotermikus h\u0151szivatty\u00fa kombin\u00e1lhat\u00f3 napkollektoros rendszerekkel.<\/p>\n\n\n\n<figure class=\"wp-block-image is-resized\"><img loading=\"lazy\" decoding=\"async\" src=\"https:\/\/h-gepesz.hu\/wp-content\/uploads\/2016\/02\/geotermikus-h%C5%91szivatty%C3%BA-ny%C3%ADregyh%C3%A1za-1038x576.jpg\" alt=\"Geotermikus h\u0151szivatty\u00fa Ny\u00edregyh\u00e1za, akkor H-G\u00e9p\u00e9sz Kft.! | H-G\u00c9P\u00c9SZ KFT.:  \u00c9P\u00dcLETG\u00c9P\u00c9SZET +36 30\/442-69-36\" width=\"841\" height=\"467\"\/><\/figure>\n\n\n\n<p>A talaj fels\u0151 r\u00e9tege majdnem 50 %-\u00e1t elnyeli a r\u00e1es\u0151 napsugaraknak, \u00e9s eg\u00e9sz \u00e9vben szinte \u00e1lland\u00f3 h\u0151m\u00e9rs\u00e9kleten marad 7\u00b0C&nbsp;\u00e9s 18\u00b0C&nbsp;k\u00f6z\u00f6tt. &nbsp;Ezt a F\u00f6ld\u00fcnk fels\u0151 r\u00e9teg\u00e9ben t\u00e1rolt \u00f3ri\u00e1si mennyis\u00e9g\u0171, sz\u00e1munkra hasznos\u00edthat\u00f3 energi\u00e1t nyeri ki \u00e9s hasznos\u00edtja a h\u0151szivatty\u00fa.&nbsp;A geotermikus energi\u00e1t a talajban elhelyezett szond\u00e1kon kereszt\u00fcl gy\u0171jtj\u00fck \u00f6ssze \u00e9s juttatjuk el a geotermikus h\u0151szivatty\u00fahoz. A szond\u00e1k elhelyez\u00e9se lehet v\u00edzszintes \u00e9s f\u00fcgg\u0151leges.&nbsp;A v\u00edzszintes elrendez\u00e9sn\u00e9l nagy ter\u00fclet sz\u00fcks\u00e9ges (k\u00f6r\u00fclbel\u00fcl h\u00e1romszor akkora, mint a f\u0171tend\u0151 ter\u00fclet), valamint a talaj h\u0151m\u00e9rs\u00e9klet\u00e9t a k\u00fcls\u0151 h\u0151m\u00e9rs\u00e9klet er\u0151sen befoly\u00e1solja, \u00edgy a kinyerhet\u0151 geotermikus energia mennyis\u00e9ge v\u00e1ltoz\u00f3 lesz.&nbsp;A f\u00fcgg\u0151leges elrendez\u00e9s sokkal stabilabb, \u00e1lland\u00f3bb h\u0151m\u00e9rs\u00e9kletet biztos\u00edt.&nbsp;Mivel a geotermikus h\u0151szivatty\u00fa a h\u0151hordoz\u00f3 k\u00f6zeg h\u0151m\u00e9rs\u00e9klet\u00e9t a h\u0171t\u0151 k\u00f6rfolyamat sor\u00e1n kb. 5 \u00b0C-kal cs\u00f6kkenti, a fagyvesz\u00e9ly elker\u00fcl\u00e9se miatt fagy\u00e1ll\u00f3 folyad\u00e9kkal t\u00f6ltj\u00fck fel a talajk\u00f6rt. A horizont\u00e1lis cs\u0151rendszert haszn\u00e1l\u00f3 geotermikus h\u0151szivatty\u00fat talajkollektorosnak, m\u00edg a vertik\u00e1lisat talajszond\u00e1snak h\u00edvjuk.<\/p>\n\n\n\n<p><em>Talajszond\u00e1s h\u0151szivatty\u00fa<\/em><\/p>\n\n\n\n<p>Talajszond\u00e1s h\u0151szivatty\u00fa rendszer eset\u00e9n kb. 15 cm \u00e1tm\u00e9r\u0151j\u0171, 50\u2013100 m\u00e9ter hossz\u00fa lyukat f\u00farunk a f\u00f6ldbe f\u00fcgg\u0151legesen, amelybe 2 db \u201eU\u201d alak\u00fa, 32mm \u00e1tm\u00e9r\u0151j\u0171 m\u0171anyag&nbsp;cs\u00f6vet helyez\u00fcnk el. Ezekben a cs\u00f6vekben kering a h\u0151szivatty\u00fab\u00f3l kij\u00f6v\u0151 hideg v\u00edz. A szond\u00e1ba be\u00e9rkez\u0151 kb. 0-3 fokos v\u00edz a szond\u00e1ban 5-8 fokra melegszik fel.<\/p>\n\n\n\n<p>A f\u00fcgg\u0151leges talajszonda<strong> <\/strong>ki\u00e9p\u00edt\u00e9se enged\u00e9lyk\u00f6teles, ugyanis a nagyobb m\u00e9lys\u00e9gbe lef\u00fart h\u0151szonda k\u00e1rt tehet a m\u00e9lyebb r\u00e9tegekben megh\u00faz\u00f3d\u00f3 iv\u00f3v\u00edzk\u00e9szletben. A ter\u00fcletileg illet\u00e9kes b\u00e1nyakapit\u00e1nys\u00e1g enged\u00e9ly\u00e9vel kialak\u00edtott talajszonda feletti ter\u00fcletet a ki\u00e9p\u00edt\u00e9s ut\u00e1n is szabadon kell hagyni.<\/p>\n\n\n\n<p><em>Talajkollektoros h\u0151szivatty\u00fa<\/em><\/p>\n\n\n\n<p>Talajkollektoros rendszer eset\u00e9ben t\u00f6bb sz\u00e1z m\u00e9ter hossz\u00fa m\u0171anyag vagy m\u0171anyag bor\u00edt\u00e1s\u00fa r\u00e9zcs\u00f6veket fektet\u00fcnk le 1-2 m\u00e9ter m\u00e9lyen. H\u00e1tr\u00e1nya, hogy nagy fel\u00fcleten (a f\u0171t\u00f6tt alapter\u00fclet 1,5-3-szoros\u00e1n) kell megbontani a telket a cs\u00f6vek lefektet\u00e9sekor, ez\u00e9rt legink\u00e1bb \u00faj \u00e9p\u00edt\u00e9s\u0171 h\u00e1zak eset\u00e9n j\u00f6het sz\u00f3ba.<\/p>\n\n\n\n<p>A<strong> <\/strong>talajkollektoros h\u0151szivatty\u00fa teljes\u00edtm\u00e9nye kalkul\u00e1lhat\u00f3, 15-30 W\/m2 h\u0151teljes\u00edtm\u00e9ny k\u00f6r\u00fclire tehet\u0151, mely f\u00fcgg a talaj min\u0151s\u00e9g\u00e9t\u0151l, a naps\u00fct\u00e9ses \u00f3r\u00e1k sz\u00e1m\u00e1t\u00f3l is.\u00a0Nagy ter\u00fcletig\u00e9nye miatt ritk\u00e1bban alkalmazz\u00e1k, ink\u00e1bb csak abban az esetben, ha a szondaf\u00far\u00e1sra, k\u00fatf\u00far\u00e1sra nincs megfelel\u0151 talaj. A\u00a0v\u00edzszintes kollektorok telep\u00edt\u00e9se jellemz\u0151en nem enged\u00e9lyk\u00f6teles.<\/p>\n\n\n\n<p><em>A geotermikus h\u0151szivatty\u00fa el\u0151nyei<\/em><\/p>\n\n\n\n<p>Hatalmas el\u0151nye a geotermikus h\u0151szivatty\u00faval el\u0151\u00e1ll\u00edtott energia hasznos\u00edt\u00e1s\u00e1nak, hogy nincs sem id\u0151j\u00e1r\u00e1shoz, sem napszakhoz k\u00f6tve, mint m\u00e1s alkalmazott alternat\u00edv megold\u00e1sok. A leveg\u0151\/v\u00edz h\u0151szivatty\u00fas kialak\u00edt\u00e1s ink\u00e1bb kieg\u00e9sz\u00edt\u0151 f\u0171t\u00e9sre\/h\u0171t\u00e9sre alkalmas, m\u00edg a geotermikus h\u0151szivatty\u00fa teljes h\u0171t\u00e9si, f\u0171t\u00e9si rendszerek eset\u00e9n gazdas\u00e1gos!<\/p>\n\n\n\n<p><em>Geotermikus h\u0151szivatty\u00fa h\u00e1tr\u00e1nya<\/em><\/p>\n\n\n\n<p>A geotermikus h\u0151szivatty\u00fa<strong> <\/strong>\u00e1rammal m\u0171k\u00f6dik, vagyis hagyom\u00e1nyos f\u0171t\u00e9shez kapcsol\u00f3d\u00f3 g\u00e1zsz\u00e1mla nem lesz, de cser\u00e9be az \u00e1ramsz\u00e1mla megemelkedik, m\u00e9gpedig a megsp\u00f3rolt g\u00e1zsz\u00e1mla \u00e9rt\u00e9k\u00e9nek 30% \u2013 40%-\u00e1val. Ha rendszerben vizsg\u00e1ljuk, a megtakar\u00edt\u00e1s a hagyom\u00e1nyos f\u0171t\u00e9shez viszony\u00edtva k\u00f6r\u00fclbel\u00fcl 50 %.<\/p>\n\n\n\n<p><em>Geotermikus h\u0151szivatty\u00fa \u00e1ra<\/em><\/p>\n\n\n\n<p>Minden egyes esetben alapos vizsg\u00e1latot ig\u00e9nyel, hogy gazdas\u00e1gos-e egy h\u0151szivatty\u00fa rendszer be\u00e9p\u00edt\u00e9se.\u00a0Tapasztalatunk szerint a legfontosabb k\u00e9rd\u00e9sek, melyek megv\u00e1laszol\u00e1sa seg\u00edt abban, hogy meg tudjuk mondani a megt\u00e9r\u00fcl\u00e9s v\u00e1rhat\u00f3 idej\u00e9t:<br>\u2013 Vezet\u00e9kes g\u00e1z van be\u00e9p\u00edtve?<br>\u2013 Sz\u00fcks\u00e9g van-e l\u00e9gkondicion\u00e1l\u00e1sra?<br>\u2013 Van a beruh\u00e1z\u00e1s m\u00e9rt\u00e9k\u00e9hez hasonl\u00edthat\u00f3 \u00f6sszeg\u0171 \u00e1llami t\u00e1mogat\u00e1s?<\/p>\n\n\n\n<p>A geotermikus h\u0151szivatty\u00fa rendszerek kivitelez\u00e9s\u00e9nek k\u00f6lts\u00e9ge egy csal\u00e1di h\u00e1z eset\u00e9ben \u00e1ltal\u00e1ban 2,5-7 milli\u00f3 forint k\u00f6z\u00f6tt van, megt\u00e9r\u00fcl\u00e9si ideje pedig hozz\u00e1vet\u0151legesen 8 \u00e9v.<\/p>\n\n\n\n<p><em>Puffertart\u00e1ly<\/em><\/p>\n\n\n\n<p>Egy h\u0151szivatty\u00fa rendszer k\u00f6lts\u00e9g\u00e9t er\u0151sen befoly\u00e1solja, tervez\u00fcnk-e bele puffertart\u00e1lyt. V\u00e9lem\u00e9ny\u00fcnk szerint puffertart\u00e1ly be\u00e9p\u00edt\u00e9se nem minden esetben \u00e9szszer\u0171.<\/p>\n\n\n\n<figure class=\"wp-block-image\"><img decoding=\"async\" src=\"https:\/\/www.kazan-haz.hu\/wp-content\/uploads\/2017\/11\/puff.jpg\" alt=\"Puffertart\u00e1ly elad\u00f3\"\/><\/figure>\n\n\n\n<p><em>Mi\u00e9rt nem sz\u00fcks\u00e9ges puffertart\u00e1ly?<\/em><\/p>\n\n\n\n<p>MERT CS\u00d6KKENTI A RENDSZER HAT\u00c9KONYS\u00c1G\u00c1T. Minden rendszerelem, ami a tehetetlens\u00e9get n\u00f6veli, az eg\u00e9sz rendszer hat\u00e9konys\u00e1g\u00e1t cs\u00f6kkenti (eset\u00fcnkben romlik a COP \u00e9rt\u00e9k). Azt aj\u00e1nljuk, legyen a puffertart\u00e1ly a fal, a padl\u00f3, a szoba leveg\u0151je!<\/p>\n\n\n\n<p>MERT BONYOL\u00cdTJA A RENDSZER FEL\u00c9P\u00cdT\u00c9S\u00c9T. &nbsp;Minden \u201efeleslegesen\u201d be\u00e9p\u00edtett elem bonyol\u00edtja a fel\u00e9p\u00edt\u00e9st, nem lesz m\u00e1s a falon, csak egy nagy \u201er\u00e9zcs\u0151halmaz\u201d, ami nem csak eszt\u00e9tikai l\u00e1tv\u00e1nyt rontja, hanem a hat\u00e1sfokot is.<\/p>\n\n\n\n<p>MERT MEGN\u00d6VELI A RENDSZER K\u00d6LTS\u00c9GEIT. Egy puffertart\u00e1ly beker\u00fcl\u00e9si k\u00f6lts\u00e9ge magas tud lenni. Szokt\u00e1k mondani, ha m\u00e1r r\u00e1sz\u00e1nok milli\u00f3kat, akkor ez m\u00e1r nem \u00f6sszeg. De igen!\u00a0Ezzel a t\u00e9tellel nagyon sokat sp\u00f3rolhat: maga a tart\u00e1ly, plusz egy keringtet\u0151-szivatty\u00fa, r\u00e9zcs\u00f6vek, r\u00e9zidomok, munkad\u00edj, stb.<\/p>\n\n\n\n<p><em>Mi\u00e9rt van sz\u00fcks\u00e9g puffertart\u00e1lyra?<\/em><\/p>\n\n\n\n<p>MERT RACION\u00c1LIS \u00c9RVEK SZ\u00d3LNAK MELLETTE. \u00a0P\u00e9ld\u00e1ul nagy h\u00e1za van, \u00e9s nem f\u0171t minden helyis\u00e9get egyform\u00e1n: vannak olyan helyis\u00e9gek, amelyeknek h\u0151m\u00e9rs\u00e9klet\u00e9ben ak\u00e1r 5\u00b0C k\u00fcl\u00f6nbs\u00e9g is mutatkozik. Ilyen lehet mondjuk egy\u00a0vend\u00e9gszoba.<\/p>\n\n\n\n<p><strong>4. LEVEG\u0150-LEVEG\u0150 H\u0150SZIVATTY\u00da<\/strong><\/p>\n\n\n\n<p>Ahogy a nev\u00e9b\u0151l k\u00f6vetkeztethet\u00fcnk, a h\u0151t a leveg\u0151b\u0151l nyeri ki \u00e9s a leveg\u0151nek adja \u00e1t. Sokan csak h\u0151szivatty\u00fas kl\u00edm\u00e1nak nevezik. A hagyom\u00e1nyos k\u00e9sz\u00fcl\u00e9keket m\u00e1ra inverteresek v\u00e1ltott\u00e1k fel, ami nemcsak a szivatty\u00faban, hanem a kl\u00edm\u00e1ban is megjelent. Ezek a berendez\u00e9sek m\u00e1r ak\u00e1r -30\u00b0C-os h\u0151m\u00e9rs\u00e9klettel is k\u00f6nnyen megbirk\u00f3znak \u00e9s nem kell a f\u0171t\u00e9s hat\u00e9konys\u00e1ga miatt sem agg\u00f3dnunk.<\/p>\n\n\n\n<p><em>El\u0151nyei<\/em><\/p>\n\n\n\n<p>A leveg\u0151-leveg\u0151 h\u0151szivatty\u00fa el\u0151nye, hogy nagyon gyorsan zajlik a telep\u00edt\u00e9s, teh\u00e1t nem vesz\u00edt\u00fcnk vele id\u0151t. A kedvez\u0151 \u00e1r miatt Magyarorsz\u00e1gon sokan v\u00e1lasztj\u00e1k. A felhaszn\u00e1l\u00f3k legt\u00f6bbje az\u00e9rt szereti, mert a t\u00e9li f\u0171t\u00e9s mellett a ny\u00e1ri h\u0171t\u00e9sre is ugyan\u00fagy haszn\u00e1lhat\u00f3, amihez v\u00e9gig megb\u00edzhat\u00f3 m\u0171k\u00f6d\u00e9s j\u00e1r.<\/p>\n\n\n\n<p>Ha valamilyen meghib\u00e1sod\u00e1st tapasztalunk, akkor a karbantart\u00e1s gyors lesz \u00e9s megfizethet\u0151.<\/p>\n\n\n\n<p><em>H\u00e1tr\u00e1nyai<\/em><\/p>\n\n\n\n<p>Mivel a rendszer a leveg\u0151t haszn\u00e1lja fel, \u00edgy mindig sz\u00e1molnunk kell az \u00e1raml\u00e1sb\u00f3l ad\u00f3d\u00f3 zajjal \u00e9s leveg\u0151mozg\u00e1ssal. Lehet, hogy egy id\u0151 ut\u00e1n megszokja az ember, de vannak, akik sosem fogj\u00e1k tudni elviselni sem a z\u00fag\u00e1st, sem a l\u00e9gmozg\u00e1st. A leveg\u0151s h\u0151szivatty\u00fa eg\u00e9sz \u00e9vben \u201esz\u0171ri a leveg\u0151t\u201d, rendszeresen tiszt\u00edtani sz\u00fcks\u00e9ges az elp\u00e1rologtat\u00f3\/kondenz\u00e1tor lamell\u00e1zott fel\u00fclet\u00e9t. Az inverter egy k\u00e9nyes \u00e9s dr\u00e1ga elektronika, ami ez\u00e1ltal egy hibaforr\u00e1s is lehet.<\/p>\n\n\n\n<p>A h\u0151szivatty\u00fa nagy r\u00e9szben meg\u00fajul\u00f3 energiaforr\u00e1sb\u00f3l t\u00e1pl\u00e1lkozik, a helyi k\u00e1rosanyag-kibocs\u00e1t\u00e1sa szinte nulla. Ha a szivatty\u00fat a <strong>napelem\u00fcnkb\u0151l<\/strong> nyert elektromos \u00e1rammal m\u0171k\u00f6dtetj\u00fck, nemcsak k\u00f6rnyezetbar\u00e1t, de k\u00f6lts\u00e9ghat\u00e9kony technol\u00f3gi\u00e1val l\u00e1tjuk el a h\u00e1zunkat. Jelenlegi ismereteink szerint a h\u0151szivatty\u00fas technik\u00e1\u00e9 a j\u00f6v\u0151. Ha \u00faj h\u00e1zat \u00e9p\u00edt\u00fcnk, mindenk\u00e9pp meg\u00e9ri ezt a f\u0171t\u00e9si megold\u00e1st v\u00e1lasztani!<\/p>\n\n\n\n<p>A j\u00f3l megtervezett rendszer \u00e9s a plusz <strong>napelem<\/strong> minden k\u00e9s\u0151bbi probl\u00e9m\u00e1t \u00e1thidal, \u00edgy nem kell sem a meleg v\u00edz\u00e9rt, sem az \u00e1ram\u00e9rt fizetn\u00fcnk. Ha \u00faj \u00e9p\u00edt\u00e9s\u0171 h\u00e1zn\u00e1l alkalmazzuk, akkor 3 \u00e9v alatt megt\u00e9r\u00fclhet, ellenkez\u0151 esetben meg kell v\u00e1rnunk az ak\u00e1r egy \u00e9vtizedet is. Fontos kiemelni, hogy aki nem teljes fel\u00faj\u00edt\u00e1st v\u00e9gez, annak a h\u0151szivatty\u00fas f\u0171t\u00e9s h\u00e1tr\u00e1nyai nagyobbak lehetnek \u00e9s nem minden esetben \u00e9ri meg!<\/p>\n\n\n\n<p>A h\u0151szivatty\u00fas f\u0171t\u00e9s ak\u00e1r \u00f6r\u00f6k \u00e9let\u0171nek is nevezhet\u0151, ha rendszeresen karban van tartva. Ha pedig r\u00e1sz\u00e1ntuk a telep\u00edt\u00e9sre a milli\u00f3s \u00f6sszeget, akkor ne hagyjuk, hogy \u00e9ppen a rutin karbantart\u00e1sok miatt menjen t\u00f6nkre!<\/p>\n\n\n\n<p>NAPELEM<\/p>\n\n\n\n<p>Egy korszer\u0171 elektromos f\u0171t\u00e9s sokszor m\u00e9g olcs\u00f3bb \u00fczemeltet\u00e9s\u0171 is lehet, mint az azonos k\u00f6r\u00fclm\u00e9nyek k\u00f6z\u00f6tt m\u0171k\u00f6d\u0151, elavult kaz\u00e1n vagy konvektor. Mivel az elektromos f\u0171t\u00e9s kialak\u00edt\u00e1sa l\u00e9nyegesen olcs\u00f3bb b\u00e1rmely g\u00e1zos rendszern\u00e9l, \u00edgy a megmaradt p\u00e9nzt r\u00e1ford\u00edthatjuk napelem rendszer kialak\u00edt\u00e1s\u00e1ra, amivel ak\u00e1r 0 Ft-os villanysz\u00e1ml\u00e1nk is lehet \u2013 term\u00e9szetesen csak azut\u00e1n, hogy a napelem rendszer visszahozta az \u00e1r\u00e1t (8-10 \u00e9v). A megt\u00e9r\u00fcl\u00e9si id\u0151 t\u00e9nyez\u0151ir\u0151l <a href=\"https:\/\/dev.kompaktdesign.hu\/hodszolar.hu\/2021\/08\/09\/mennyi-ido-alatt-terul-meg-egy-napelemes-rendszer\/\">itt<\/a> \u00edrtunk kor\u00e1bban.<\/p>\n\n\n\n<p>Azonban mivel egy h\u00e1zat nem 8-10 \u00e9vre \u00e9p\u00edt\u00fcnk, hanem adott esetben 30-50 \u00e9veket is \u00e9l\u00fcnk benne, \u00edgy mindenk\u00e9ppen elgondolkodni ezen a megold\u00e1son, f\u0151leg, mi\u00f3ta \u00e1llami t\u00e1mogat\u00e1st is felvehet\u00fcnk napelem rendszer ki\u00e9p\u00edt\u00e9s\u00e9re. Err\u0151l <a href=\"https:\/\/dev.kompaktdesign.hu\/hodszolar.hu\/2022\/01\/14\/mar-csak-iden-veheto-igenybe-az-otthonfelujitasi-tamogatas-mit-kell-rola-tudni-napelemes-rendszer-telepitese-eseten\/\">itt<\/a> \u00e9s <a href=\"https:\/\/dev.kompaktdesign.hu\/hodszolar.hu\/palyazatok\/\">itt<\/a> tal\u00e1ltok b\u0151vebben inform\u00e1ci\u00f3t! \u00c9s akkor m\u00e9g nem is besz\u00e9lt\u00fcnk, hogy k\u00f6rnyezetv\u00e9delmi szempontb\u00f3l is mennyivel bar\u00e1tibb a saj\u00e1t otthonunkban megtermelt energi\u00e1t haszn\u00e1lni, ami ugye g\u00e1zf\u0171t\u00e9s eset\u00e9n sehogy sem val\u00f3s\u00edthat\u00f3 meg.<\/p>\n\n\n\n<figure class=\"wp-block-image\"><img decoding=\"async\" src=\"https:\/\/wtklima.hu\/wp-content\/uploads\/2021\/11\/15-24-27-hoszivattyu-850x570-1.jpg\" alt=\"100%-os napelem \u00e9s h\u0151szivatty\u00fa p\u00e1ly\u00e1zat | WT Kl\u00edma |\"\/><\/figure>\n\n\n\n<p>Sok t\u00e9vhit kering a napelemes rendszerekkel kapcsolatban, k\u00fcl\u00f6n\u00f6sen a napenergi\u00e1val t\u00e1pl\u00e1lt f\u0171t\u00e9s megt\u00e9r\u00fcl\u00e9s\u00e9r\u0151l. Ezeket \u00e9rdemes tiszt\u00e1zni!<\/p>\n\n\n\n<p>\u201eA napelem megfizethetetlen\u00fcl dr\u00e1ga.\u201d \/ \u201eA napelem a gazdagok j\u00e1t\u00e9ka.\u201d<\/p>\n\n\n\n<p>Ha megvessz\u00fck hitelre a napelemet, jellemz\u0151en a cs\u00f6kken\u0151 lak\u00e1srezsib\u0151l fizetj\u00fck a hitel t\u00f6rleszt\u00e9s\u00e9t. Amikor lej\u00e1r a teljes szerz\u0151d\u00e9s, van napelem\u00fcnk \u00e9s addig is kevesebb volt a rezsink, an\u00e9lk\u00fcl, hogy az elej\u00e9n milli\u00f3kkal kellett volna rendelkezn\u00fcnk. \u00cdgy volt ez az MFB 0%-os hiteln\u00e9l is, ahol csup\u00e1n 10% \u00f6ner\u0151vel kellett rendelkezni a t\u00e1mogat\u00e1s ig\u00e9nybev\u00e9tel\u00e9hez. A t\u00f6rleszt\u0151r\u00e9szletet be lehetett \u00e1ll\u00edtani a villanysz\u00e1mla m\u00e9rt\u00e9k\u00e9re, \u00edgy \u00e1ramsz\u00e1mla helyett a hitelt fizett\u00fck, an\u00e9lk\u00fcl, hogy k\u00fcl\u00f6n\u00f6sebben \u00e9rz\u00e9kelt\u00fcnk volna bel\u0151le b\u00e1rmit is. X \u00e9vvel k\u00e9s\u0151bb viszont volt egy napelemes rendszer\u00fcnk, onnant\u00f3l teljes hasznot hozva \u00e9s egy\u00fattal null\u00e1zva az \u00e1ramsz\u00e1ml\u00e1nkat.<\/p>\n\n\n\n<p>\u201eA g\u00e1zf\u0171t\u00e9s k\u00f6lts\u00e9ghat\u00e9konyabb.\u201d<\/p>\n\n\n\n<p>\u00daj \u00e9p\u00edt\u00e9sn\u00e9l napelem telep\u00edt\u00e9s\u00e9re ford\u00edthatjuk a g\u00e1ztervez\u00e9s, bek\u00f6t\u00e9s, kialak\u00edt\u00e1s k\u00f6lts\u00e9geit is. Itt teh\u00e1t a megt\u00e9r\u00fcl\u00e9s azonnali, hiszen ak\u00e1r ingyen is f\u0171thet\u00fcnk. M\u00edg, ha g\u00e1zberuh\u00e1z\u00e1sra k\u00f6lt\u00f6tt\u00fck volna, akkor lenne f\u0171t\u00e9si k\u00f6lts\u00e9g\u00fcnk, hiszen g\u00e1zt nem tudunk otthon el\u0151\u00e1ll\u00edtani.<\/p>\n\n\n\n<p>\u201e20 \u00e9v a megt\u00e9r\u00fcl\u00e9s, ha megt\u00e9r\u00fcl\u2026\u201d<\/p>\n\n\n\n<p>Az igazs\u00e1g az, hogy a napelem telep\u00edt\u00e9s\u00e9n\u00e9l 8-10 \u00e9ves megt\u00e9r\u00fcl\u00e9s v\u00e1rhat\u00f3, azonban nagyban befoly\u00e1solhatj\u00e1k k\u00fcl\u00f6nb\u00f6z\u0151 t\u00e9nyez\u0151k, mint pl. az \u00e1llami t\u00e1mogat\u00e1sok ig\u00e9nybev\u00e9tele. A napelem megt\u00e9r\u00fcl\u00e9s\u00e9r\u0151l \u00e1ltal\u00e1noss\u00e1gban <a href=\"https:\/\/dev.kompaktdesign.hu\/hodszolar.hu\/2021\/08\/09\/mennyi-ido-alatt-terul-meg-egy-napelemes-rendszer\/\">itt<\/a>, a 2022 \u00e9v v\u00e9g\u00e9ig el\u00e9rhet\u0151 otthonfel\u00faj\u00edt\u00e1si t\u00e1mogat\u00e1sr\u00f3l pedig <a href=\"https:\/\/dev.kompaktdesign.hu\/hodszolar.hu\/2022\/01\/14\/mar-csak-iden-veheto-igenybe-az-otthonfelujitasi-tamogatas-mit-kell-rola-tudni-napelemes-rendszer-telepitese-eseten\/\">itt<\/a> \u00edrtunk.<\/p>\n\n\n\n<p>\u201e20 \u00e9v alatt elavul a napelemes rendszer.\u201d<\/p>\n\n\n\n<p>T\u00e9ny, hogy Magyarorsz\u00e1gon m\u00e9g mindig viszonylag \u00faj dolognak sz\u00e1m\u00edt a napelem, azonban ett\u0151l f\u00fcggetlen\u00fcl folyamatos fejleszt\u00e9seken megy kereszt\u00fcl az eg\u00e9sz piac. A g\u00e9p\u00e9szeti szakm\u00e1ban elterjedt n\u00e9zet, hogy a g\u00e9p\u00e9szeti rendszerek 20 \u00e9v alatt elavulnak \u00e9s ez a t\u00e9vhit terjeng a napelemekr\u0151l is. A felt\u00e9telez\u00e9ssel ellent\u00e9tben a napelem gy\u00e1rt\u00f3k \u00e1ltal\u00e1ban 20-25 \u00e9v teljes\u00edtm\u00e9ny garanci\u00e1t adnak a napelemekre. Az \u00e1ltalunk forgalmazott Hyundai napelemek eset\u00e9ben a teljes\u00edtm\u00e9ny garancia mellett a term\u00e9kgarancia is 25 \u00e9v, ami igen magasnak sz\u00e1m\u00edt a piacon. Ez azt jelenti, hogy 25 \u00e9ven bel\u00fcl b\u00e1rmilyen gy\u00e1rt\u00e1si hib\u00e1t garanci\u00e1san jav\u00edt, cser\u00e9l a v\u00e1llalat. A teljes\u00edtm\u00e9ny garancia pedig arra vonatkozik, hogy 25 \u00e9v m\u0171k\u00f6d\u00e9s ut\u00e1n is minimum 80%-on teljes\u00edtenek majd a panelek. B\u00e1r ezek a sz\u00e1mok \u00f6nmagukban is j\u00f3l mutatnak, \u00e9rdemes megjegyezni, hogy a vil\u00e1gon els\u0151k\u00e9nt felszerelt rendszerek 50-60 \u00e9ve is m\u0171k\u00f6dnek. A pontatlan szerel\u0151i munka gyakran rendellenes m\u0171k\u00f6d\u00e9st eredm\u00e9nyez, ez\u00e9rt \u00e9rdemes megfontolni, hogy j\u00f3l k\u00e9pzett szakemberekre b\u00edzzuk a munk\u00e1latot.<\/p>\n\n\n\n<p><strong>Mi\u00e9rt \u00e9rdemes elektromos f\u0171t\u00e9shez napelemet telep\u00edteni?<\/strong><\/p>\n\n\n\n<p><em>Mentess\u00e9g a villany \u00e9s f\u0171t\u00e9ssz\u00e1mla al\u00f3l<\/em> \u2013 Ak\u00e1r mentes\u00fclhet\u00fcnk is a villany- \u00e9s f\u0171t\u00e9ssz\u00e1ml\u00e1t\u00f3l, nem \u00e9rint az \u00e1ram \u00e1rv\u00e1ltoz\u00e1sa, mert az ad-vesz \u00f3ra egyenl\u0151en sz\u00e1molja a beadott \u00e9s a felhaszn\u00e1lt \u00e1ram \u00e1r\u00e1t.<\/p>\n\n\n\n<p><em>K\u00f6lts\u00e9ghat\u00e9kony befektet\u00e9s<\/em> \u2013 A minim\u00e1lis rezsik\u00f6lts\u00e9g miatt t\u00f6bb p\u00e9nz marad a zseb\u00fcnkben, az elektromosan f\u0171t\u00f6tt otthonunk \u00e9rt\u00e9kesebb lesz a k\u00f6zel nulla m\u0171k\u00f6d\u00e9si k\u00f6lts\u00e9g miatt \u00e9s \u00e1tlagosan 9-10%-os \u00e9ves hozam\u00fa bev\u00e9telt fog hozni.<\/p>\n\n\n\n<p><em>Komfortos megold\u00e1s<\/em> \u2013 Sokkal k\u00e9nyelmesebb az \u00e9let\u00fcnk \u00e9s nagyobb a biztons\u00e1gunk elektromos f\u0171t\u00e9s mellett. Hiszen, ha nincs g\u00e1z, att\u00f3l m\u00e9g elektromosan f\u0171thet\u00fcnk, \u00e1ramsz\u00fcnetben viszont a legt\u00f6bb g\u00e1zkaz\u00e1n is m\u0171k\u00f6d\u00e9sk\u00e9ptelen.<\/p>\n\n\n\n<p><em>K\u00f6rnyezetbar\u00e1t f\u0171t\u00e9s<\/em> \u2013 K\u00f6rnyezettudatosak vagyunk, mert z\u00f6ld energi\u00e1t haszn\u00e1lunk, amivel k\u00edm\u00e9lj\u00fck a k\u00f6rnyezetet is, hiszen l\u00e9nyegesen cs\u00f6kkentj\u00fck a sz\u00e9n-dioxid terhel\u00e9st.<\/p>\n\n\n\n<p><em>Kisebb kl\u00edma k\u00f6lts\u00e9g<\/em> \u2013 A tet\u0151n elhelyezett napelemek tov\u00e1bbi el\u0151nye, hogy az \u00e1rny\u00e9kol\u00f3 hat\u00e1suk miatt ny\u00e1ron nem melegszik fel annyira a tet\u0151, \u00edgy alatta a lak\u00e1s sem, kevesebbet k\u00f6lt\u00fcnk h\u0171t\u00e9sre.<\/p>\n","protected":false},"excerpt":{"rendered":"<p>2. V\u00cdZ-V\u00cdZ H\u0150SZIVATTY\u00da N\u00e9h\u00e1ny m\u00e9terre a f\u00f6ldfelsz\u00ednt\u0151l a k\u00fcls\u0151 leveg\u0151 szezon\u00e1lis h\u0151m\u00e9rs\u00e9klet\u00e9nek ingadoz\u00e1sai m\u00e1r nem \u00e9rv\u00e9nyes\u00fclnek, \u00edgy a talaj h\u0151m\u00e9rs\u00e9klete \u00e1lland\u00f3 7-10\u00b0C k\u00f6rny\u00e9k\u00e9n mozog. Az ezen m\u00e9lys\u00e9gekben elhelyezked\u0151 v\u00edzad\u00f3 r\u00e9tegekb\u0151l nyert talajv\u00edz ennek k\u00f6sz\u00f6nhet\u0151en eg\u00e9sz \u00e9vben a legmagasabb hat\u00e1sfokot biztos\u00edtja a h\u0151szivatty\u00fa sz\u00e1m\u00e1ra. A kedvez\u0151 h\u0151m\u00e9rs\u00e9kletszint tov\u00e1bb\u00e1 lehet\u0151v\u00e9 teszi az \u00fagynevezett passz\u00edv h\u0171t\u00e9st, amikor a [&hellip;]<\/p>\n","protected":false},"author":3,"featured_media":859,"comment_status":"open","ping_status":"open","sticky":false,"template":"","format":"standard","meta":{"footnotes":""},"categories":[1],"tags":[],"class_list":["post-858","post","type-post","status-publish","format-standard","has-post-thumbnail","hentry","category-egyeb"],"yoast_head":"<!-- This site is optimized with the Yoast SEO plugin v19.5.1 - https:\/\/yoast.com\/wordpress\/plugins\/seo\/ -->\n<title>F\u0171t\u00e9s t\u00edpusai - 5. r\u00e9sz | H\u00f3dszol\u00e1r<\/title>\n<meta name=\"robots\" content=\"noindex, follow, max-snippet:-1, max-image-preview:large, max-video-preview:-1\" \/>\n<meta property=\"og:locale\" content=\"hu_HU\" \/>\n<meta property=\"og:type\" content=\"article\" \/>\n<meta property=\"og:title\" content=\"F\u0171t\u00e9s t\u00edpusai - 5. r\u00e9sz | H\u00f3dszol\u00e1r\" \/>\n<meta property=\"og:description\" content=\"2. V\u00cdZ-V\u00cdZ H\u0150SZIVATTY\u00da N\u00e9h\u00e1ny m\u00e9terre a f\u00f6ldfelsz\u00ednt\u0151l a k\u00fcls\u0151 leveg\u0151 szezon\u00e1lis h\u0151m\u00e9rs\u00e9klet\u00e9nek ingadoz\u00e1sai m\u00e1r nem \u00e9rv\u00e9nyes\u00fclnek, \u00edgy a talaj h\u0151m\u00e9rs\u00e9klete \u00e1lland\u00f3 7-10\u00b0C k\u00f6rny\u00e9k\u00e9n mozog. Az ezen m\u00e9lys\u00e9gekben elhelyezked\u0151 v\u00edzad\u00f3 r\u00e9tegekb\u0151l nyert talajv\u00edz ennek k\u00f6sz\u00f6nhet\u0151en eg\u00e9sz \u00e9vben a legmagasabb hat\u00e1sfokot biztos\u00edtja a h\u0151szivatty\u00fa sz\u00e1m\u00e1ra. A kedvez\u0151 h\u0151m\u00e9rs\u00e9kletszint tov\u00e1bb\u00e1 lehet\u0151v\u00e9 teszi az \u00fagynevezett passz\u00edv h\u0171t\u00e9st, amikor a [&hellip;]\" \/>\n<meta property=\"og:url\" content=\"https:\/\/dev.kompaktdesign.hu\/hodszolar.hu\/2022\/02\/23\/futes-tipusai-5-resz\/\" \/>\n<meta property=\"og:site_name\" content=\"H\u00f3dszol\u00e1r\" \/>\n<meta property=\"article:publisher\" content=\"https:\/\/www.facebook.com\/hodszolar\" \/>\n<meta property=\"article:published_time\" content=\"2022-02-23T12:16:07+00:00\" \/>\n<meta property=\"article:modified_time\" content=\"2022-02-23T12:16:08+00:00\" \/>\n<meta property=\"og:image\" content=\"https:\/\/dev.kompaktdesign.hu\/hodszolar.hu\/wp-content\/uploads\/2022\/02\/5.-resz.png\" \/>\n\t<meta property=\"og:image:width\" content=\"1080\" \/>\n\t<meta property=\"og:image:height\" content=\"1080\" \/>\n\t<meta property=\"og:image:type\" content=\"image\/png\" \/>\n<meta name=\"author\" content=\"H\u00f3dszol\u00e1r Kft.\" \/>\n<meta name=\"twitter:card\" content=\"summary_large_image\" \/>\n<meta name=\"twitter:label1\" content=\"Szerz\u0151:\" \/>\n\t<meta name=\"twitter:data1\" content=\"H\u00f3dszol\u00e1r Kft.\" \/>\n\t<meta name=\"twitter:label2\" content=\"Becs\u00fclt olvas\u00e1si id\u0151\" \/>\n\t<meta name=\"twitter:data2\" content=\"10 perc\" \/>\n<script type=\"application\/ld+json\" class=\"yoast-schema-graph\">{\"@context\":\"https:\/\/schema.org\",\"@graph\":[{\"@type\":\"Article\",\"@id\":\"https:\/\/dev.kompaktdesign.hu\/hodszolar.hu\/2022\/02\/23\/futes-tipusai-5-resz\/#article\",\"isPartOf\":{\"@id\":\"https:\/\/dev.kompaktdesign.hu\/hodszolar.hu\/2022\/02\/23\/futes-tipusai-5-resz\/\"},\"author\":{\"name\":\"H\u00f3dszol\u00e1r Kft.\",\"@id\":\"https:\/\/dev.kompaktdesign.hu\/hodszolar.hu\/#\/schema\/person\/a788af940a3d6b2829396312340dd08c\"},\"headline\":\"F\u0171t\u00e9s t\u00edpusai - 5. r\u00e9sz\",\"datePublished\":\"2022-02-23T12:16:07+00:00\",\"dateModified\":\"2022-02-23T12:16:08+00:00\",\"mainEntityOfPage\":{\"@id\":\"https:\/\/dev.kompaktdesign.hu\/hodszolar.hu\/2022\/02\/23\/futes-tipusai-5-resz\/\"},\"wordCount\":3268,\"commentCount\":0,\"publisher\":{\"@id\":\"https:\/\/dev.kompaktdesign.hu\/hodszolar.hu\/#organization\"},\"articleSection\":[\"Egy\u00e9b kateg\u00f3ria\"],\"inLanguage\":\"hu\",\"potentialAction\":[{\"@type\":\"CommentAction\",\"name\":\"Comment\",\"target\":[\"https:\/\/dev.kompaktdesign.hu\/hodszolar.hu\/2022\/02\/23\/futes-tipusai-5-resz\/#respond\"]}]},{\"@type\":\"WebPage\",\"@id\":\"https:\/\/dev.kompaktdesign.hu\/hodszolar.hu\/2022\/02\/23\/futes-tipusai-5-resz\/\",\"url\":\"https:\/\/dev.kompaktdesign.hu\/hodszolar.hu\/2022\/02\/23\/futes-tipusai-5-resz\/\",\"name\":\"F\u0171t\u00e9s t\u00edpusai - 5. r\u00e9sz | H\u00f3dszol\u00e1r\",\"isPartOf\":{\"@id\":\"https:\/\/dev.kompaktdesign.hu\/hodszolar.hu\/#website\"},\"datePublished\":\"2022-02-23T12:16:07+00:00\",\"dateModified\":\"2022-02-23T12:16:08+00:00\",\"breadcrumb\":{\"@id\":\"https:\/\/dev.kompaktdesign.hu\/hodszolar.hu\/2022\/02\/23\/futes-tipusai-5-resz\/#breadcrumb\"},\"inLanguage\":\"hu\",\"potentialAction\":[{\"@type\":\"ReadAction\",\"target\":[\"https:\/\/dev.kompaktdesign.hu\/hodszolar.hu\/2022\/02\/23\/futes-tipusai-5-resz\/\"]}]},{\"@type\":\"BreadcrumbList\",\"@id\":\"https:\/\/dev.kompaktdesign.hu\/hodszolar.hu\/2022\/02\/23\/futes-tipusai-5-resz\/#breadcrumb\",\"itemListElement\":[{\"@type\":\"ListItem\",\"position\":1,\"name\":\"Kezd\u0151lap\",\"item\":\"https:\/\/dev.kompaktdesign.hu\/hodszolar.hu\/\"},{\"@type\":\"ListItem\",\"position\":2,\"name\":\"F\u0171t\u00e9s t\u00edpusai - 5. r\u00e9sz\"}]},{\"@type\":\"WebSite\",\"@id\":\"https:\/\/dev.kompaktdesign.hu\/hodszolar.hu\/#website\",\"url\":\"https:\/\/dev.kompaktdesign.hu\/hodszolar.hu\/\",\"name\":\"H\u00f3dszol\u00e1r\",\"description\":\"A v\u00e1s\u00e1rhelyi napelemes\",\"publisher\":{\"@id\":\"https:\/\/dev.kompaktdesign.hu\/hodszolar.hu\/#organization\"},\"potentialAction\":[{\"@type\":\"SearchAction\",\"target\":{\"@type\":\"EntryPoint\",\"urlTemplate\":\"https:\/\/dev.kompaktdesign.hu\/hodszolar.hu\/?s={search_term_string}\"},\"query-input\":\"required name=search_term_string\"}],\"inLanguage\":\"hu\"},{\"@type\":\"Organization\",\"@id\":\"https:\/\/dev.kompaktdesign.hu\/hodszolar.hu\/#organization\",\"name\":\"H\u00f3dszol\u00e1r Kft.\",\"url\":\"https:\/\/dev.kompaktdesign.hu\/hodszolar.hu\/\",\"sameAs\":[\"https:\/\/www.facebook.com\/hodszolar\"],\"logo\":{\"@type\":\"ImageObject\",\"inLanguage\":\"hu\",\"@id\":\"https:\/\/dev.kompaktdesign.hu\/hodszolar.hu\/#\/schema\/logo\/image\/\",\"url\":\"https:\/\/dev.kompaktdesign.hu\/hodszolar.hu\/wp-content\/uploads\/2021\/05\/fvicon.png\",\"contentUrl\":\"https:\/\/dev.kompaktdesign.hu\/hodszolar.hu\/wp-content\/uploads\/2021\/05\/fvicon.png\",\"width\":132,\"height\":132,\"caption\":\"H\u00f3dszol\u00e1r Kft.\"},\"image\":{\"@id\":\"https:\/\/dev.kompaktdesign.hu\/hodszolar.hu\/#\/schema\/logo\/image\/\"}},{\"@type\":\"Person\",\"@id\":\"https:\/\/dev.kompaktdesign.hu\/hodszolar.hu\/#\/schema\/person\/a788af940a3d6b2829396312340dd08c\",\"name\":\"H\u00f3dszol\u00e1r Kft.\",\"image\":{\"@type\":\"ImageObject\",\"inLanguage\":\"hu\",\"@id\":\"https:\/\/dev.kompaktdesign.hu\/hodszolar.hu\/#\/schema\/person\/image\/\",\"url\":\"https:\/\/secure.gravatar.com\/avatar\/38df000db6f2e93b7f0ccccf7714392424ca033738d34dfe71f19fdb70329830?s=96&d=mm&r=g\",\"contentUrl\":\"https:\/\/secure.gravatar.com\/avatar\/38df000db6f2e93b7f0ccccf7714392424ca033738d34dfe71f19fdb70329830?s=96&d=mm&r=g\",\"caption\":\"H\u00f3dszol\u00e1r Kft.\"},\"url\":\"https:\/\/dev.kompaktdesign.hu\/hodszolar.hu\/author\/hodszolar\/\"}]}<\/script>\n<!-- \/ Yoast SEO plugin. -->","yoast_head_json":{"title":"F\u0171t\u00e9s t\u00edpusai - 5. r\u00e9sz | H\u00f3dszol\u00e1r","robots":{"index":"noindex","follow":"follow","max-snippet":"max-snippet:-1","max-image-preview":"max-image-preview:large","max-video-preview":"max-video-preview:-1"},"og_locale":"hu_HU","og_type":"article","og_title":"F\u0171t\u00e9s t\u00edpusai - 5. r\u00e9sz | H\u00f3dszol\u00e1r","og_description":"2. V\u00cdZ-V\u00cdZ H\u0150SZIVATTY\u00da N\u00e9h\u00e1ny m\u00e9terre a f\u00f6ldfelsz\u00ednt\u0151l a k\u00fcls\u0151 leveg\u0151 szezon\u00e1lis h\u0151m\u00e9rs\u00e9klet\u00e9nek ingadoz\u00e1sai m\u00e1r nem \u00e9rv\u00e9nyes\u00fclnek, \u00edgy a talaj h\u0151m\u00e9rs\u00e9klete \u00e1lland\u00f3 7-10\u00b0C k\u00f6rny\u00e9k\u00e9n mozog. Az ezen m\u00e9lys\u00e9gekben elhelyezked\u0151 v\u00edzad\u00f3 r\u00e9tegekb\u0151l nyert talajv\u00edz ennek k\u00f6sz\u00f6nhet\u0151en eg\u00e9sz \u00e9vben a legmagasabb hat\u00e1sfokot biztos\u00edtja a h\u0151szivatty\u00fa sz\u00e1m\u00e1ra. A kedvez\u0151 h\u0151m\u00e9rs\u00e9kletszint tov\u00e1bb\u00e1 lehet\u0151v\u00e9 teszi az \u00fagynevezett passz\u00edv h\u0171t\u00e9st, amikor a [&hellip;]","og_url":"https:\/\/dev.kompaktdesign.hu\/hodszolar.hu\/2022\/02\/23\/futes-tipusai-5-resz\/","og_site_name":"H\u00f3dszol\u00e1r","article_publisher":"https:\/\/www.facebook.com\/hodszolar","article_published_time":"2022-02-23T12:16:07+00:00","article_modified_time":"2022-02-23T12:16:08+00:00","og_image":[{"width":1080,"height":1080,"url":"https:\/\/dev.kompaktdesign.hu\/hodszolar.hu\/wp-content\/uploads\/2022\/02\/5.-resz.png","type":"image\/png"}],"author":"H\u00f3dszol\u00e1r Kft.","twitter_card":"summary_large_image","twitter_misc":{"Szerz\u0151:":"H\u00f3dszol\u00e1r Kft.","Becs\u00fclt olvas\u00e1si id\u0151":"10 perc"},"schema":{"@context":"https:\/\/schema.org","@graph":[{"@type":"Article","@id":"https:\/\/dev.kompaktdesign.hu\/hodszolar.hu\/2022\/02\/23\/futes-tipusai-5-resz\/#article","isPartOf":{"@id":"https:\/\/dev.kompaktdesign.hu\/hodszolar.hu\/2022\/02\/23\/futes-tipusai-5-resz\/"},"author":{"name":"H\u00f3dszol\u00e1r Kft.","@id":"https:\/\/dev.kompaktdesign.hu\/hodszolar.hu\/#\/schema\/person\/a788af940a3d6b2829396312340dd08c"},"headline":"F\u0171t\u00e9s t\u00edpusai - 5. r\u00e9sz","datePublished":"2022-02-23T12:16:07+00:00","dateModified":"2022-02-23T12:16:08+00:00","mainEntityOfPage":{"@id":"https:\/\/dev.kompaktdesign.hu\/hodszolar.hu\/2022\/02\/23\/futes-tipusai-5-resz\/"},"wordCount":3268,"commentCount":0,"publisher":{"@id":"https:\/\/dev.kompaktdesign.hu\/hodszolar.hu\/#organization"},"articleSection":["Egy\u00e9b kateg\u00f3ria"],"inLanguage":"hu","potentialAction":[{"@type":"CommentAction","name":"Comment","target":["https:\/\/dev.kompaktdesign.hu\/hodszolar.hu\/2022\/02\/23\/futes-tipusai-5-resz\/#respond"]}]},{"@type":"WebPage","@id":"https:\/\/dev.kompaktdesign.hu\/hodszolar.hu\/2022\/02\/23\/futes-tipusai-5-resz\/","url":"https:\/\/dev.kompaktdesign.hu\/hodszolar.hu\/2022\/02\/23\/futes-tipusai-5-resz\/","name":"F\u0171t\u00e9s t\u00edpusai - 5. r\u00e9sz | H\u00f3dszol\u00e1r","isPartOf":{"@id":"https:\/\/dev.kompaktdesign.hu\/hodszolar.hu\/#website"},"datePublished":"2022-02-23T12:16:07+00:00","dateModified":"2022-02-23T12:16:08+00:00","breadcrumb":{"@id":"https:\/\/dev.kompaktdesign.hu\/hodszolar.hu\/2022\/02\/23\/futes-tipusai-5-resz\/#breadcrumb"},"inLanguage":"hu","potentialAction":[{"@type":"ReadAction","target":["https:\/\/dev.kompaktdesign.hu\/hodszolar.hu\/2022\/02\/23\/futes-tipusai-5-resz\/"]}]},{"@type":"BreadcrumbList","@id":"https:\/\/dev.kompaktdesign.hu\/hodszolar.hu\/2022\/02\/23\/futes-tipusai-5-resz\/#breadcrumb","itemListElement":[{"@type":"ListItem","position":1,"name":"Kezd\u0151lap","item":"https:\/\/dev.kompaktdesign.hu\/hodszolar.hu\/"},{"@type":"ListItem","position":2,"name":"F\u0171t\u00e9s t\u00edpusai - 5. r\u00e9sz"}]},{"@type":"WebSite","@id":"https:\/\/dev.kompaktdesign.hu\/hodszolar.hu\/#website","url":"https:\/\/dev.kompaktdesign.hu\/hodszolar.hu\/","name":"H\u00f3dszol\u00e1r","description":"A v\u00e1s\u00e1rhelyi napelemes","publisher":{"@id":"https:\/\/dev.kompaktdesign.hu\/hodszolar.hu\/#organization"},"potentialAction":[{"@type":"SearchAction","target":{"@type":"EntryPoint","urlTemplate":"https:\/\/dev.kompaktdesign.hu\/hodszolar.hu\/?s={search_term_string}"},"query-input":"required name=search_term_string"}],"inLanguage":"hu"},{"@type":"Organization","@id":"https:\/\/dev.kompaktdesign.hu\/hodszolar.hu\/#organization","name":"H\u00f3dszol\u00e1r Kft.","url":"https:\/\/dev.kompaktdesign.hu\/hodszolar.hu\/","sameAs":["https:\/\/www.facebook.com\/hodszolar"],"logo":{"@type":"ImageObject","inLanguage":"hu","@id":"https:\/\/dev.kompaktdesign.hu\/hodszolar.hu\/#\/schema\/logo\/image\/","url":"https:\/\/dev.kompaktdesign.hu\/hodszolar.hu\/wp-content\/uploads\/2021\/05\/fvicon.png","contentUrl":"https:\/\/dev.kompaktdesign.hu\/hodszolar.hu\/wp-content\/uploads\/2021\/05\/fvicon.png","width":132,"height":132,"caption":"H\u00f3dszol\u00e1r Kft."},"image":{"@id":"https:\/\/dev.kompaktdesign.hu\/hodszolar.hu\/#\/schema\/logo\/image\/"}},{"@type":"Person","@id":"https:\/\/dev.kompaktdesign.hu\/hodszolar.hu\/#\/schema\/person\/a788af940a3d6b2829396312340dd08c","name":"H\u00f3dszol\u00e1r Kft.","image":{"@type":"ImageObject","inLanguage":"hu","@id":"https:\/\/dev.kompaktdesign.hu\/hodszolar.hu\/#\/schema\/person\/image\/","url":"https:\/\/secure.gravatar.com\/avatar\/38df000db6f2e93b7f0ccccf7714392424ca033738d34dfe71f19fdb70329830?s=96&d=mm&r=g","contentUrl":"https:\/\/secure.gravatar.com\/avatar\/38df000db6f2e93b7f0ccccf7714392424ca033738d34dfe71f19fdb70329830?s=96&d=mm&r=g","caption":"H\u00f3dszol\u00e1r Kft."},"url":"https:\/\/dev.kompaktdesign.hu\/hodszolar.hu\/author\/hodszolar\/"}]}},"_links":{"self":[{"href":"https:\/\/dev.kompaktdesign.hu\/hodszolar.hu\/wp-json\/wp\/v2\/posts\/858","targetHints":{"allow":["GET"]}}],"collection":[{"href":"https:\/\/dev.kompaktdesign.hu\/hodszolar.hu\/wp-json\/wp\/v2\/posts"}],"about":[{"href":"https:\/\/dev.kompaktdesign.hu\/hodszolar.hu\/wp-json\/wp\/v2\/types\/post"}],"author":[{"embeddable":true,"href":"https:\/\/dev.kompaktdesign.hu\/hodszolar.hu\/wp-json\/wp\/v2\/users\/3"}],"replies":[{"embeddable":true,"href":"https:\/\/dev.kompaktdesign.hu\/hodszolar.hu\/wp-json\/wp\/v2\/comments?post=858"}],"version-history":[{"count":1,"href":"https:\/\/dev.kompaktdesign.hu\/hodszolar.hu\/wp-json\/wp\/v2\/posts\/858\/revisions"}],"predecessor-version":[{"id":860,"href":"https:\/\/dev.kompaktdesign.hu\/hodszolar.hu\/wp-json\/wp\/v2\/posts\/858\/revisions\/860"}],"wp:featuredmedia":[{"embeddable":true,"href":"https:\/\/dev.kompaktdesign.hu\/hodszolar.hu\/wp-json\/wp\/v2\/media\/859"}],"wp:attachment":[{"href":"https:\/\/dev.kompaktdesign.hu\/hodszolar.hu\/wp-json\/wp\/v2\/media?parent=858"}],"wp:term":[{"taxonomy":"category","embeddable":true,"href":"https:\/\/dev.kompaktdesign.hu\/hodszolar.hu\/wp-json\/wp\/v2\/categories?post=858"},{"taxonomy":"post_tag","embeddable":true,"href":"https:\/\/dev.kompaktdesign.hu\/hodszolar.hu\/wp-json\/wp\/v2\/tags?post=858"}],"curies":[{"name":"wp","href":"https:\/\/api.w.org\/{rel}","templated":true}]}}