{"id":882,"date":"2022-06-28T10:29:47","date_gmt":"2022-06-28T10:29:47","guid":{"rendered":"https:\/\/hodszolar.hu\/?p=882"},"modified":"2022-06-29T10:41:27","modified_gmt":"2022-06-29T10:41:27","slug":"nem-erdemes-tovabb-varni-palyazat-nelkul-is-megeri-napelemet-telepittetni","status":"publish","type":"post","link":"https:\/\/dev.kompaktdesign.hu\/hodszolar.hu\/2022\/06\/28\/nem-erdemes-tovabb-varni-palyazat-nelkul-is-megeri-napelemet-telepittetni\/","title":{"rendered":"Nem \u00e9rdemes tov\u00e1bb v\u00e1rni, p\u00e1ly\u00e1zat n\u00e9lk\u00fcl is meg\u00e9ri napelemet telep\u00edttetni!"},"content":{"rendered":"\n<p>Marad a rezsics\u00f6kkent\u00e9s, a Magyar Korm\u00e1ny szerint mintegy 100 ezer kkv r\u00e9sz\u00e9re, azonban ennek szigor\u00fa felt\u00e9telei vannak. Blogbejegyz\u00e9seinkben ezeket szedt\u00fck \u00f6ssze, illetve, hogy mire sz\u00e1m\u00edthatnak azok a v\u00e1llalkoz\u00e1sok, akik kiesnek a kedvezm\u00e9nyes villamosenergia- \u00e9s f\u00f6ldg\u00e1z\u00e1rra jogosultak k\u00f6r\u00e9b\u0151l.<\/p>\n\n\n\n<p>Kit\u00e9r\u00fcnk arra is, hogy melyik k\u00e9t fontos d\u00e1tumot kell feljegyezz\u00fck a k\u00f6zelj\u00f6v\u0151re vonatkoz\u00f3an.<\/p>\n\n\n\n<p>2022. augusztus 1-t\u0151l megv\u00e1ltozik az egyetemes f\u00f6ldg\u00e1z- \u00e9s villamosenergia-szolg\u00e1ltat\u00e1s ig\u00e9nybev\u00e9tel\u00e9re jogosult \u00fcgyfelek k\u00f6re. A v\u00e1ltoz\u00e1sok miatt a lakoss\u00e1g \u00e9s a mikrov\u00e1llalkoz\u00e1sok kiv\u00e9tel\u00e9vel a tov\u00e1bbiakban az egyetemes szolg\u00e1ltat\u00e1sra nem jogosult felhaszn\u00e1l\u00f3knak 2022. j\u00falius 1-j\u00e9ig saj\u00e1t \u00e9rdek\u00fckben nyilatkozniuk kell.<\/p>\n\n\n\n<p>2022. j\u00fanius 17-\u00e9n megjelent az a <a href=\"https:\/\/csmkik.hu\/storage\/documents\/June2022\/50aw5Nlfl1IGYOAsDrmg.pdf\">korm\u00e1nyrendelet<\/a>, ami lehet\u0151v\u00e9 teszi, hogy a mikrov\u00e1llalkoz\u00e1sok is jogosultak legyenek az egyetemes szolg\u00e1ltat\u00e1s ig\u00e9nybev\u00e9tel\u00e9re.<\/p>\n\n\n\n<h4 class=\"wp-block-heading\"><strong>Ki jogosult egyetemes villamosenergia- \u00e9s f\u00f6ldg\u00e1z-szolg\u00e1ltat\u00e1sra?<\/strong><\/h4>\n\n\n\n<p>2022. augusztus 1-t\u0151l 2022. december 31. napj\u00e1ig egyetemes szolg\u00e1ltat\u00e1sra jogosult kiz\u00e1r\u00f3lag:<\/p>\n\n\n\n<p>a)&nbsp;&nbsp;&nbsp;&nbsp;&nbsp; a <strong>lakoss\u00e1gi fogyaszt\u00f3, azaz<\/strong><\/p>\n\n\n\n<ul class=\"wp-block-list\"><li>aki saj\u00e1t h\u00e1ztart\u00e1sa \u2013 egy felhaszn\u00e1l\u00e1si helyet k\u00e9pez\u0151, egy vagy t\u00f6bb lak\u00f3\u00e9p\u00fclet, lak\u00e1s, \u00fcd\u00fcl\u0151 vagy h\u00e9tv\u00e9gi h\u00e1z, tov\u00e1bb\u00e1 lakoss\u00e1gi c\u00e9lra haszn\u00e1lt gar\u00e1zs \u2013 fogyaszt\u00e1sa c\u00e9lj\u00e1ra v\u00e1s\u00e1rol villamos energi\u00e1t (\u00e9s f\u00f6ldg\u00e1zt), \u00e9s az \u00edgy ig\u00e9nybe vett villamos energi\u00e1val (\u00e9s f\u00f6ldg\u00e1zzal) nem folytat j\u00f6vedelemszerz\u0151 tev\u00e9kenys\u00e9get,<\/li><li>a t\u00e1rsash\u00e1zak, a lak\u00e1ssz\u00f6vetkezetek, amennyiben a lak\u00f3\u00e9p\u00fcletben az \u00f6n\u00e1ll\u00f3 lak\u00e1sok sz\u00e1ma meghaladja a nem lak\u00e1s c\u00e9lj\u00e1ra szolg\u00e1l\u00f3 helyis\u00e9gek sz\u00e1m\u00e1t, \u00e9s az \u00edgy ig\u00e9nybe vett villamos energi\u00e1val (\u00e9s f\u00f6ldg\u00e1zzal) nem folytatnak j\u00f6vedelemszerz\u0151 tev\u00e9kenys\u00e9get,<\/li><li>a jogi szem\u00e9lyis\u00e9ggel rendelkez\u0151 vall\u00e1si k\u00f6z\u00f6ss\u00e9gek, azok bels\u0151 egyh\u00e1zi jogi szem\u00e9lyei vagy jogi szem\u00e9lyis\u00e9ggel rendelkez\u0151 szervezeti egys\u00e9gei az egyh\u00e1zak hit\u00e9leti \u00e9s k\u00f6zc\u00e9l\u00fa tev\u00e9kenys\u00e9g\u00e9nek anyagi felt\u00e9teleir\u0151l sz\u00f3l\u00f3 1997. \u00e9vi CXXIV. t\u00f6rv\u00e9ny 11. \u00a7 (1) bekezd\u00e9s\u00e9ben foglaltak teljes\u00fcl\u00e9se eset\u00e9n,<\/li><li><em><strong>\u00daJ!<\/strong><\/em> a 217\/2022. (VI. 17.) Korm. rendelet \u00e9rtelm\u00e9ben az \u00f6nkorm\u00e1nyzati \u00e9s \u00e1llami b\u00e9rlak\u00e1sban, valamint sz\u00e1ll\u00f3f\u00e9r\u0151helyen \u00e9l\u0151k felhaszn\u00e1l\u00e1si helyei ell\u00e1t\u00e1sa biztos\u00edt\u00e1s\u00e1nak m\u00e9rt\u00e9k\u00e9ig a helyi \u00f6nkorm\u00e1nyzat \u00e9s az \u00e1llami b\u00e9rlak\u00e1s, valamint a sz\u00e1ll\u00f3f\u00e9r\u0151hely \u00fczemeltet\u0151je,<\/li><\/ul>\n\n\n\n<p>valamint<\/p>\n\n\n\n<p>b)&nbsp;&nbsp;&nbsp; az a nem lakoss\u00e1gi fogyaszt\u00f3, aki eset\u00e9ben az al\u00e1bbi felt\u00e9telek egy\u00fcttesen teljes\u00fclnek<\/p>\n\n\n\n<ul class=\"wp-block-list\"><li><strong>kisfesz\u00fclts\u00e9gen v\u00e9telez<\/strong>,<\/li><li><strong>\u00f6sszes felhaszn\u00e1l\u00e1si helye<\/strong> tekintet\u00e9ben egy\u00fcttesen <strong>3*63 A-n\u00e1l nem nagyobb csatlakoz\u00e1si teljes\u00edtm\u00e9ny\u0171 <\/strong>felhaszn\u00e1l\u00f3nak min\u0151s\u00fcl,<\/li><li><em><strong>\u00daJ!<\/strong><\/em> a kis- \u00e9s k\u00f6z\u00e9pv\u00e1llalkoz\u00e1sokr\u00f3l, fejl\u0151d\u00e9s\u00fck t\u00e1mogat\u00e1s\u00e1r\u00f3l sz\u00f3l\u00f3 2004. \u00e9vi XXXIV. t\u00f6rv\u00e9ny szerinti <strong>mikrov\u00e1llalkoz\u00e1s,<\/strong><\/li><li><em><strong>\u00daJ!<\/strong><\/em><strong> 2022. j\u00fanius 18-\u00e1n egyetemes szolg\u00e1ltat\u00f3t\u00f3l v\u00e1s\u00e1rolta a villamos energi\u00e1t \u00e9s a f\u00f6ldg\u00e1zt,<\/strong><\/li><li><strong>20 m<sup>3<\/sup>\/h kapacit\u00e1st meg nem halad\u00f3 v\u00e1s\u00e1rolt kapacit\u00e1ssal rendelkezik<\/strong>.<\/li><\/ul>\n\n\n\n<p>Az egyetemes szolg\u00e1ltat\u00f3 b\u00e1rmikor jogosult az egyetemes szolg\u00e1ltat\u00e1sra vonatkoz\u00f3 jogosults\u00e1got ellen\u0151rizni, \u00e9s az ezt al\u00e1t\u00e1maszt\u00f3 iratot a felhaszn\u00e1l\u00f3t\u00f3l bek\u00e9rni.<\/p>\n\n\n\n<p>Amennyiben az egyetemes szolg\u00e1ltat\u00f3 a jogosults\u00e1got al\u00e1t\u00e1maszt\u00f3 irat alapj\u00e1n meg\u00e1llap\u00edtja, hogy a felhaszn\u00e1l\u00f3 egyetemes szolg\u00e1ltat\u00e1s ig\u00e9nybev\u00e9tel\u00e9re nem jogosult, a 2022. augusztus 1-j\u00e9t\u0151l az egyetemes szolg\u00e1ltat\u00f3 \u00e1ltali ell\u00e1t\u00e1s v\u00e9g\u00e9ig terjed\u0151 id\u0151szak alatt felhaszn\u00e1lt villamos energi\u00e1t az adott h\u00f3napra vonatkoz\u00f3 \u00e1tlagos HUPX m\u00e1snapi \u00f3r\u00e1s piaci \u00e1r k\u00e9tszeres\u00e9nek, de legal\u00e1bb az alkalmazott egyetemes szolg\u00e1ltat\u00e1si \u00e1rszab\u00e1s egys\u00e9g\u00e1ra \u00f6tsz\u00f6r\u00f6s\u00e9nek megfelel\u0151 egys\u00e9g\u00e1ron sz\u00e1molja el.<\/p>\n\n\n\n<h4 class=\"wp-block-heading\"><strong>Ki min\u0151s\u00fcl mikrov\u00e1llalkoz\u00e1snak, ami a nem lakoss\u00e1gi fogyaszt\u00f3 st\u00e1tusz \u00faj felt\u00e9tele?<\/strong><strong><\/strong><\/h4>\n\n\n\n<p>A kis- \u00e9s k\u00f6z\u00e9pv\u00e1llalkoz\u00e1sokr\u00f3l, fejl\u0151d\u00e9s\u00fck t\u00e1mogat\u00e1s\u00e1r\u00f3l sz\u00f3l\u00f3 2004. \u00e9vi XXXIV. t\u00f6rv\u00e9ny alapj\u00e1n a KKV kateg\u00f3ri\u00e1n bel\u00fcl mikrov\u00e1llalkoz\u00e1snak min\u0151s\u00fcl az a v\u00e1llalkoz\u00e1s, amelynek<\/p>\n\n\n\n<p>a) <strong>\u00f6sszes foglalkoztatotti l\u00e9tsz\u00e1ma 10 f\u0151n\u00e9l<\/strong> kevesebb, \u00e9s<\/p>\n\n\n\n<p>b) <strong>\u00e9ves nett\u00f3 \u00e1rbev\u00e9tele<\/strong> vagy m\u00e9rlegf\u0151\u00f6sszege legfeljebb <strong>2 milli\u00f3 eur\u00f3nak<\/strong> megfelel\u0151 forint\u00f6sszeg.<\/p>\n\n\n\n<p><strong>FIGYELEM!<\/strong> F\u0151szab\u00e1ly szerint nem min\u0151s\u00fcl mikrov\u00e1llalkoz\u00e1snak az a v\u00e1llalkoz\u00e1s, amelyben az \u00e1llam vagy az \u00f6nkorm\u00e1nyzat k\u00f6zvetlen vagy k\u00f6zvetett tulajdoni r\u00e9szesed\u00e9se \u2013 t\u0151ke vagy szavazati joga alapj\u00e1n \u2013 k\u00fcl\u00f6n-k\u00fcl\u00f6n vagy egy\u00fcttesen el\u00e9ri vagy meghaladja a 25%-ot.<\/p>\n\n\n\n<p><strong>Hogyan t\u00f6rt\u00e9nik a KKV t\u00f6rv\u00e9ny szerinti foglalkoztatotti l\u00e9tsz\u00e1m \u00e9s nett\u00f3 \u00e1rbev\u00e9tel vagy m\u00e9rlegf\u0151\u00f6sszeg meghat\u00e1roz\u00e1sa (ami meghat\u00e1rozza, hogy mikrov\u00e1llalkoz\u00e1sr\u00f3l van-e sz\u00f3)?<\/strong><\/p>\n\n\n\n<p>A kis- \u00e9s k\u00f6z\u00e9pv\u00e1llalkoz\u00e1sokr\u00f3l, fejl\u0151d\u00e9s\u00fck t\u00e1mogat\u00e1s\u00e1r\u00f3l sz\u00f3l\u00f3 2004. \u00e9vi XXXIV. t\u00f6rv\u00e9ny \u00e9rtelm\u00e9ben<\/p>\n\n\n\n<p>a)&nbsp;&nbsp;&nbsp; <strong>2022. janu\u00e1r 1-j\u00e9t megel\u0151z\u0151en alap\u00edtott v\u00e1llalkoz\u00e1s<\/strong> eset\u00e9n (van besz\u00e1mol\u00f3 vagy ad\u00f3bevall\u00e1s):<\/p>\n\n\n\n<p>i.&nbsp; &nbsp; &nbsp;teljes \u00e9v eset\u00e9n az utols\u00f3 \u00f6sszevont (konszolid\u00e1lt) besz\u00e1mol\u00f3, ennek hi\u00e1ny\u00e1ban \u00e9ves besz\u00e1mol\u00f3, vagy egyszer\u0171s\u00edtett \u00e9ves besz\u00e1mol\u00f3, vagy ad\u00f3bevall\u00e1s (egy\u00e9ni v\u00e1llalkoz\u00f3 eset\u00e9n) szerinti foglalkoztatotti l\u00e9tsz\u00e1m \u00e9s nett\u00f3 \u00e1rbev\u00e9tel vagy m\u00e9rlegf\u0151\u00f6sszeg alapj\u00e1n kell meghat\u00e1rozni,<\/p>\n\n\n\n<p>ii.&nbsp; &nbsp; t\u00f6rt \u00e9v eset\u00e9n (a v\u00e1llalkoz\u00e1s m\u0171k\u00f6d\u00e9si ideje 1 \u00e9vn\u00e9l r\u00f6videbb) az adatokat \u00e9ves szintre kell vet\u00edteni,<\/p>\n\n\n\n<p>iii.&nbsp; &nbsp; &nbsp;az eur\u00f3ban meghat\u00e1rozott \u00f6sszegek forintra t\u00f6rt\u00e9n\u0151 \u00e1tsz\u00e1m\u00edt\u00e1sakor az MNB \u00e1ltal meg\u00e1llap\u00edtott, a v\u00e1llalkoz\u00e1s \u00fczleti \u00e9v\u00e9nek lez\u00e1r\u00e1sakor \u00e9rv\u00e9nyes deviza k\u00f6z\u00e9p\u00e1rfolyamot kell alkalmazni.<\/p>\n\n\n\n<p><strong>b)&nbsp;&nbsp;&nbsp; <\/strong><strong>2022-ben tev\u00e9kenys\u00e9get kezdett v\u00e1llalkoz\u00e1s<\/strong> eset\u00e9n (nincs besz\u00e1mol\u00f3 vagy ad\u00f3bevall\u00e1s (\u00fajonnan alap\u00edtott)):<\/p>\n\n\n\n<p>i.&nbsp; &nbsp; &nbsp;a t\u00e1rgy\u00e9vre (2022) vonatkoz\u00f3 \u00fczleti tervet kell figyelembe venni,<\/p>\n\n\n\n<p>ii.&nbsp; &nbsp; &nbsp; az eur\u00f3ban meghat\u00e1rozott \u00f6sszegek forintra t\u00f6rt\u00e9n\u0151 \u00e1tsz\u00e1m\u00edt\u00e1sakor a t\u00e1rgy\u00e9vet megel\u0151z\u0151 \u00e9v utols\u00f3 napj\u00e1n \u00e9rv\u00e9nyes, MNB \u00e1ltal meg\u00e1llap\u00edtott deviza k\u00f6z\u00e9p\u00e1rfolyamot kell alkalmazni.<\/p>\n\n\n\n<h4 class=\"wp-block-heading\"><strong>Mi min\u0151s\u00fcl sz\u00e1ll\u00f3f\u00e9r\u0151helynek?<\/strong><\/h4>\n\n\n\n<p>Sz\u00e1ll\u00f3f\u00e9r\u0151helynek a k\u00fcl\u00f6n jogszab\u00e1lyok szerinti sz\u00e1ll\u00f3f\u00e9r\u0151helyek min\u0151s\u00fclnek, ilyen k\u00fcl\u00f6n jogszab\u00e1ly<\/p>\n\n\n\n<ul class=\"wp-block-list\"><li>40\/2000. (XII. 12.) BM rendelet - a bel\u00fcgyi szervek rendelkez\u00e9s\u00e9ben l\u00e9v\u0151, lak\u00e1snak nem min\u0151s\u00fcl\u0151 sz\u00e1ll\u00f3f\u00e9r\u0151helyek, lak\u00f3egys\u00e9gek haszn\u00e1lat\u00e1r\u00f3l, valamint a b\u00e9rleti, alb\u00e9rleti d\u00edj hozz\u00e1j\u00e1rul\u00e1s szab\u00e1lyair\u00f3l,<\/li><li>88\/2019. (IV. 23.) Korm. rendelet - a korm\u00e1nyzati igazgat\u00e1si l\u00e9tsz\u00e1mgazd\u00e1lkod\u00e1sr\u00f3l, valamint a korm\u00e1nyzati igazgat\u00e1si szerveket \u00e9s azok foglalkoztatottjait \u00e9rint\u0151 egyes szem\u00e9ly\u00fcgyi k\u00e9rd\u00e9sekr\u0151l,<\/li><li>19\/2009. (XII. 29.) HM rendelet - a Honv\u00e9delmi Miniszt\u00e9rium \u00e1ltal ny\u00fajtott lakhat\u00e1si t\u00e1mogat\u00e1sokr\u00f3l.<\/li><\/ul>\n\n\n\n<p>Felh\u00edvjuk a figyelmet hogy a kereskedelemr\u0151l sz\u00f3l\u00f3 2005. \u00e9vi CLXIV. t\u00f6rv\u00e9ny szerinti sz\u00e1ll\u00e1shely nem min\u0151s\u00fcl sz\u00e1ll\u00f3f\u00e9r\u0151helynek.<\/p>\n\n\n\n<h4 class=\"wp-block-heading\"><strong>Jogosult-e a tov\u00e1bbiakban egyetemes szolg\u00e1ltat\u00e1sra az a mikrov\u00e1llalkoz\u00e1s, amely a 670\/2021. (XII. 2.) Korm. rendelet alapj\u00e1n szerz\u0151d\u00f6tt egyetemes szolg\u00e1ltat\u00f3val?<\/strong><\/h4>\n\n\n\n<p>Igen, kiz\u00e1r\u00f3lag az al\u00e1bbi felt\u00e9telek egy\u00fcttes teljes\u00fcl\u00e9se eset\u00e9n.<br><br>Az a kis- \u00e9s k\u00f6z\u00e9pv\u00e1llalkoz\u00e1sokr\u00f3l, fejl\u0151d\u00e9s\u00fck t\u00e1mogat\u00e1s\u00e1r\u00f3l sz\u00f3l\u00f3 2004. \u00e9vi XXXIV. t\u00f6rv\u00e9ny szerinti mikrov\u00e1llalkoz\u00e1s jogosult egyetemes szolg\u00e1ltat\u00e1sra, amely<\/p>\n\n\n\n<ul class=\"wp-block-list\"><li>kisfesz\u00fclts\u00e9gen v\u00e9telez,<\/li><li>\u00f6sszes felhaszn\u00e1l\u00e1si helye tekintet\u00e9ben egy\u00fcttesen 3*63 A-n\u00e1l nem nagyobb csatlakoz\u00e1si teljes\u00edtm\u00e9ny\u0171 felhaszn\u00e1l\u00f3nak min\u0151s\u00fcl,<\/li><li>2022. j\u00fanius 18-\u00e1n egyetemes szolg\u00e1ltat\u00f3t\u00f3l v\u00e1s\u00e1rolta a villamos energi\u00e1t \u00e9s a f\u00f6ldg\u00e1zt.<\/li><\/ul>\n\n\n\n<p><strong><u>Nem jogosult egyetemes szolg\u00e1ltat\u00e1sra<\/u><\/strong> az a mikrov\u00e1llalkoz\u00e1s, amely<\/p>\n\n\n\n<ul class=\"wp-block-list\"><li>2022. j\u00fanius 18-\u00e1n versenypiacon szerezte be a villamos energi\u00e1t \u00e9s a f\u00f6ldg\u00e1zt, vagy<\/li><li>nem kisfesz\u00fclts\u00e9gen v\u00e9telez, vagy<\/li><li>\u00f6sszes felhaszn\u00e1l\u00e1si helye tekintet\u00e9ben egy\u00fcttesen 3*63 A vagy ann\u00e1l nagyobb csatlakoz\u00e1si teljes\u00edtm\u00e9ny\u0171 felhaszn\u00e1l\u00f3nak min\u0151s\u00fcl.<\/li><\/ul>\n\n\n\n<h4 class=\"wp-block-heading\"><strong>A nem lakoss\u00e1gi fogyaszt\u00f3 (egyetemes szolg\u00e1ltat\u00e1sra jogosult mikrov\u00e1llalkoz\u00e1s) milyen \u00e1ron veheti ig\u00e9nybe az egyetemes szolg\u00e1ltat\u00e1st?<\/strong><\/h4>\n\n\n\n<p>A nem lakoss\u00e1gi fogyaszt\u00f3k 2022. augusztus 1-j\u00e9t\u0151l az egyetemes szolg\u00e1ltat\u00f3t\u00f3l<\/p>\n\n\n\n<ul class=\"wp-block-list\"><li>4606 kWh\/\u00e9v\/\u00f6sszes felhaszn\u00e1l\u00e1si hely fogyaszt\u00e1sig a villamos energia egyetemes szolg\u00e1ltat\u00e1s \u00e1rk\u00e9pz\u00e9s\u00e9r\u0151l sz\u00f3l\u00f3 4\/2011. (I. 31.) NFM rendeletben meghat\u00e1rozott \u00e1ron,<\/li><li>4606 kWh\/\u00e9v\/\u00f6sszes felhaszn\u00e1l\u00e1si hely fogyaszt\u00e1s felett egyetemes szolg\u00e1ltat\u00f3 \u00e1ltal hirdetm\u00e9nyben meghat\u00e1rozott \u00e1ron (versenypiaci \u00e1ron)<\/li><\/ul>\n\n\n\n<p>v\u00e9telezhetnek villamos energi\u00e1t.<\/p>\n\n\n\n<p>A nem lakoss\u00e1gi fogyaszt\u00f3k 2022. augusztus 1-j\u00e9t\u0151l az egyetemes szolg\u00e1ltat\u00f3t\u00f3l<\/p>\n\n\n\n<ul class=\"wp-block-list\"><li>1489 m<sup>3<\/sup>\/\u00e9v\/\u00f6sszes felhaszn\u00e1l\u00e1si hely fogyaszt\u00e1sig a f\u00f6ldg\u00e1z egyetemes szolg\u00e1ltat\u00e1shoz kapcsol\u00f3d\u00f3 \u00e9rt\u00e9kes\u00edt\u00e9si \u00e1rak meg\u00e1llap\u00edt\u00e1s\u00e1r\u00f3l \u00e9s alkalmaz\u00e1s\u00e1r\u00f3l sz\u00f3l\u00f3 69\/2016. (XII.29.) NFM rendeletben meghat\u00e1rozott I. \u00e1rkateg\u00f3ria szerinti \u00e1ron<\/li><li>1489 m<sup>3<\/sup>\/\u00e9v\/\u00f6sszes felhaszn\u00e1l\u00e1si hely fogyaszt\u00e1s felett egyetemes szolg\u00e1ltat\u00f3 \u00e1ltal hirdetm\u00e9nyben meghat\u00e1rozott \u00e1ron (versenypiaci \u00e1ron)<\/li><\/ul>\n\n\n\n<p>v\u00e9telezhetnek f\u00f6ldg\u00e1zt.<\/p>\n\n\n\n<h4 class=\"wp-block-heading\"><strong>Mi t\u00f6rt\u00e9nik, ha a nem lakoss\u00e1gi fogyaszt\u00f3 (egyetemes szolg\u00e1ltat\u00e1sra jogosult mikrov\u00e1llalkoz\u00e1s) fogyaszt\u00e1sa meghaladja a 4606 kWh\/\u00e9v\/\u00f6sszes felhaszn\u00e1l\u00e1si hely m\u00e9rt\u00e9ket?<\/strong><\/h4>\n\n\n\n<p>Ebben az esetben a 4606 kWh\/\u00e9v\/\u00f6sszes felhaszn\u00e1l\u00e1si hely m\u00e9rt\u00e9ket meghalad\u00f3 fogyaszt\u00e1st egyetemes szolg\u00e1ltat\u00e1s keret\u00e9ben, de az egyetemes szolg\u00e1ltat\u00f3 \u00e1ltal hirdetm\u00e9nyben meghat\u00e1rozott \u00e1ron (versenypiaci \u00e1ron) kell megfizetni.<\/p>\n\n\n\n<p>Az egyetemes szolg\u00e1ltat\u00f3 \u00e1ltal meghat\u00e1rozott \u00e1r (versenypiaci \u00e1ron) nem min\u0151s\u00fcl hat\u00f3s\u00e1gi \u00e1rnak, azt \u00e9s az \u00e1ralkalmaz\u00e1si felt\u00e9teleket az MVM Next Energiakereskedelmi Zrt. <a href=\"https:\/\/www.mvmnext.hu\/egyetemesvaltozasok\/contents\/Hirdetmeny-vegso-menedekes-villamos-energia.pdf?download\">itt<\/a> tette k\u00f6zz\u00e9.<\/p>\n\n\n\n<h4 class=\"wp-block-heading\"><strong>Mi t\u00f6rt\u00e9nik, ha a nem lakoss\u00e1gi fogyaszt\u00f3 (egyetemes szolg\u00e1ltat\u00e1sra jogosult mikrov\u00e1llalkoz\u00e1s) fogyaszt\u00e1sa meghaladja az 1489 m<sup>3<\/sup>\/\u00e9v\/\u00f6sszes felhaszn\u00e1l\u00e1si hely m\u00e9rt\u00e9ket?<\/strong><\/h4>\n\n\n\n<p>Ebben az esetben az 1489 m<sup>3<\/sup>\/\u00e9v\/\u00f6sszes felhaszn\u00e1l\u00e1si hely m\u00e9rt\u00e9ket meghalad\u00f3 fogyaszt\u00e1st egyetemes szolg\u00e1ltat\u00e1s keret\u00e9ben, de az egyetemes szolg\u00e1ltat\u00f3 \u00e1ltal hirdetm\u00e9nyben meghat\u00e1rozott \u00e1ron (versenypiaci \u00e1ron) kell megfizetni.<\/p>\n\n\n\n<p>Az \u00e1rakat tartalmaz\u00f3 \u00f6sszefoglal\u00f3 t\u00e1bl\u00e1zatot <strong><a href=\"https:\/\/www.mvmnext.hu\/egyetemesvaltozasok\/contents\/Hirdetmeny-ESZ-foldgaz.pdf?download\">ITT<\/a><\/strong>&nbsp;tal\u00e1lja.<\/p>\n\n\n\n<h4 class=\"wp-block-heading\"><strong>Jogosult-e 2022. j\u00falius 31-\u00e9t k\u00f6vet\u0151en egyetemes szolg\u00e1ltat\u00e1sra a nem lakoss\u00e1gi fogyaszt\u00f3, ha 2022. j\u00fanius 18-\u00e1n nem egyetemes szolg\u00e1ltat\u00e1s keret\u00e9ben v\u00e9telezett villamos energi\u00e1t vagy f\u00f6ldg\u00e1zt?<\/strong><\/h4>\n\n\n\n<p><strong>NEM<\/strong>, ebben az esetben nem jogosult egyetemes szolg\u00e1ltat\u00e1sra a nem lakoss\u00e1gi fogyaszt\u00f3 akkor sem, ha mikrov\u00e1llalkoz\u00e1snak min\u0151s\u00fcl.<\/p>\n\n\n\n<h4 class=\"wp-block-heading\"><strong>Van-e b\u00e1rmi teend\u0151je annak a nem lakoss\u00e1gi fogyaszt\u00f3nak, aki a 217\/2022. (VI. 17.) Korm. rendelet szerint 2022. augusztus 1-j\u00e9t\u0151l nem jogosult egyetemes szolg\u00e1ltat\u00e1sra?<\/strong><\/h4>\n\n\n\n<p><strong>IGEN<\/strong><strong>.<\/strong><\/p>\n\n\n\n<p>Az a nem lakoss\u00e1gi fogyaszt\u00f3, aki 2022. j\u00fanius 18-\u00e1n egyetemes szolg\u00e1ltat\u00e1s keret\u00e9ben v\u00e9telezett villamos energi\u00e1t, \u00e9s 2022. augusztus 1-j\u00e9t k\u00f6vet\u0151en nem jogosult egyetemes szolg\u00e1ltat\u00e1sra, a <strong><u>jogosults\u00e1g megsz\u0171n\u00e9s\u00e9r\u0151l az egyetemes szolg\u00e1ltat\u00f3ja fel\u00e9 2022. j\u00falius 1-j\u00e9ig az \u00e9rintett felhaszn\u00e1l\u00e1si hely(ek) megjel\u00f6l\u00e9s\u00e9vel k\u00f6teles nyilatkozni<\/u>.<\/strong><\/p>\n\n\n\n<p>A nyilatkozathoz sz\u00fcks\u00e9ges \u0171rlapot <a href=\"https:\/\/www.mvmnext.hu\/egyetemesvaltozasok\/contents\/Nyilatkozat-vegso-menedekes-villamos-energia.pdf\"><strong>ITT<\/strong><\/a> \u00e9s <a href=\"https:\/\/www.mvmnext.hu\/egyetemesvaltozasok\/contents\/Nyilatkozat-vegso-menedekes-foldgaz.pdf\">ITT<\/a> \u00e9rheti el.<\/p>\n\n\n\n<p>K\u00e9rj\u00fck, a nyilatkozatot a <a href=\"mailto:kileponyilatkozat@mvm.hu\">kileponyilatkozat@mvm.hu<\/a>&nbsp;e-mail-c\u00edmre juttassa el.<br><br>Az egyetemes szolg\u00e1ltat\u00f3 a hat\u00e1rid\u0151 r\u00f6vids\u00e9g\u00e9re val\u00f3 tekintettel a nyilatkozatokat <strong>kiz\u00e1r\u00f3lag<\/strong> a fenti e-mail-c\u00edmen fogadja!<\/p>\n\n\n\n<p>Ha a felhaszn\u00e1l\u00f3 nem nyilatkozik vagy nyilatkozata 2022. j\u00falius 1-j\u00e9t k\u00f6vet\u0151en \u00e9rkezik be, akkor az egyetemes szolg\u00e1ltat\u00f3 nem felel, ha a felhaszn\u00e1l\u00f3 ell\u00e1t\u00e1s\u00e1ra v\u00e9gs\u0151 mened\u00e9kes jogint\u00e9zm\u00e9ny keret\u00e9ben nem ker\u00fcl sor.&nbsp;<\/p>\n\n\n\n<h4 class=\"wp-block-heading\"><strong>Kell-e igazolni az egyetemes szolg\u00e1ltat\u00e1sra val\u00f3 jogosults\u00e1got?<\/strong><\/h4>\n\n\n\n<p><strong>NEM<\/strong>, <strong>de<\/strong> az egyetemes szolg\u00e1ltat\u00f3 b\u00e1rmikor jogosult a jogosults\u00e1got al\u00e1t\u00e1maszt\u00f3 iratot a felhaszn\u00e1l\u00f3t\u00f3l bek\u00e9rni \u00e9s ellen\u0151rizni.<\/p>\n\n\n\n<h4 class=\"wp-block-heading\"><strong>Kell-e nyilatkoznia a jogosults\u00e1gr\u00f3l az \u00f6nkorm\u00e1nyzatoknak, \u00e1llami b\u00e9rlak\u00e1sok, sz\u00e1ll\u00f3f\u00e9r\u0151helyek \u00fczemeltet\u0151j\u00e9nek?<\/strong><\/h4>\n\n\n\n<p>A jogosults\u00e1g \u00e9rv\u00e9nyes\u00edt\u00e9se \u00e9rdek\u00e9ben a felhaszn\u00e1l\u00f3nak egyetemes szolg\u00e1ltat\u00f3ja fel\u00e9 nyilatkoznia kell, hogy mely felhaszn\u00e1l\u00e1si helyek tekintet\u00e9ben min\u0151s\u00fcl lakoss\u00e1gi fogyaszt\u00f3nak.<\/p>\n\n\n\n<h4 class=\"wp-block-heading\"><strong>Hogyan lesz ell\u00e1tva az, aki a 217\/2022. (VI. 17.) Korm. rendelet \u00e9rtelm\u00e9ben 2022. augusztus 1-j\u00e9t\u0151l nem jogosult egyetemes szolg\u00e1ltat\u00e1sra?<\/strong><\/h4>\n\n\n\n<p>Az a felhaszn\u00e1l\u00f3, aki 2022. j\u00fanius 17-\u00e9n egyetemes szolg\u00e1ltat\u00e1s keret\u00e9ben v\u00e9telezett villamos energi\u00e1t, \u00e9s a 217\/2022. (VI. 17.) Korm. rendelet \u00e9rtelm\u00e9ben nem jogosult egyetemes szolg\u00e1ltat\u00e1sra, az v\u00e9gs\u0151 mened\u00e9kes jogint\u00e9zm\u00e9ny keret\u00e9ben biztos\u00edtott villamosenergia-ell\u00e1t\u00e1sra jogosult.<\/p>\n\n\n\n<p>A v\u00e9gs\u0151 mened\u00e9kes jogint\u00e9zm\u00e9ny keret\u00e9ben az MVM Next Energiakereskedelmi Zrt., mint v\u00e9gs\u0151 villamosenergia-mened\u00e9kes biztos\u00edtja 2022. augusztus 1-j\u00e9t\u0151l 2022. december 31-ig az arra jogosult felhaszn\u00e1l\u00f3 villamosenergia-ell\u00e1t\u00e1s\u00e1t, a honlapon k\u00f6zz\u00e9tett <a href=\"https:\/\/www.mvmnext.hu\/egyetemesvaltozasok\/contents\/Mintaszerzodes-vegso-menedekes-villamos-energia.pdf?download\">mintaszerz\u0151d\u00e9s<\/a> szerinti tartalommal, ha a felhaszn\u00e1l\u00f3 nyilatkozata 2022. j\u00falius 1-j\u00e9ig meg\u00e9rkezik.<\/p>\n\n\n\n<h4 class=\"wp-block-heading\"><strong>Kell-e a v\u00e9gs\u0151 mened\u00e9kes ell\u00e1t\u00e1sra szolg\u00e1ltat\u00f3t keresni?<\/strong><\/h4>\n\n\n\n<p><strong>NEM.<\/strong> Az a 2022. j\u00fanius 17-\u00e9n egyetemes szolg\u00e1ltat\u00e1sban v\u00e9telez\u0151&nbsp;felhaszn\u00e1l\u00f3, aki az egyetemes szolg\u00e1ltat\u00e1sra val\u00f3 jogosults\u00e1g megsz\u0171n\u00e9s\u00e9r\u0151l sz\u00f3l\u00f3 nyilatkozat\u00e1t 2022. j\u00falius 1-j\u00e9ig egyetemes szolg\u00e1ltat\u00f3ja r\u00e9sz\u00e9re eljuttatja, az a jogszab\u00e1ly erej\u00e9n\u00e9l fogva jogosultt\u00e1 v\u00e1lik a v\u00e9gs\u0151 mened\u00e9kes ell\u00e1t\u00e1sra.<\/p>\n\n\n\n<h4 class=\"wp-block-heading\"><strong>Mi t\u00f6rt\u00e9nik a megl\u00e9v\u0151 egyetemes szolg\u00e1ltat\u00e1si szerz\u0151d\u00e9sekkel?<\/strong><\/h4>\n\n\n\n<p>2022. augusztus 1-j\u00e9vel az egyetemes szolg\u00e1ltat\u00f3 \u00e9s a 217\/2022. (VI. 17.) Korm. rendelet \u00e9rtelm\u00e9ben egyetemes szolg\u00e1ltat\u00e1sra nem jogosult felhaszn\u00e1l\u00f3 k\u00f6z\u00f6tt fenn\u00e1ll\u00f3 villamosenergia-v\u00e1s\u00e1rl\u00e1si szerz\u0151d\u00e9s \u2013 a felek elsz\u00e1mol\u00e1si k\u00f6telezetts\u00e9g\u00e9nek fennmarad\u00e1sa mellett \u2013 megsz\u0171nik.<\/p>\n\n\n\n<p>A szerz\u0151d\u00e9s megsz\u0171n\u00e9s\u00e9t k\u00f6vet\u0151en az egyetemes szolg\u00e1ltat\u00f3 v\u00e9gsz\u00e1ml\u00e1t bocs\u00e1t ki, az eloszt\u00f3i enged\u00e9lyes \u00e1ltal becs\u00fclt m\u00e9r\u0151\u00e1ll\u00e1s alapj\u00e1n.<\/p>\n\n\n\n<p>Azon felhaszn\u00e1l\u00f3k sz\u00e1m\u00e1ra, akik 2022. j\u00falius 1-j\u00e9ig nyilatkoznak a jogosults\u00e1g megsz\u0171n\u00e9s\u00e9r\u0151l, 2022. augusztus 1. \u00e9s 2022. december 31. k\u00f6z\u00f6tt az MVM Next Energiakereskedelmi Zrt. mint v\u00e9gs\u0151 villamosenergia-mened\u00e9kes biztos\u00edtja a villamosenergia-ell\u00e1t\u00e1st a honlapon k\u00f6zz\u00e9tett mintaszerz\u0151d\u00e9s szerinti tartalommal.<\/p>\n\n\n\n<h4 class=\"wp-block-heading\"><strong>\u00c9rinti-e a rendelet a h\u00e1l\u00f3zathaszn\u00e1lati szerz\u0151d\u00e9seket?<\/strong><\/h4>\n\n\n\n<p>Mag\u00e1t a szerz\u0151d\u00e9st nem, azonban a h\u00e1l\u00f3zathaszn\u00e1lati-szerz\u0151d\u00e9s megb\u00edzottk\u00e9nti kezel\u00e9s\u00e9t igen.<strong> <\/strong>A h\u00e1l\u00f3zathaszn\u00e1lati-szerz\u0151d\u00e9s megb\u00edzottk\u00e9nt t\u00f6rt\u00e9n\u0151 kezel\u00e9se az egyetemes szolg\u00e1ltat\u00f3 r\u00e9sz\u00e9r\u0151l az egyetemes szolg\u00e1ltat\u00e1si szerz\u0151d\u00e9s megsz\u0171n\u00e9s\u00e9vel egyid\u0151ben megsz\u0171nik.<\/p>\n\n\n\n<p>Ha a felhaszn\u00e1l\u00f3 h\u00e1l\u00f3zathaszn\u00e1lati szerz\u0151d\u00e9s\u00e9t 2022. j\u00falius 31-\u00e9n az egyetemes szolg\u00e1ltat\u00f3 kezelte, 2022. augusztus 1-j\u00e9t\u0151l a rendszerhaszn\u00e1lati d\u00edjak sz\u00e1ml\u00e1z\u00e1s\u00e1t az MVM Next Energiakereskedelmi Zrt. mint v\u00e9gs\u0151 villamosenergia-mened\u00e9kes v\u00e9gzi a fogyaszt\u00f3 fel\u00e9.<\/p>\n\n\n\n<h4 class=\"wp-block-heading\"><strong>Hogyan t\u00f6rt\u00e9nik a rendszerhaszn\u00e1lati d\u00edjak fizet\u00e9se a v\u00e9gs\u0151 mened\u00e9kesi id\u0151szakban?<\/strong><\/h4>\n\n\n\n<p>Ha a felhaszn\u00e1l\u00f3 h\u00e1l\u00f3zathaszn\u00e1lati szerz\u0151d\u00e9s\u00e9t 2022. j\u00falius 31-\u00e9n a Vet. 63. \u00a7 (1) bekezd\u00e9se alapj\u00e1n az egyetemes szolg\u00e1ltat\u00f3 kezelte, 2022. augusztus 1-j\u00e9t\u0151l a rendszerhaszn\u00e1lati d\u00edjak sz\u00e1ml\u00e1z\u00e1s\u00e1t az MVM Next Energiakereskedelmi Zrt. mint v\u00e9gs\u0151 villamosenergia-mened\u00e9kes v\u00e9gzi a fogyaszt\u00f3 fel\u00e9.<\/p>\n","protected":false},"excerpt":{"rendered":"<p>Marad a rezsics\u00f6kkent\u00e9s, a Magyar Korm\u00e1ny szerint mintegy 100 ezer kkv r\u00e9sz\u00e9re, azonban ennek szigor\u00fa felt\u00e9telei vannak. Blogbejegyz\u00e9seinkben ezeket szedt\u00fck \u00f6ssze, illetve, hogy mire sz\u00e1m\u00edthatnak azok a v\u00e1llalkoz\u00e1sok, akik kiesnek a kedvezm\u00e9nyes villamosenergia- \u00e9s f\u00f6ldg\u00e1z\u00e1rra jogosultak k\u00f6r\u00e9b\u0151l. Kit\u00e9r\u00fcnk arra is, hogy melyik k\u00e9t fontos d\u00e1tumot kell feljegyezz\u00fck a k\u00f6zelj\u00f6v\u0151re vonatkoz\u00f3an. 2022. augusztus 1-t\u0151l megv\u00e1ltozik az [&hellip;]<\/p>\n","protected":false},"author":3,"featured_media":883,"comment_status":"open","ping_status":"open","sticky":false,"template":"","format":"standard","meta":{"footnotes":""},"categories":[1],"tags":[],"class_list":["post-882","post","type-post","status-publish","format-standard","has-post-thumbnail","hentry","category-egyeb"],"yoast_head":"<!-- This site is optimized with the Yoast SEO plugin v19.5.1 - https:\/\/yoast.com\/wordpress\/plugins\/seo\/ -->\n<title>Nem \u00e9rdemes tov\u00e1bb v\u00e1rni, p\u00e1ly\u00e1zat n\u00e9lk\u00fcl is meg\u00e9ri napelemet telep\u00edttetni! | H\u00f3dszol\u00e1r<\/title>\n<meta name=\"robots\" content=\"noindex, follow, max-snippet:-1, max-image-preview:large, max-video-preview:-1\" \/>\n<meta property=\"og:locale\" content=\"hu_HU\" \/>\n<meta property=\"og:type\" content=\"article\" \/>\n<meta property=\"og:title\" content=\"Nem \u00e9rdemes tov\u00e1bb v\u00e1rni, p\u00e1ly\u00e1zat n\u00e9lk\u00fcl is meg\u00e9ri napelemet telep\u00edttetni! | H\u00f3dszol\u00e1r\" \/>\n<meta property=\"og:description\" content=\"Marad a rezsics\u00f6kkent\u00e9s, a Magyar Korm\u00e1ny szerint mintegy 100 ezer kkv r\u00e9sz\u00e9re, azonban ennek szigor\u00fa felt\u00e9telei vannak. Blogbejegyz\u00e9seinkben ezeket szedt\u00fck \u00f6ssze, illetve, hogy mire sz\u00e1m\u00edthatnak azok a v\u00e1llalkoz\u00e1sok, akik kiesnek a kedvezm\u00e9nyes villamosenergia- \u00e9s f\u00f6ldg\u00e1z\u00e1rra jogosultak k\u00f6r\u00e9b\u0151l. Kit\u00e9r\u00fcnk arra is, hogy melyik k\u00e9t fontos d\u00e1tumot kell feljegyezz\u00fck a k\u00f6zelj\u00f6v\u0151re vonatkoz\u00f3an. 2022. augusztus 1-t\u0151l megv\u00e1ltozik az [&hellip;]\" \/>\n<meta property=\"og:url\" content=\"https:\/\/dev.kompaktdesign.hu\/hodszolar.hu\/2022\/06\/28\/nem-erdemes-tovabb-varni-palyazat-nelkul-is-megeri-napelemet-telepittetni\/\" \/>\n<meta property=\"og:site_name\" content=\"H\u00f3dszol\u00e1r\" \/>\n<meta property=\"article:publisher\" content=\"https:\/\/www.facebook.com\/hodszolar\" \/>\n<meta property=\"article:published_time\" content=\"2022-06-28T10:29:47+00:00\" \/>\n<meta property=\"article:modified_time\" content=\"2022-06-29T10:41:27+00:00\" \/>\n<meta property=\"og:image\" content=\"https:\/\/dev.kompaktdesign.hu\/hodszolar.hu\/wp-content\/uploads\/2022\/06\/alrawasmarwan_83477_12613114_photovoltaic-system-2742302_1920-868x556-1.jpg\" \/>\n\t<meta property=\"og:image:width\" content=\"868\" \/>\n\t<meta property=\"og:image:height\" content=\"556\" \/>\n\t<meta property=\"og:image:type\" content=\"image\/jpeg\" \/>\n<meta name=\"author\" content=\"H\u00f3dszol\u00e1r Kft.\" \/>\n<meta name=\"twitter:card\" content=\"summary_large_image\" \/>\n<meta name=\"twitter:label1\" content=\"Szerz\u0151:\" \/>\n\t<meta name=\"twitter:data1\" content=\"H\u00f3dszol\u00e1r Kft.\" \/>\n\t<meta name=\"twitter:label2\" content=\"Becs\u00fclt olvas\u00e1si id\u0151\" \/>\n\t<meta name=\"twitter:data2\" content=\"8 perc\" \/>\n<script type=\"application\/ld+json\" class=\"yoast-schema-graph\">{\"@context\":\"https:\/\/schema.org\",\"@graph\":[{\"@type\":\"Article\",\"@id\":\"https:\/\/dev.kompaktdesign.hu\/hodszolar.hu\/2022\/06\/28\/nem-erdemes-tovabb-varni-palyazat-nelkul-is-megeri-napelemet-telepittetni\/#article\",\"isPartOf\":{\"@id\":\"https:\/\/dev.kompaktdesign.hu\/hodszolar.hu\/2022\/06\/28\/nem-erdemes-tovabb-varni-palyazat-nelkul-is-megeri-napelemet-telepittetni\/\"},\"author\":{\"name\":\"H\u00f3dszol\u00e1r Kft.\",\"@id\":\"https:\/\/dev.kompaktdesign.hu\/hodszolar.hu\/#\/schema\/person\/a788af940a3d6b2829396312340dd08c\"},\"headline\":\"Nem \u00e9rdemes tov\u00e1bb v\u00e1rni, p\u00e1ly\u00e1zat n\u00e9lk\u00fcl is meg\u00e9ri napelemet telep\u00edttetni!\",\"datePublished\":\"2022-06-28T10:29:47+00:00\",\"dateModified\":\"2022-06-29T10:41:27+00:00\",\"mainEntityOfPage\":{\"@id\":\"https:\/\/dev.kompaktdesign.hu\/hodszolar.hu\/2022\/06\/28\/nem-erdemes-tovabb-varni-palyazat-nelkul-is-megeri-napelemet-telepittetni\/\"},\"wordCount\":2770,\"commentCount\":0,\"publisher\":{\"@id\":\"https:\/\/dev.kompaktdesign.hu\/hodszolar.hu\/#organization\"},\"articleSection\":[\"Egy\u00e9b kateg\u00f3ria\"],\"inLanguage\":\"hu\",\"potentialAction\":[{\"@type\":\"CommentAction\",\"name\":\"Comment\",\"target\":[\"https:\/\/dev.kompaktdesign.hu\/hodszolar.hu\/2022\/06\/28\/nem-erdemes-tovabb-varni-palyazat-nelkul-is-megeri-napelemet-telepittetni\/#respond\"]}]},{\"@type\":\"WebPage\",\"@id\":\"https:\/\/dev.kompaktdesign.hu\/hodszolar.hu\/2022\/06\/28\/nem-erdemes-tovabb-varni-palyazat-nelkul-is-megeri-napelemet-telepittetni\/\",\"url\":\"https:\/\/dev.kompaktdesign.hu\/hodszolar.hu\/2022\/06\/28\/nem-erdemes-tovabb-varni-palyazat-nelkul-is-megeri-napelemet-telepittetni\/\",\"name\":\"Nem \u00e9rdemes tov\u00e1bb v\u00e1rni, p\u00e1ly\u00e1zat n\u00e9lk\u00fcl is meg\u00e9ri napelemet telep\u00edttetni! | H\u00f3dszol\u00e1r\",\"isPartOf\":{\"@id\":\"https:\/\/dev.kompaktdesign.hu\/hodszolar.hu\/#website\"},\"datePublished\":\"2022-06-28T10:29:47+00:00\",\"dateModified\":\"2022-06-29T10:41:27+00:00\",\"breadcrumb\":{\"@id\":\"https:\/\/dev.kompaktdesign.hu\/hodszolar.hu\/2022\/06\/28\/nem-erdemes-tovabb-varni-palyazat-nelkul-is-megeri-napelemet-telepittetni\/#breadcrumb\"},\"inLanguage\":\"hu\",\"potentialAction\":[{\"@type\":\"ReadAction\",\"target\":[\"https:\/\/dev.kompaktdesign.hu\/hodszolar.hu\/2022\/06\/28\/nem-erdemes-tovabb-varni-palyazat-nelkul-is-megeri-napelemet-telepittetni\/\"]}]},{\"@type\":\"BreadcrumbList\",\"@id\":\"https:\/\/dev.kompaktdesign.hu\/hodszolar.hu\/2022\/06\/28\/nem-erdemes-tovabb-varni-palyazat-nelkul-is-megeri-napelemet-telepittetni\/#breadcrumb\",\"itemListElement\":[{\"@type\":\"ListItem\",\"position\":1,\"name\":\"Kezd\u0151lap\",\"item\":\"https:\/\/dev.kompaktdesign.hu\/hodszolar.hu\/\"},{\"@type\":\"ListItem\",\"position\":2,\"name\":\"Nem \u00e9rdemes tov\u00e1bb v\u00e1rni, p\u00e1ly\u00e1zat n\u00e9lk\u00fcl is meg\u00e9ri napelemet telep\u00edttetni!\"}]},{\"@type\":\"WebSite\",\"@id\":\"https:\/\/dev.kompaktdesign.hu\/hodszolar.hu\/#website\",\"url\":\"https:\/\/dev.kompaktdesign.hu\/hodszolar.hu\/\",\"name\":\"H\u00f3dszol\u00e1r\",\"description\":\"A v\u00e1s\u00e1rhelyi napelemes\",\"publisher\":{\"@id\":\"https:\/\/dev.kompaktdesign.hu\/hodszolar.hu\/#organization\"},\"potentialAction\":[{\"@type\":\"SearchAction\",\"target\":{\"@type\":\"EntryPoint\",\"urlTemplate\":\"https:\/\/dev.kompaktdesign.hu\/hodszolar.hu\/?s={search_term_string}\"},\"query-input\":\"required name=search_term_string\"}],\"inLanguage\":\"hu\"},{\"@type\":\"Organization\",\"@id\":\"https:\/\/dev.kompaktdesign.hu\/hodszolar.hu\/#organization\",\"name\":\"H\u00f3dszol\u00e1r Kft.\",\"url\":\"https:\/\/dev.kompaktdesign.hu\/hodszolar.hu\/\",\"sameAs\":[\"https:\/\/www.facebook.com\/hodszolar\"],\"logo\":{\"@type\":\"ImageObject\",\"inLanguage\":\"hu\",\"@id\":\"https:\/\/dev.kompaktdesign.hu\/hodszolar.hu\/#\/schema\/logo\/image\/\",\"url\":\"https:\/\/dev.kompaktdesign.hu\/hodszolar.hu\/wp-content\/uploads\/2021\/05\/fvicon.png\",\"contentUrl\":\"https:\/\/dev.kompaktdesign.hu\/hodszolar.hu\/wp-content\/uploads\/2021\/05\/fvicon.png\",\"width\":132,\"height\":132,\"caption\":\"H\u00f3dszol\u00e1r Kft.\"},\"image\":{\"@id\":\"https:\/\/dev.kompaktdesign.hu\/hodszolar.hu\/#\/schema\/logo\/image\/\"}},{\"@type\":\"Person\",\"@id\":\"https:\/\/dev.kompaktdesign.hu\/hodszolar.hu\/#\/schema\/person\/a788af940a3d6b2829396312340dd08c\",\"name\":\"H\u00f3dszol\u00e1r Kft.\",\"image\":{\"@type\":\"ImageObject\",\"inLanguage\":\"hu\",\"@id\":\"https:\/\/dev.kompaktdesign.hu\/hodszolar.hu\/#\/schema\/person\/image\/\",\"url\":\"https:\/\/secure.gravatar.com\/avatar\/38df000db6f2e93b7f0ccccf7714392424ca033738d34dfe71f19fdb70329830?s=96&d=mm&r=g\",\"contentUrl\":\"https:\/\/secure.gravatar.com\/avatar\/38df000db6f2e93b7f0ccccf7714392424ca033738d34dfe71f19fdb70329830?s=96&d=mm&r=g\",\"caption\":\"H\u00f3dszol\u00e1r Kft.\"},\"url\":\"https:\/\/dev.kompaktdesign.hu\/hodszolar.hu\/author\/hodszolar\/\"}]}<\/script>\n<!-- \/ Yoast SEO plugin. -->","yoast_head_json":{"title":"Nem \u00e9rdemes tov\u00e1bb v\u00e1rni, p\u00e1ly\u00e1zat n\u00e9lk\u00fcl is meg\u00e9ri napelemet telep\u00edttetni! | H\u00f3dszol\u00e1r","robots":{"index":"noindex","follow":"follow","max-snippet":"max-snippet:-1","max-image-preview":"max-image-preview:large","max-video-preview":"max-video-preview:-1"},"og_locale":"hu_HU","og_type":"article","og_title":"Nem \u00e9rdemes tov\u00e1bb v\u00e1rni, p\u00e1ly\u00e1zat n\u00e9lk\u00fcl is meg\u00e9ri napelemet telep\u00edttetni! | H\u00f3dszol\u00e1r","og_description":"Marad a rezsics\u00f6kkent\u00e9s, a Magyar Korm\u00e1ny szerint mintegy 100 ezer kkv r\u00e9sz\u00e9re, azonban ennek szigor\u00fa felt\u00e9telei vannak. Blogbejegyz\u00e9seinkben ezeket szedt\u00fck \u00f6ssze, illetve, hogy mire sz\u00e1m\u00edthatnak azok a v\u00e1llalkoz\u00e1sok, akik kiesnek a kedvezm\u00e9nyes villamosenergia- \u00e9s f\u00f6ldg\u00e1z\u00e1rra jogosultak k\u00f6r\u00e9b\u0151l. Kit\u00e9r\u00fcnk arra is, hogy melyik k\u00e9t fontos d\u00e1tumot kell feljegyezz\u00fck a k\u00f6zelj\u00f6v\u0151re vonatkoz\u00f3an. 2022. augusztus 1-t\u0151l megv\u00e1ltozik az [&hellip;]","og_url":"https:\/\/dev.kompaktdesign.hu\/hodszolar.hu\/2022\/06\/28\/nem-erdemes-tovabb-varni-palyazat-nelkul-is-megeri-napelemet-telepittetni\/","og_site_name":"H\u00f3dszol\u00e1r","article_publisher":"https:\/\/www.facebook.com\/hodszolar","article_published_time":"2022-06-28T10:29:47+00:00","article_modified_time":"2022-06-29T10:41:27+00:00","og_image":[{"width":868,"height":556,"url":"https:\/\/dev.kompaktdesign.hu\/hodszolar.hu\/wp-content\/uploads\/2022\/06\/alrawasmarwan_83477_12613114_photovoltaic-system-2742302_1920-868x556-1.jpg","type":"image\/jpeg"}],"author":"H\u00f3dszol\u00e1r Kft.","twitter_card":"summary_large_image","twitter_misc":{"Szerz\u0151:":"H\u00f3dszol\u00e1r Kft.","Becs\u00fclt olvas\u00e1si id\u0151":"8 perc"},"schema":{"@context":"https:\/\/schema.org","@graph":[{"@type":"Article","@id":"https:\/\/dev.kompaktdesign.hu\/hodszolar.hu\/2022\/06\/28\/nem-erdemes-tovabb-varni-palyazat-nelkul-is-megeri-napelemet-telepittetni\/#article","isPartOf":{"@id":"https:\/\/dev.kompaktdesign.hu\/hodszolar.hu\/2022\/06\/28\/nem-erdemes-tovabb-varni-palyazat-nelkul-is-megeri-napelemet-telepittetni\/"},"author":{"name":"H\u00f3dszol\u00e1r Kft.","@id":"https:\/\/dev.kompaktdesign.hu\/hodszolar.hu\/#\/schema\/person\/a788af940a3d6b2829396312340dd08c"},"headline":"Nem \u00e9rdemes tov\u00e1bb v\u00e1rni, p\u00e1ly\u00e1zat n\u00e9lk\u00fcl is meg\u00e9ri napelemet telep\u00edttetni!","datePublished":"2022-06-28T10:29:47+00:00","dateModified":"2022-06-29T10:41:27+00:00","mainEntityOfPage":{"@id":"https:\/\/dev.kompaktdesign.hu\/hodszolar.hu\/2022\/06\/28\/nem-erdemes-tovabb-varni-palyazat-nelkul-is-megeri-napelemet-telepittetni\/"},"wordCount":2770,"commentCount":0,"publisher":{"@id":"https:\/\/dev.kompaktdesign.hu\/hodszolar.hu\/#organization"},"articleSection":["Egy\u00e9b kateg\u00f3ria"],"inLanguage":"hu","potentialAction":[{"@type":"CommentAction","name":"Comment","target":["https:\/\/dev.kompaktdesign.hu\/hodszolar.hu\/2022\/06\/28\/nem-erdemes-tovabb-varni-palyazat-nelkul-is-megeri-napelemet-telepittetni\/#respond"]}]},{"@type":"WebPage","@id":"https:\/\/dev.kompaktdesign.hu\/hodszolar.hu\/2022\/06\/28\/nem-erdemes-tovabb-varni-palyazat-nelkul-is-megeri-napelemet-telepittetni\/","url":"https:\/\/dev.kompaktdesign.hu\/hodszolar.hu\/2022\/06\/28\/nem-erdemes-tovabb-varni-palyazat-nelkul-is-megeri-napelemet-telepittetni\/","name":"Nem \u00e9rdemes tov\u00e1bb v\u00e1rni, p\u00e1ly\u00e1zat n\u00e9lk\u00fcl is meg\u00e9ri napelemet telep\u00edttetni! | H\u00f3dszol\u00e1r","isPartOf":{"@id":"https:\/\/dev.kompaktdesign.hu\/hodszolar.hu\/#website"},"datePublished":"2022-06-28T10:29:47+00:00","dateModified":"2022-06-29T10:41:27+00:00","breadcrumb":{"@id":"https:\/\/dev.kompaktdesign.hu\/hodszolar.hu\/2022\/06\/28\/nem-erdemes-tovabb-varni-palyazat-nelkul-is-megeri-napelemet-telepittetni\/#breadcrumb"},"inLanguage":"hu","potentialAction":[{"@type":"ReadAction","target":["https:\/\/dev.kompaktdesign.hu\/hodszolar.hu\/2022\/06\/28\/nem-erdemes-tovabb-varni-palyazat-nelkul-is-megeri-napelemet-telepittetni\/"]}]},{"@type":"BreadcrumbList","@id":"https:\/\/dev.kompaktdesign.hu\/hodszolar.hu\/2022\/06\/28\/nem-erdemes-tovabb-varni-palyazat-nelkul-is-megeri-napelemet-telepittetni\/#breadcrumb","itemListElement":[{"@type":"ListItem","position":1,"name":"Kezd\u0151lap","item":"https:\/\/dev.kompaktdesign.hu\/hodszolar.hu\/"},{"@type":"ListItem","position":2,"name":"Nem \u00e9rdemes tov\u00e1bb v\u00e1rni, p\u00e1ly\u00e1zat n\u00e9lk\u00fcl is meg\u00e9ri napelemet telep\u00edttetni!"}]},{"@type":"WebSite","@id":"https:\/\/dev.kompaktdesign.hu\/hodszolar.hu\/#website","url":"https:\/\/dev.kompaktdesign.hu\/hodszolar.hu\/","name":"H\u00f3dszol\u00e1r","description":"A v\u00e1s\u00e1rhelyi napelemes","publisher":{"@id":"https:\/\/dev.kompaktdesign.hu\/hodszolar.hu\/#organization"},"potentialAction":[{"@type":"SearchAction","target":{"@type":"EntryPoint","urlTemplate":"https:\/\/dev.kompaktdesign.hu\/hodszolar.hu\/?s={search_term_string}"},"query-input":"required name=search_term_string"}],"inLanguage":"hu"},{"@type":"Organization","@id":"https:\/\/dev.kompaktdesign.hu\/hodszolar.hu\/#organization","name":"H\u00f3dszol\u00e1r Kft.","url":"https:\/\/dev.kompaktdesign.hu\/hodszolar.hu\/","sameAs":["https:\/\/www.facebook.com\/hodszolar"],"logo":{"@type":"ImageObject","inLanguage":"hu","@id":"https:\/\/dev.kompaktdesign.hu\/hodszolar.hu\/#\/schema\/logo\/image\/","url":"https:\/\/dev.kompaktdesign.hu\/hodszolar.hu\/wp-content\/uploads\/2021\/05\/fvicon.png","contentUrl":"https:\/\/dev.kompaktdesign.hu\/hodszolar.hu\/wp-content\/uploads\/2021\/05\/fvicon.png","width":132,"height":132,"caption":"H\u00f3dszol\u00e1r Kft."},"image":{"@id":"https:\/\/dev.kompaktdesign.hu\/hodszolar.hu\/#\/schema\/logo\/image\/"}},{"@type":"Person","@id":"https:\/\/dev.kompaktdesign.hu\/hodszolar.hu\/#\/schema\/person\/a788af940a3d6b2829396312340dd08c","name":"H\u00f3dszol\u00e1r Kft.","image":{"@type":"ImageObject","inLanguage":"hu","@id":"https:\/\/dev.kompaktdesign.hu\/hodszolar.hu\/#\/schema\/person\/image\/","url":"https:\/\/secure.gravatar.com\/avatar\/38df000db6f2e93b7f0ccccf7714392424ca033738d34dfe71f19fdb70329830?s=96&d=mm&r=g","contentUrl":"https:\/\/secure.gravatar.com\/avatar\/38df000db6f2e93b7f0ccccf7714392424ca033738d34dfe71f19fdb70329830?s=96&d=mm&r=g","caption":"H\u00f3dszol\u00e1r Kft."},"url":"https:\/\/dev.kompaktdesign.hu\/hodszolar.hu\/author\/hodszolar\/"}]}},"_links":{"self":[{"href":"https:\/\/dev.kompaktdesign.hu\/hodszolar.hu\/wp-json\/wp\/v2\/posts\/882","targetHints":{"allow":["GET"]}}],"collection":[{"href":"https:\/\/dev.kompaktdesign.hu\/hodszolar.hu\/wp-json\/wp\/v2\/posts"}],"about":[{"href":"https:\/\/dev.kompaktdesign.hu\/hodszolar.hu\/wp-json\/wp\/v2\/types\/post"}],"author":[{"embeddable":true,"href":"https:\/\/dev.kompaktdesign.hu\/hodszolar.hu\/wp-json\/wp\/v2\/users\/3"}],"replies":[{"embeddable":true,"href":"https:\/\/dev.kompaktdesign.hu\/hodszolar.hu\/wp-json\/wp\/v2\/comments?post=882"}],"version-history":[{"count":7,"href":"https:\/\/dev.kompaktdesign.hu\/hodszolar.hu\/wp-json\/wp\/v2\/posts\/882\/revisions"}],"predecessor-version":[{"id":893,"href":"https:\/\/dev.kompaktdesign.hu\/hodszolar.hu\/wp-json\/wp\/v2\/posts\/882\/revisions\/893"}],"wp:featuredmedia":[{"embeddable":true,"href":"https:\/\/dev.kompaktdesign.hu\/hodszolar.hu\/wp-json\/wp\/v2\/media\/883"}],"wp:attachment":[{"href":"https:\/\/dev.kompaktdesign.hu\/hodszolar.hu\/wp-json\/wp\/v2\/media?parent=882"}],"wp:term":[{"taxonomy":"category","embeddable":true,"href":"https:\/\/dev.kompaktdesign.hu\/hodszolar.hu\/wp-json\/wp\/v2\/categories?post=882"},{"taxonomy":"post_tag","embeddable":true,"href":"https:\/\/dev.kompaktdesign.hu\/hodszolar.hu\/wp-json\/wp\/v2\/tags?post=882"}],"curies":[{"name":"wp","href":"https:\/\/api.w.org\/{rel}","templated":true}]}}