{"id":97,"date":"2021-03-19T11:55:20","date_gmt":"2021-03-19T11:55:20","guid":{"rendered":"http:\/\/hodszolar.hu\/?p=97"},"modified":"2021-05-12T07:29:49","modified_gmt":"2021-05-12T07:29:49","slug":"uj-lakas-vagy-haz","status":"publish","type":"post","link":"https:\/\/dev.kompaktdesign.hu\/hodszolar.hu\/2021\/03\/19\/uj-lakas-vagy-haz\/","title":{"rendered":"\u00daj lak\u00e1s vagy h\u00e1z?"},"content":{"rendered":"\n<p><strong>\u00daj lak\u00e1s vagy h\u00e1z? Eredetileg id\u00e9n janu\u00e1rt\u00f3l m\u00e1r csak k\u00f6zel nulla energiaig\u00e9ny\u0171, \u201eBB\u201d energetikai besorol\u00e1s\u00fa \u00faj \u00e9p\u00edt\u00e9s\u0171 \u00e9p\u00fclet nyerhetett volna haszn\u00e1latba v\u00e9teli enged\u00e9lyt Magyarorsz\u00e1gon. Egy rendeletm\u00f3dos\u00edt\u00e1s \u00e9rtelm\u00e9ben az el\u0151\u00edr\u00e1st csak 2022. j\u00fanius 30-a ut\u00e1n kell alkalmazni.<\/strong><\/p>\n\n\n\n<p><br>V\u00e1ltozott a <strong>25% meg\u00fajul\u00f3 energia<\/strong> haszn\u00e1lat\u00e1ra ir\u00e1nyul\u00f3 \u00faj ingatlanokat \u00e9rint\u0151 TNM- rendelet, tiszt\u00e1zva benne a g\u00e9pi szell\u0151ztet\u00e9sre vonatkoz\u00f3 k\u00f6vetelm\u00e9nyeket is.<\/p>\n\n\n\n<p>Mint az m\u00e1r ismert, az eredeti tervek szerint 2020. december 31. ut\u00e1n m\u00e1r csak k\u00f6zel nulla energiaig\u00e9ny\u0171 \u00faj \u00e9p\u00edt\u00e9s\u0171 \u00e9p\u00fclet kaphatott volna haszn\u00e1latbav\u00e9teli enged\u00e9lyt Magyarorsz\u00e1gon, ahol <strong>el\u0151\u00edr\u00e1s biztos\u00edtani, hogy<\/strong> ezek <strong>az  ingatlanok 25 sz\u00e1zal\u00e9kban meg\u00fajul\u00f3 forr\u00e1sb\u00f3l fedezz\u00e9k fogyaszt\u00e1sukat.<\/strong> Ezt a hat\u00e1rid\u0151t 2020 v\u00e9g\u00e9n meghosszabb\u00edtott\u00e1k 2021. j\u00fanius 30-ig.<\/p>\n\n\n\n<p><br>A legfrissebb Magyar K\u00f6zl\u00f6nyben megjelent 114\/2021. (III. 10.) sz\u00e1m\u00fa korm\u00e1nyrendelet szerint az \u00e9p\u00edttet\u0151k \u00e9s a kivitelez\u0151k most \u00fajabb egy \u00e9v halad\u00e9kot kaptak, \u00edgy a leg\u00fajabb <strong>hat\u00e1rid\u0151 2022. j\u00fanius 30.<\/strong>&nbsp;<\/p>\n\n\n\n<p><br>A hat\u00e1rid\u0151 meghosszabb\u00edt\u00e1s\u00e1val egyidej\u0171leg m\u00f3dos\u00edt\u00e1sra ker\u00fclt a szell\u0151ztet\u00e9st \u00e9rint\u0151 szab\u00e1lyoz\u00e1s is, miszerint a  kor\u00e1bbi \u00e9rtelmez\u00e9ssel ellent\u00e9tben nem k\u00f6telez\u0151 szab\u00e1lyozott m\u0171k\u00f6d\u00e9s\u0171 h\u0151visszanyer\u0151s vagy k\u00f6zponti elsz\u00edv\u00e1sos szell\u0151ztet\u0151rendszer ki\u00e9p\u00edt\u00e9se minden \u00faj \u00e9p\u00fcletben, ahol viszont van ilyen, ott az ablaknyit\u00e1st nem vehetik  figyelembe az el\u0151\u00edrt frissleveg\u0151-ut\u00e1np\u00f3tl\u00e1s biztos\u00edt\u00e1s\u00e1ra.<\/p>\n\n\n\n<p><br>A leg\u00fajabb jogszab\u00e1ly nagy v\u00e1ltoz\u00e1st hoz az \u00faj \u00e9p\u00edt\u00e9s\u0171 ingatlanok vil\u00e1g\u00e1ba Magyarorsz\u00e1gon 2021 j\u00faliust\u00f3l: minden \u00fajonnan \u00e9p\u00fcl\u0151 h\u00e1znak \u00e9s lak\u00e1snak legal\u00e1bb BB t\u00edpus\u00fa energetikai besorol\u00e1st kell kapnia. Teh\u00e1t az \u00f6sszes elfogyasztott energia legal\u00e1bb egy negyede meg\u00fajul\u00f3 energi\u00e1b\u00f3l kell, hogy keletkezzen.<\/p>\n\n\n\n<p><br>Az el\u0151\u00edr\u00e1s \u00faj \u00e9p\u00fcletek \u00e9p\u00edt\u00e9se mellett megl\u00e9v\u0151 ingatlanok jelent\u0151s fel\u00faj\u00edt\u00e1sa eset\u00e9n is k\u00f6telez\u0151 \u00e9rv\u00e9ny\u0171. Az \u00faj \u00e9p\u00fclet az el\u0151\u00edrtn\u00e1l magasabb energiahat\u00e9konys\u00e1g\u00fa is lehet, \u00edgy BB-n\u00e9l jobb energiaoszt\u00e1lyba is tartozhat, rosszabba azonban nem. Az energetikai tan\u00fas\u00edtv\u00e1ny beszerz\u00e9se az \u00e9p\u00edttet\u0151 feladata, a haszn\u00e1latbav\u00e9tel tudom\u00e1sulv\u00e9tel\u00e9nek k\u00e9relmez\u00e9s\u00e9vel egyidej\u0171leg.<\/p>\n\n\n\n<p><br><strong>BB energetikai besorol\u00e1s<br><\/strong>Ennek az energetikai min\u0151s\u00edt\u00e9snek a hivatalos megnevez\u00e9se a \"K\u00f6zel nulla energiaig\u00e9nyre vonatkoz\u00f3 k\u00f6vetelm\u00e9nyeknek megfelel\u0151\". Ahogy a n\u00e9v mutatja, a BB oszt\u00e1lyt teljes\u00edt\u0151 \u00e9p\u00fcletek megfelelnek a jogszab\u00e1lyban megfogalmazott k\u00f6vetelm\u00e9nynek. Term\u00e9szetesen ett\u0151l jobb besorol\u00e1s is el\u00e9rhet\u0151, az AA++, AA+, AA kateg\u00f3ri\u00e1k is megfelelnek a rendeletnek.<\/p>\n\n\n\n<p><br><strong>Az \u00faj \u00e9p\u00fcletek maxim\u00e1lis energiafogyaszt\u00e1sa 100 KWh\/m\u00b2a lehet<br><\/strong>Az \u00faj \u00e9p\u00fcletek teljes energiafogyaszt\u00e1s\u00e1t is maximaliz\u00e1lja a k\u00f6zel nulla energiaig\u00e9ny k\u00f6vetelm\u00e9nyszintje. Ennek kisz\u00e1m\u00edt\u00e1s\u00e1t csak az \u00e9p\u00edt\u00e9sz tervez\u0151 vagy a bevont energetikus tudja elv\u00e9gezni. Ez az \u00e9rt\u00e9k sz\u00e1m\u00edt\u00e1sba veszi az \u00e9p\u00fcletg\u00e9p\u00e9szeti berendez\u00e9sek hat\u00e1sofok\u00e1t, a szab\u00e1lyz\u00e1st, a felhaszn\u00e1lt energiahordoz\u00f3kat. Megengedett sz\u00e1m\u00e9rt\u00e9ke legfeljebb 100 KWh\/m\u00b2a [Kilowatt\u00f3ra-per-n\u00e9gyzetm\u00e9ter-\u00e9v] lehet, min\u00e9l kisebb ez a sz\u00e1m, ann\u00e1l gazdas\u00e1gosabb az \u00e9p\u00edtm\u00e9ny. Ha az \u00e9p\u00fclet \u00f6sszes\u00edtett energetikai jellemz\u0151je 100-n\u00e1l t\u00f6bb, az \u00e9p\u00fclet nem \u00e9rheti el<br>a BB min\u0151s\u00edt\u00e9st, \u00edgy a k\u00f6zel nulla energiaig\u00e9ny k\u00f6vetelm\u00e9nyszintj\u00e9t nem teljes\u00edti. \u00daj \u00e9p\u00fcleteket csak \u00fagy lehet tervezni \u00e9s kivitelezni, hogy a fenti sz\u00e1m teljes\u00fclj\u00f6n!<\/p>\n\n\n\n<p><br><strong>\u00c9p\u00fcletszerkezetek, h\u0151szigetel\u00e9s<br><\/strong>Az \u00e9p\u00edt\u00e9s\u00fcgyi szab\u00e1lyok meghat\u00e1rozz\u00e1k, hogy minim\u00e1lisan milyen h\u0151szigetel\u0151 k\u00e9pess\u00e9ggel kell rendelkeznie az \u00fajonnan be\u00e9p\u00edt\u00e9sre ker\u00fcl\u0151 \u00e9p\u00edt\u0151anyagoknak \/ \u00e9p\u00fcletszerkezeteknek. A rendelet nem mag\u00e1t a h\u0151szigetel\u00e9s vastags\u00e1g\u00e1t hat\u00e1rozza meg, hanem a h\u0151\u00e1tbocs\u00e1jt\u00e1si t\u00e9nyez\u0151ket, szerkezett\u00edpusonk\u00e9nt.<br>Az \u00e9p\u00edt\u00e9s\u00fcgyi szab\u00e1lyok nem csak az egyes \u00e9p\u00fcletszerkezetekre, hanem az \u00faj \u00e9p\u00fclet eg\u00e9sz\u00e9re vonatkoz\u00f3an is megfogalmaznak energiahat\u00e9konys\u00e1gi elv\u00e1r\u00e1sokat, a fajlagos h\u0151vesztes\u00e9gt\u00e9nyez\u0151 k\u00f6vetelm\u00e9ny\u00e9rt\u00e9k\u00e9nek form\u00e1j\u00e1ban. \u00c1ltal\u00e1nos tapasztalat, hogy ha a szerkezetek megfelelnek az el\u0151\u00edr\u00e1soknak, akkor a fajlagos h\u0151vesztes\u00e9gt\u00e9nyez\u0151 is megfelel, \u00edgy nem kell r\u00e9szletesebben foglalkoznunk vele.<\/p>\n\n\n\n<p><br><strong>Energiahordoz\u00f3k, 25% k\u00f6telez\u0151en meg\u00fajul\u00f3 forr\u00e1sb\u00f3l<br><\/strong>A k\u00f6zel nulla energiaig\u00e9ny k\u00f6vetelm\u00e9nye figyelembe veszi az \u00e9p\u00fcletben felhaszn\u00e1lt energiahordoz\u00f3kat, p\u00e9ld\u00e1ul azt, hogy g\u00e1zzal, t\u0171zif\u00e1val, vagy \u00e9pp t\u00e1vh\u0151vel f\u0171t\u00fcnk. A k\u00f6zel nulla energiaig\u00e9ny k\u00f6vetelm\u00e9ny\u00e9nek el\u00e9r\u00e9s\u00e9hez az energiafogyaszt\u00e1s legal\u00e1bb 25%-\u00e1t meg\u00fajul\u00f3 forr\u00e1sb\u00f3l kell fedezni. Ha meg\u00fajul\u00f3 energiaforr\u00e1sb\u00f3l sz\u00e1rmaz\u00f3 energia nincs felhaszn\u00e1lva az ingatlanban, a k\u00f6vetelm\u00e9nyszint nem teljes\u00fcl, a BB min\u0151s\u00edt\u00e9s nem adhat\u00f3 ki a haszn\u00e1latbav\u00e9telkor v\u00e9gzett energetikai tan\u00fas\u00edt\u00e1s sor\u00e1n.<\/p>\n\n\n\n<p><br>Az al\u00e1bbi meg\u00fajul\u00f3 energiahordoz\u00f3 vehet\u0151k figyelembe: t\u0171zifa, biomassza, biomassz\u00e1b\u00f3l k\u00f6zvetve vagy k\u00f6zvetlen\u00fcl el\u0151\u00e1ll\u00edtott energia, a biog\u00e1zok energi\u00e1ja, fapellet, agripellet; nap-, sz\u00e9l-, v\u00edzenergia, geoterm\u00e1lis, geotermikus, hidrotermikus, l\u00e9gtermikus energia; illetve a t\u00e1vh\u0151 is bizonyos esetekben. J\u00f3 tudni, hogy az inverteres split kl\u00edm\u00e1k is figyelembe vehet\u0151k a meg\u00fajul\u00f3 energiaar\u00e1ny kisz\u00e1m\u00edt\u00e1sa sor\u00e1n, ezek ugyanis leveg\u0151-leveg\u0151 h\u0151szivatty\u00fak\u00e9nt<br>m\u0171k\u00f6dnek, ha f\u0171t\u00e9si \u00fczemm\u00f3dban m\u0171k\u00f6dtetj\u00fck \u0151ket.<\/p>\n\n\n\n<p><br>Ha AA, vagy ann\u00e1l jobb min\u0151s\u00edt\u00e9st szeretne el\u00e9rni, a f\u0171t\u00e9si (\u00e9s h\u0171t\u00e9si) rendszert helyis\u00e9genk\u00e9nti elektronikus szab\u00e1lyz\u00f3val kell ell\u00e1tni. Ez a gyakorlatban egy fali \u00e9rz\u00e9kel\u0151t jelent. Az AA oszt\u00e1ly\u00fa \u00e9p\u00fcletekben a f\u0171t\u00e9si \u00e9s h\u0171t\u00e9si rendszereknek minden helyis\u00e9ghez, illetve a funkci\u00f3jukban \u00f6sszeegyeztethet\u0151 helyis\u00e9gek z\u00f3n\u00e1ihoz saj\u00e1t szab\u00e1lyoz\u00f3 k\u00f6r van rendelve, elektronikus fali \u00e9rz\u00e9kel\u0151kkel \/ vez\u00e9rl\u0151kkel. A h\u0151termel\u0151 berendez\u00e9sek id\u0151j\u00e1r\u00e1sf\u00fcgg\u0151 szab\u00e1lyz\u00e1sa is megoldott kell, hogy legyen. <\/p>\n\n\n\n<p>Az \u00e9p\u00fcletg\u00e9p\u00e9szeknek jelent\u0151s fejt\u00f6r\u00e9st okozhat az eml\u00edtett 25 sz\u00e1zal\u00e9kos k\u00f6vetelm\u00e9ny, f\u0151leg ha azt n\u00e9zz\u00fck, hogy a passz\u00edv napenergi\u00e1b\u00f3l sz\u00e1rmaz\u00f3 nyeres\u00e9get m\u00e1r nem lehet figyelembe venni a meg\u00fajul\u00f3 r\u00e9szar\u00e1ny sz\u00e1m\u00edt\u00e1s\u00e1hoz. Leegyszer\u0171s\u00edtve ez azt jelenti, hogy az a napenergia (napf\u00e9ny), ami az ablakon \u00e1t jut a helyis\u00e9gbe, nem vehet\u0151 figyelembe.<\/p>\n\n\n\n<p><br><strong>Mi jelenthet akkor megold\u00e1st?<br><\/strong>A napelemes rendszer telep\u00edt\u00e9se az egyik megold\u00e1s. A javaslatunk az, hogy amennyiben sz\u00fcks\u00e9ge lesz a meg\u00fajul\u00f3 energia alkalmaz\u00e1s\u00e1ra, akkor ne csak a fogyaszt\u00e1s\u00e1nak a 25 sz\u00e1zal\u00e9k\u00e1ra terveztessen napelemes rendszert, hanem a 100 sz\u00e1zal\u00e9kra, mert fajlagosan olcs\u00f3bb a rendszer \u00e9s hamarabb megt\u00e9r\u00fcl a beruh\u00e1z\u00e1s!<\/p>\n\n\n\n<p>A m\u00e1sik megold\u00e1s a h\u0151szivatty\u00fa-technol\u00f3gia, ami jelent\u0151sen megk\u00f6nny\u00edtheti \u00e9s leegyszer\u0171s\u00edtheti az \u00e1t\u00e1ll\u00e1st egy sz\u00e9n-dioxid-mentes eur\u00f3pai \u00e9p\u00fclet\u00e1llom\u00e1ny 2050-es el\u00e9r\u00e9s\u00e9re. A h\u0151szivatty\u00fa ugyanis nemcsak egy k\u00f6rnyezetbar\u00e1t f\u0171t\u00e9si-h\u0171t\u00e9si-h\u00e1ztart\u00e1si melegv\u00edz el\u0151\u00e1ll\u00edt\u00e1s\u00e1ra alkalmas g\u00e9p\u00e9szeti megold\u00e1s, de egyben az \u00faj \u00e9p\u00fcletek meg\u00fajul\u00f3 energia r\u00e9szar\u00e1ny\u00e1ra vonatkoz\u00f3 energetikai elv\u00e1r\u00e1st is teljes\u00edti \u00e9s hozz\u00e1j\u00e1rul a k\u00f6z\u00f6s eur\u00f3pai meg\u00fajul\u00f3 energi\u00e1s c\u00e9lok teljes\u00edt\u00e9s\u00e9hez is.<\/p>\n\n\n\n<p><br>A napelem k\u00e9z-a-k\u00e9zben j\u00e1r a h\u0151szivatty\u00faval, mert ahol ez a f\u0171t\u00e9si\/h\u0171t\u00e9si megold\u00e1s lesz, oda er\u0151sen aj\u00e1nlott a napelemes rendszer is, hogy azt a villamos energi\u00e1t, amit a h\u0151szivatty\u00fa felhaszn\u00e1l, a napelemes rendszer megtermelje.<\/p>\n\n\n\n<p><br>A kett\u0151 egy\u00fctt lehet\u0151v\u00e9 teszi, hogy szinte rezsimentes legyen az ingatlan, nem besz\u00e9lve arr\u00f3l, hogy ez egy megt\u00e9r\u00fcl\u0151 beruh\u00e1z\u00e1s \u00e9s hossz\u00fat\u00e1v\u00fa biztons\u00e1got ny\u00fajt.<\/p>\n\n\n\n<p>Ingyenes helysz\u00edni felm\u00e9r\u00e9s\u00e9rt vagy el\u0151zetes \u00e1raj\u00e1nlat\u00e9rt keressen minket bizalommal!<\/p>\n","protected":false},"excerpt":{"rendered":"<p>\u00daj lak\u00e1s vagy h\u00e1z? Eredetileg id\u00e9n janu\u00e1rt\u00f3l m\u00e1r csak k\u00f6zel nulla energiaig\u00e9ny\u0171, \u201eBB\u201d energetikai besorol\u00e1s\u00fa \u00faj \u00e9p\u00edt\u00e9s\u0171 \u00e9p\u00fclet nyerhetett volna haszn\u00e1latba v\u00e9teli enged\u00e9lyt Magyarorsz\u00e1gon. Egy rendeletm\u00f3dos\u00edt\u00e1s \u00e9rtelm\u00e9ben az el\u0151\u00edr\u00e1st csak 2022. j\u00fanius 30-a ut\u00e1n kell alkalmazni. V\u00e1ltozott a 25% meg\u00fajul\u00f3 energia haszn\u00e1lat\u00e1ra ir\u00e1nyul\u00f3 \u00faj ingatlanokat \u00e9rint\u0151 TNM- rendelet, tiszt\u00e1zva benne a g\u00e9pi szell\u0151ztet\u00e9sre vonatkoz\u00f3 k\u00f6vetelm\u00e9nyeket [&hellip;]<\/p>\n","protected":false},"author":3,"featured_media":286,"comment_status":"open","ping_status":"open","sticky":false,"template":"","format":"standard","meta":{"footnotes":""},"categories":[1],"tags":[],"class_list":["post-97","post","type-post","status-publish","format-standard","has-post-thumbnail","hentry","category-egyeb"],"yoast_head":"<!-- This site is optimized with the Yoast SEO plugin v19.5.1 - https:\/\/yoast.com\/wordpress\/plugins\/seo\/ -->\n<title>\u00daj lak\u00e1s vagy h\u00e1z? | H\u00f3dszol\u00e1r<\/title>\n<meta name=\"robots\" content=\"noindex, follow, max-snippet:-1, max-image-preview:large, max-video-preview:-1\" \/>\n<meta property=\"og:locale\" content=\"hu_HU\" \/>\n<meta property=\"og:type\" content=\"article\" \/>\n<meta property=\"og:title\" content=\"\u00daj lak\u00e1s vagy h\u00e1z? | H\u00f3dszol\u00e1r\" \/>\n<meta property=\"og:description\" content=\"\u00daj lak\u00e1s vagy h\u00e1z? Eredetileg id\u00e9n janu\u00e1rt\u00f3l m\u00e1r csak k\u00f6zel nulla energiaig\u00e9ny\u0171, \u201eBB\u201d energetikai besorol\u00e1s\u00fa \u00faj \u00e9p\u00edt\u00e9s\u0171 \u00e9p\u00fclet nyerhetett volna haszn\u00e1latba v\u00e9teli enged\u00e9lyt Magyarorsz\u00e1gon. Egy rendeletm\u00f3dos\u00edt\u00e1s \u00e9rtelm\u00e9ben az el\u0151\u00edr\u00e1st csak 2022. j\u00fanius 30-a ut\u00e1n kell alkalmazni. V\u00e1ltozott a 25% meg\u00fajul\u00f3 energia haszn\u00e1lat\u00e1ra ir\u00e1nyul\u00f3 \u00faj ingatlanokat \u00e9rint\u0151 TNM- rendelet, tiszt\u00e1zva benne a g\u00e9pi szell\u0151ztet\u00e9sre vonatkoz\u00f3 k\u00f6vetelm\u00e9nyeket [&hellip;]\" \/>\n<meta property=\"og:url\" content=\"https:\/\/dev.kompaktdesign.hu\/hodszolar.hu\/2021\/03\/19\/uj-lakas-vagy-haz\/\" \/>\n<meta property=\"og:site_name\" content=\"H\u00f3dszol\u00e1r\" \/>\n<meta property=\"article:publisher\" content=\"https:\/\/www.facebook.com\/hodszolar\" \/>\n<meta property=\"article:published_time\" content=\"2021-03-19T11:55:20+00:00\" \/>\n<meta property=\"article:modified_time\" content=\"2021-05-12T07:29:49+00:00\" \/>\n<meta property=\"og:image\" content=\"https:\/\/dev.kompaktdesign.hu\/hodszolar.hu\/wp-content\/uploads\/2021\/03\/uj-lakas-vagy-haz.jpg\" \/>\n\t<meta property=\"og:image:width\" content=\"1534\" \/>\n\t<meta property=\"og:image:height\" content=\"660\" \/>\n\t<meta property=\"og:image:type\" content=\"image\/jpeg\" \/>\n<meta name=\"author\" content=\"H\u00f3dszol\u00e1r Kft.\" \/>\n<meta name=\"twitter:card\" content=\"summary_large_image\" \/>\n<meta name=\"twitter:label1\" content=\"Szerz\u0151:\" \/>\n\t<meta name=\"twitter:data1\" content=\"H\u00f3dszol\u00e1r Kft.\" \/>\n\t<meta name=\"twitter:label2\" content=\"Becs\u00fclt olvas\u00e1si id\u0151\" \/>\n\t<meta name=\"twitter:data2\" content=\"7 perc\" \/>\n<script type=\"application\/ld+json\" class=\"yoast-schema-graph\">{\"@context\":\"https:\/\/schema.org\",\"@graph\":[{\"@type\":\"Article\",\"@id\":\"https:\/\/dev.kompaktdesign.hu\/hodszolar.hu\/2021\/03\/19\/uj-lakas-vagy-haz\/#article\",\"isPartOf\":{\"@id\":\"https:\/\/dev.kompaktdesign.hu\/hodszolar.hu\/2021\/03\/19\/uj-lakas-vagy-haz\/\"},\"author\":{\"name\":\"H\u00f3dszol\u00e1r Kft.\",\"@id\":\"https:\/\/dev.kompaktdesign.hu\/hodszolar.hu\/#\/schema\/person\/a788af940a3d6b2829396312340dd08c\"},\"headline\":\"\u00daj lak\u00e1s vagy h\u00e1z?\",\"datePublished\":\"2021-03-19T11:55:20+00:00\",\"dateModified\":\"2021-05-12T07:29:49+00:00\",\"mainEntityOfPage\":{\"@id\":\"https:\/\/dev.kompaktdesign.hu\/hodszolar.hu\/2021\/03\/19\/uj-lakas-vagy-haz\/\"},\"wordCount\":1463,\"commentCount\":0,\"publisher\":{\"@id\":\"https:\/\/dev.kompaktdesign.hu\/hodszolar.hu\/#organization\"},\"articleSection\":[\"Egy\u00e9b kateg\u00f3ria\"],\"inLanguage\":\"hu\",\"potentialAction\":[{\"@type\":\"CommentAction\",\"name\":\"Comment\",\"target\":[\"https:\/\/dev.kompaktdesign.hu\/hodszolar.hu\/2021\/03\/19\/uj-lakas-vagy-haz\/#respond\"]}]},{\"@type\":\"WebPage\",\"@id\":\"https:\/\/dev.kompaktdesign.hu\/hodszolar.hu\/2021\/03\/19\/uj-lakas-vagy-haz\/\",\"url\":\"https:\/\/dev.kompaktdesign.hu\/hodszolar.hu\/2021\/03\/19\/uj-lakas-vagy-haz\/\",\"name\":\"\u00daj lak\u00e1s vagy h\u00e1z? | H\u00f3dszol\u00e1r\",\"isPartOf\":{\"@id\":\"https:\/\/dev.kompaktdesign.hu\/hodszolar.hu\/#website\"},\"datePublished\":\"2021-03-19T11:55:20+00:00\",\"dateModified\":\"2021-05-12T07:29:49+00:00\",\"breadcrumb\":{\"@id\":\"https:\/\/dev.kompaktdesign.hu\/hodszolar.hu\/2021\/03\/19\/uj-lakas-vagy-haz\/#breadcrumb\"},\"inLanguage\":\"hu\",\"potentialAction\":[{\"@type\":\"ReadAction\",\"target\":[\"https:\/\/dev.kompaktdesign.hu\/hodszolar.hu\/2021\/03\/19\/uj-lakas-vagy-haz\/\"]}]},{\"@type\":\"BreadcrumbList\",\"@id\":\"https:\/\/dev.kompaktdesign.hu\/hodszolar.hu\/2021\/03\/19\/uj-lakas-vagy-haz\/#breadcrumb\",\"itemListElement\":[{\"@type\":\"ListItem\",\"position\":1,\"name\":\"Kezd\u0151lap\",\"item\":\"https:\/\/dev.kompaktdesign.hu\/hodszolar.hu\/\"},{\"@type\":\"ListItem\",\"position\":2,\"name\":\"\u00daj lak\u00e1s vagy h\u00e1z?\"}]},{\"@type\":\"WebSite\",\"@id\":\"https:\/\/dev.kompaktdesign.hu\/hodszolar.hu\/#website\",\"url\":\"https:\/\/dev.kompaktdesign.hu\/hodszolar.hu\/\",\"name\":\"H\u00f3dszol\u00e1r\",\"description\":\"A v\u00e1s\u00e1rhelyi napelemes\",\"publisher\":{\"@id\":\"https:\/\/dev.kompaktdesign.hu\/hodszolar.hu\/#organization\"},\"potentialAction\":[{\"@type\":\"SearchAction\",\"target\":{\"@type\":\"EntryPoint\",\"urlTemplate\":\"https:\/\/dev.kompaktdesign.hu\/hodszolar.hu\/?s={search_term_string}\"},\"query-input\":\"required name=search_term_string\"}],\"inLanguage\":\"hu\"},{\"@type\":\"Organization\",\"@id\":\"https:\/\/dev.kompaktdesign.hu\/hodszolar.hu\/#organization\",\"name\":\"H\u00f3dszol\u00e1r Kft.\",\"url\":\"https:\/\/dev.kompaktdesign.hu\/hodszolar.hu\/\",\"sameAs\":[\"https:\/\/www.facebook.com\/hodszolar\"],\"logo\":{\"@type\":\"ImageObject\",\"inLanguage\":\"hu\",\"@id\":\"https:\/\/dev.kompaktdesign.hu\/hodszolar.hu\/#\/schema\/logo\/image\/\",\"url\":\"https:\/\/dev.kompaktdesign.hu\/hodszolar.hu\/wp-content\/uploads\/2021\/05\/fvicon.png\",\"contentUrl\":\"https:\/\/dev.kompaktdesign.hu\/hodszolar.hu\/wp-content\/uploads\/2021\/05\/fvicon.png\",\"width\":132,\"height\":132,\"caption\":\"H\u00f3dszol\u00e1r Kft.\"},\"image\":{\"@id\":\"https:\/\/dev.kompaktdesign.hu\/hodszolar.hu\/#\/schema\/logo\/image\/\"}},{\"@type\":\"Person\",\"@id\":\"https:\/\/dev.kompaktdesign.hu\/hodszolar.hu\/#\/schema\/person\/a788af940a3d6b2829396312340dd08c\",\"name\":\"H\u00f3dszol\u00e1r Kft.\",\"image\":{\"@type\":\"ImageObject\",\"inLanguage\":\"hu\",\"@id\":\"https:\/\/dev.kompaktdesign.hu\/hodszolar.hu\/#\/schema\/person\/image\/\",\"url\":\"https:\/\/secure.gravatar.com\/avatar\/38df000db6f2e93b7f0ccccf7714392424ca033738d34dfe71f19fdb70329830?s=96&d=mm&r=g\",\"contentUrl\":\"https:\/\/secure.gravatar.com\/avatar\/38df000db6f2e93b7f0ccccf7714392424ca033738d34dfe71f19fdb70329830?s=96&d=mm&r=g\",\"caption\":\"H\u00f3dszol\u00e1r Kft.\"},\"url\":\"https:\/\/dev.kompaktdesign.hu\/hodszolar.hu\/author\/hodszolar\/\"}]}<\/script>\n<!-- \/ Yoast SEO plugin. -->","yoast_head_json":{"title":"\u00daj lak\u00e1s vagy h\u00e1z? | H\u00f3dszol\u00e1r","robots":{"index":"noindex","follow":"follow","max-snippet":"max-snippet:-1","max-image-preview":"max-image-preview:large","max-video-preview":"max-video-preview:-1"},"og_locale":"hu_HU","og_type":"article","og_title":"\u00daj lak\u00e1s vagy h\u00e1z? | H\u00f3dszol\u00e1r","og_description":"\u00daj lak\u00e1s vagy h\u00e1z? Eredetileg id\u00e9n janu\u00e1rt\u00f3l m\u00e1r csak k\u00f6zel nulla energiaig\u00e9ny\u0171, \u201eBB\u201d energetikai besorol\u00e1s\u00fa \u00faj \u00e9p\u00edt\u00e9s\u0171 \u00e9p\u00fclet nyerhetett volna haszn\u00e1latba v\u00e9teli enged\u00e9lyt Magyarorsz\u00e1gon. Egy rendeletm\u00f3dos\u00edt\u00e1s \u00e9rtelm\u00e9ben az el\u0151\u00edr\u00e1st csak 2022. j\u00fanius 30-a ut\u00e1n kell alkalmazni. V\u00e1ltozott a 25% meg\u00fajul\u00f3 energia haszn\u00e1lat\u00e1ra ir\u00e1nyul\u00f3 \u00faj ingatlanokat \u00e9rint\u0151 TNM- rendelet, tiszt\u00e1zva benne a g\u00e9pi szell\u0151ztet\u00e9sre vonatkoz\u00f3 k\u00f6vetelm\u00e9nyeket [&hellip;]","og_url":"https:\/\/dev.kompaktdesign.hu\/hodszolar.hu\/2021\/03\/19\/uj-lakas-vagy-haz\/","og_site_name":"H\u00f3dszol\u00e1r","article_publisher":"https:\/\/www.facebook.com\/hodszolar","article_published_time":"2021-03-19T11:55:20+00:00","article_modified_time":"2021-05-12T07:29:49+00:00","og_image":[{"width":1534,"height":660,"url":"https:\/\/dev.kompaktdesign.hu\/hodszolar.hu\/wp-content\/uploads\/2021\/03\/uj-lakas-vagy-haz.jpg","type":"image\/jpeg"}],"author":"H\u00f3dszol\u00e1r Kft.","twitter_card":"summary_large_image","twitter_misc":{"Szerz\u0151:":"H\u00f3dszol\u00e1r Kft.","Becs\u00fclt olvas\u00e1si id\u0151":"7 perc"},"schema":{"@context":"https:\/\/schema.org","@graph":[{"@type":"Article","@id":"https:\/\/dev.kompaktdesign.hu\/hodszolar.hu\/2021\/03\/19\/uj-lakas-vagy-haz\/#article","isPartOf":{"@id":"https:\/\/dev.kompaktdesign.hu\/hodszolar.hu\/2021\/03\/19\/uj-lakas-vagy-haz\/"},"author":{"name":"H\u00f3dszol\u00e1r Kft.","@id":"https:\/\/dev.kompaktdesign.hu\/hodszolar.hu\/#\/schema\/person\/a788af940a3d6b2829396312340dd08c"},"headline":"\u00daj lak\u00e1s vagy h\u00e1z?","datePublished":"2021-03-19T11:55:20+00:00","dateModified":"2021-05-12T07:29:49+00:00","mainEntityOfPage":{"@id":"https:\/\/dev.kompaktdesign.hu\/hodszolar.hu\/2021\/03\/19\/uj-lakas-vagy-haz\/"},"wordCount":1463,"commentCount":0,"publisher":{"@id":"https:\/\/dev.kompaktdesign.hu\/hodszolar.hu\/#organization"},"articleSection":["Egy\u00e9b kateg\u00f3ria"],"inLanguage":"hu","potentialAction":[{"@type":"CommentAction","name":"Comment","target":["https:\/\/dev.kompaktdesign.hu\/hodszolar.hu\/2021\/03\/19\/uj-lakas-vagy-haz\/#respond"]}]},{"@type":"WebPage","@id":"https:\/\/dev.kompaktdesign.hu\/hodszolar.hu\/2021\/03\/19\/uj-lakas-vagy-haz\/","url":"https:\/\/dev.kompaktdesign.hu\/hodszolar.hu\/2021\/03\/19\/uj-lakas-vagy-haz\/","name":"\u00daj lak\u00e1s vagy h\u00e1z? | H\u00f3dszol\u00e1r","isPartOf":{"@id":"https:\/\/dev.kompaktdesign.hu\/hodszolar.hu\/#website"},"datePublished":"2021-03-19T11:55:20+00:00","dateModified":"2021-05-12T07:29:49+00:00","breadcrumb":{"@id":"https:\/\/dev.kompaktdesign.hu\/hodszolar.hu\/2021\/03\/19\/uj-lakas-vagy-haz\/#breadcrumb"},"inLanguage":"hu","potentialAction":[{"@type":"ReadAction","target":["https:\/\/dev.kompaktdesign.hu\/hodszolar.hu\/2021\/03\/19\/uj-lakas-vagy-haz\/"]}]},{"@type":"BreadcrumbList","@id":"https:\/\/dev.kompaktdesign.hu\/hodszolar.hu\/2021\/03\/19\/uj-lakas-vagy-haz\/#breadcrumb","itemListElement":[{"@type":"ListItem","position":1,"name":"Kezd\u0151lap","item":"https:\/\/dev.kompaktdesign.hu\/hodszolar.hu\/"},{"@type":"ListItem","position":2,"name":"\u00daj lak\u00e1s vagy h\u00e1z?"}]},{"@type":"WebSite","@id":"https:\/\/dev.kompaktdesign.hu\/hodszolar.hu\/#website","url":"https:\/\/dev.kompaktdesign.hu\/hodszolar.hu\/","name":"H\u00f3dszol\u00e1r","description":"A v\u00e1s\u00e1rhelyi napelemes","publisher":{"@id":"https:\/\/dev.kompaktdesign.hu\/hodszolar.hu\/#organization"},"potentialAction":[{"@type":"SearchAction","target":{"@type":"EntryPoint","urlTemplate":"https:\/\/dev.kompaktdesign.hu\/hodszolar.hu\/?s={search_term_string}"},"query-input":"required name=search_term_string"}],"inLanguage":"hu"},{"@type":"Organization","@id":"https:\/\/dev.kompaktdesign.hu\/hodszolar.hu\/#organization","name":"H\u00f3dszol\u00e1r Kft.","url":"https:\/\/dev.kompaktdesign.hu\/hodszolar.hu\/","sameAs":["https:\/\/www.facebook.com\/hodszolar"],"logo":{"@type":"ImageObject","inLanguage":"hu","@id":"https:\/\/dev.kompaktdesign.hu\/hodszolar.hu\/#\/schema\/logo\/image\/","url":"https:\/\/dev.kompaktdesign.hu\/hodszolar.hu\/wp-content\/uploads\/2021\/05\/fvicon.png","contentUrl":"https:\/\/dev.kompaktdesign.hu\/hodszolar.hu\/wp-content\/uploads\/2021\/05\/fvicon.png","width":132,"height":132,"caption":"H\u00f3dszol\u00e1r Kft."},"image":{"@id":"https:\/\/dev.kompaktdesign.hu\/hodszolar.hu\/#\/schema\/logo\/image\/"}},{"@type":"Person","@id":"https:\/\/dev.kompaktdesign.hu\/hodszolar.hu\/#\/schema\/person\/a788af940a3d6b2829396312340dd08c","name":"H\u00f3dszol\u00e1r Kft.","image":{"@type":"ImageObject","inLanguage":"hu","@id":"https:\/\/dev.kompaktdesign.hu\/hodszolar.hu\/#\/schema\/person\/image\/","url":"https:\/\/secure.gravatar.com\/avatar\/38df000db6f2e93b7f0ccccf7714392424ca033738d34dfe71f19fdb70329830?s=96&d=mm&r=g","contentUrl":"https:\/\/secure.gravatar.com\/avatar\/38df000db6f2e93b7f0ccccf7714392424ca033738d34dfe71f19fdb70329830?s=96&d=mm&r=g","caption":"H\u00f3dszol\u00e1r Kft."},"url":"https:\/\/dev.kompaktdesign.hu\/hodszolar.hu\/author\/hodszolar\/"}]}},"_links":{"self":[{"href":"https:\/\/dev.kompaktdesign.hu\/hodszolar.hu\/wp-json\/wp\/v2\/posts\/97","targetHints":{"allow":["GET"]}}],"collection":[{"href":"https:\/\/dev.kompaktdesign.hu\/hodszolar.hu\/wp-json\/wp\/v2\/posts"}],"about":[{"href":"https:\/\/dev.kompaktdesign.hu\/hodszolar.hu\/wp-json\/wp\/v2\/types\/post"}],"author":[{"embeddable":true,"href":"https:\/\/dev.kompaktdesign.hu\/hodszolar.hu\/wp-json\/wp\/v2\/users\/3"}],"replies":[{"embeddable":true,"href":"https:\/\/dev.kompaktdesign.hu\/hodszolar.hu\/wp-json\/wp\/v2\/comments?post=97"}],"version-history":[{"count":5,"href":"https:\/\/dev.kompaktdesign.hu\/hodszolar.hu\/wp-json\/wp\/v2\/posts\/97\/revisions"}],"predecessor-version":[{"id":287,"href":"https:\/\/dev.kompaktdesign.hu\/hodszolar.hu\/wp-json\/wp\/v2\/posts\/97\/revisions\/287"}],"wp:featuredmedia":[{"embeddable":true,"href":"https:\/\/dev.kompaktdesign.hu\/hodszolar.hu\/wp-json\/wp\/v2\/media\/286"}],"wp:attachment":[{"href":"https:\/\/dev.kompaktdesign.hu\/hodszolar.hu\/wp-json\/wp\/v2\/media?parent=97"}],"wp:term":[{"taxonomy":"category","embeddable":true,"href":"https:\/\/dev.kompaktdesign.hu\/hodszolar.hu\/wp-json\/wp\/v2\/categories?post=97"},{"taxonomy":"post_tag","embeddable":true,"href":"https:\/\/dev.kompaktdesign.hu\/hodszolar.hu\/wp-json\/wp\/v2\/tags?post=97"}],"curies":[{"name":"wp","href":"https:\/\/api.w.org\/{rel}","templated":true}]}}